{"id":41940,"date":"2024-07-10T12:30:09","date_gmt":"2024-07-10T18:30:09","guid":{"rendered":"https:\/\/cuernavaca.gob.mx\/?p=41940"},"modified":"2024-07-10T14:20:32","modified_gmt":"2024-07-10T20:20:32","slug":"b1829-10-07-24-entrega-jose-luis-uriostegui-la-reconstruccion-de-la-avenida-domingo-diez-en-una-primera-etapa","status":"publish","type":"post","link":"https:\/\/cuernavaca.gob.mx\/?p=41940","title":{"rendered":"B1829 10\/07\/24 ENTREGA JOS\u00c9 LUIS URI\u00d3STEGUI LA RECONSTRUCCI\u00d3N DE LA AVENIDA DOMINGO DIEZ EN UNA PRIMERA ETAPA"},"content":{"rendered":"<p><strong>\u2022 El presidente municipal de Cuernavaca reiter\u00f3 el compromiso de continuar rescatando vialidades principales con obras que integran adem\u00e1s cambio de l\u00edneas de agua y banquetas<\/strong><\/p>\n<p><strong>\u2022 Para esta obra se destinaron siete millones 743 mil 684.14 pesos del Fondo de Infraestructura Regional Municipal 2023<\/strong><\/p>\n<p>Tras 30 a\u00f1os de no haber sido intervenida, el presidente municipal de Cuernavaca, Jos\u00e9 Luis Uri\u00f3stegui Salgado, inaugur\u00f3 la obra de reconstrucci\u00f3n de la avenida Domingo Diez en la colonia El Empleado que con una inversi\u00f3n de siete millones 743 mil 684.14 pesos del Fondo de Infraestructura Regional Municipal 2023 creado por el Congreso de Morelos, tambi\u00e9n se logr\u00f3 la sustituci\u00f3n de la tuber\u00eda de agua potable para garantizar el derecho al agua de los habitantes.<\/p>\n<p>Jos\u00e9 Luis Uri\u00f3stegui, puntualiz\u00f3 que, si bien los tiempos se desfasaron por situaciones que no se ten\u00eda previstas en el proyecto, hoy la obra fundamental que consiste en el cambio de tuber\u00eda de agua potable para evitar p\u00e9rdidas del vital l\u00edquido y el asfalto han concluido, se\u00f1alando que est\u00e1n buscando hacer esfuerzos econ\u00f3micos para continuar con la reparaci\u00f3n de la avenida, pero ahora en la zona norte hasta su intersecci\u00f3n con Poder Legislativo que es la zona m\u00e1s da\u00f1ada.<\/p>\n<p>Al dar la explicaci\u00f3n t\u00e9cnica de la obra, el secretario de Desarrollo Urbano y Obras P\u00fablicas, Demetrio Chavira de la Torre, detall\u00f3 que los trabajos consistieron en cuanto a la l\u00ednea de agua potable en el suministro e instalaci\u00f3n de tuber\u00eda PAD RD- 13.5 de seis pulgadas de di\u00e1metro en 480 metros lineales, el suministro e instalaci\u00f3n de tuber\u00eda PAD RD- 13.5 de cuatro pulgadas de di\u00e1metro en 215.05 metros lineales, la reposici\u00f3n de 25 tomas de cuatro pulgadas a \u00bd y de 38 tomas domiciliarias de \u00bd pulgada.<\/p>\n<p>Con relaci\u00f3n al reencarpetamiento se coloc\u00f3 una carpeta de siete cent\u00edmetros de espesor de concreto asf\u00e1ltico en caliente en seis mil 463.67 metros cuadrados, un tope reductor de velocidad en 36.15 metros, 143 vialetas reflejantes y se hizo el balizamiento correspondiente.<\/p>\n<p>Al uso de la palabra, el diputado local, \u00d3scar Cano Mondrag\u00f3n, reconoci\u00f3 si bien desde el Congreso del Estado han estado apoyando a la capital morelense al destinarle recursos econ\u00f3micos para la ejecuci\u00f3n de distintas obras como esta, el Gobierno Municipal ha privilegiado la eficiencia administrativa que ha dado como resultado la reducci\u00f3n de la deuda p\u00fablica, lo cual le da oxigenaci\u00f3n a la administraci\u00f3n para seguir invirtiendo en estos proyectos que tanto necesita la ciudad y que la pr\u00f3xima Legislatura deber\u00e1 de respaldar.<\/p>\n<p>A nombre del Cabildo, los regidores Patricia Torres Rosales y Fernando Carrillo Alvarado, reconocieron el trabajo hecho desde la administraci\u00f3n municipal para destinar los recursos a donde m\u00e1s se necesitan, atendiendo en este caso particularmente el tema de fugas de agua con la sustituci\u00f3n de tuber\u00eda que ten\u00eda m\u00e1s de 50 a\u00f1os de antig\u00fcedad como se registra en toda la ciudad, mejorando con ello la calidad de vida de la poblaci\u00f3n.<\/p>\n<p>En representaci\u00f3n de la comunidad, el presidente del Consejo de Participaci\u00f3n Social de la colonia El Empleado, Crist\u00f3bal Arag\u00f3n, subray\u00f3 que hoy en Cuernavaca se tiene un alcalde que escucha a la ciudadan\u00eda y que atiende las necesidades de la ciudad, como fue el caso de la avenida Domingo Diez, la cual fue modernizada despu\u00e9s de 30 a\u00f1os de no recibir mantenimiento y m\u00e1s de 50 a\u00f1os de antig\u00fcedad que ten\u00eda la l\u00ednea de agua principal de la colonia.<\/p>\n<p>Cabe mencionar que a la inauguraci\u00f3n de obra asistieron el diputado local, \u00c1ngel Adame Jim\u00e9nez; el coordinador del COPLADEMUN, Luis Enrique Mart\u00ednez Catal\u00e1n; la titular de la Delegaci\u00f3n Benito Ju\u00e1rez Garc\u00eda, Deyanira Hern\u00e1ndez Guti\u00e9rrez, as\u00ed como vecinos de la colonia El Empleado que fueron los invitados de honor y quienes expresaron su agradecimiento en voz de Martha Ortega, presidenta de la obra.<\/p>\n\n\t\t<style type=\"text\/css\">\n\t\t\t#gallery-1 {\n\t\t\t\tmargin: auto;\n\t\t\t}\n\t\t\t#gallery-1 .gallery-item {\n\t\t\t\tfloat: left;\n\t\t\t\tmargin-top: 10px;\n\t\t\t\ttext-align: center;\n\t\t\t\twidth: 33%;\n\t\t\t}\n\t\t\t#gallery-1 img {\n\t\t\t\tborder: 2px solid #cfcfcf;\n\t\t\t}\n\t\t\t#gallery-1 .gallery-caption {\n\t\t\t\tmargin-left: 0;\n\t\t\t}\n\t\t\t\/* see gallery_shortcode() in wp-includes\/media.php *\/\n\t\t<\/style>\n\t\t<div id='gallery-1' class='gallery galleryid-41940 gallery-columns-3 gallery-size-thumbnail'><dl class='gallery-item'>\n\t\t\t<dt class='gallery-icon landscape'>\n\t\t\t\t<a href='https:\/\/cuernavaca.gob.mx\/?attachment_id=41941'><img width=\"150\" height=\"150\" src=\"https:\/\/cuernavaca.gob.mx\/wp-content\/uploads\/2024\/07\/ENTREGA-JOSE\u0301-LUIS-URIO\u0301STEGUI-LA-RECONSTRUCCIO\u0301N-DE-LA-AVENIDA-DOMINGO-DIEZ-EN-UNA-PRIMERA-ETAPA-1-150x150.jpg\" class=\"attachment-thumbnail size-thumbnail\" alt=\"\" loading=\"lazy\" \/><\/a>\n\t\t\t<\/dt><\/dl><dl class='gallery-item'>\n\t\t\t<dt class='gallery-icon landscape'>\n\t\t\t\t<a href='https:\/\/cuernavaca.gob.mx\/?attachment_id=41942'><img width=\"150\" height=\"150\" src=\"https:\/\/cuernavaca.gob.mx\/wp-content\/uploads\/2024\/07\/ENTREGA-JOSE\u0301-LUIS-URIO\u0301STEGUI-LA-RECONSTRUCCIO\u0301N-DE-LA-AVENIDA-DOMINGO-DIEZ-EN-UNA-PRIMERA-ETAPA-2-150x150.jpg\" class=\"attachment-thumbnail size-thumbnail\" alt=\"\" loading=\"lazy\" \/><\/a>\n\t\t\t<\/dt><\/dl><dl class='gallery-item'>\n\t\t\t<dt class='gallery-icon landscape'>\n\t\t\t\t<a href='https:\/\/cuernavaca.gob.mx\/?attachment_id=41943'><img width=\"150\" height=\"150\" src=\"https:\/\/cuernavaca.gob.mx\/wp-content\/uploads\/2024\/07\/ENTREGA-JOSE\u0301-LUIS-URIO\u0301STEGUI-LA-RECONSTRUCCIO\u0301N-DE-LA-AVENIDA-DOMINGO-DIEZ-EN-UNA-PRIMERA-ETAPA-3-150x150.jpg\" class=\"attachment-thumbnail size-thumbnail\" alt=\"\" loading=\"lazy\" \/><\/a>\n\t\t\t<\/dt><\/dl><br style=\"clear: both\" \/><dl class='gallery-item'>\n\t\t\t<dt class='gallery-icon landscape'>\n\t\t\t\t<a href='https:\/\/cuernavaca.gob.mx\/?attachment_id=41944'><img width=\"150\" height=\"150\" src=\"https:\/\/cuernavaca.gob.mx\/wp-content\/uploads\/2024\/07\/ENTREGA-JOSE\u0301-LUIS-URIO\u0301STEGUI-LA-RECONSTRUCCIO\u0301N-DE-LA-AVENIDA-DOMINGO-DIEZ-EN-UNA-PRIMERA-ETAPA-4-150x150.jpg\" class=\"attachment-thumbnail size-thumbnail\" alt=\"\" loading=\"lazy\" \/><\/a>\n\t\t\t<\/dt><\/dl><dl class='gallery-item'>\n\t\t\t<dt class='gallery-icon portrait'>\n\t\t\t\t<a href='https:\/\/cuernavaca.gob.mx\/?attachment_id=41945'><img width=\"150\" height=\"150\" src=\"https:\/\/cuernavaca.gob.mx\/wp-content\/uploads\/2024\/07\/ENTREGA-JOSE\u0301-LUIS-URIO\u0301STEGUI-LA-RECONSTRUCCIO\u0301N-DE-LA-AVENIDA-DOMINGO-DIEZ-EN-UNA-PRIMERA-ETAPA-5-150x150.jpg\" class=\"attachment-thumbnail size-thumbnail\" alt=\"\" loading=\"lazy\" \/><\/a>\n\t\t\t<\/dt><\/dl><dl class='gallery-item'>\n\t\t\t<dt class='gallery-icon landscape'>\n\t\t\t\t<a href='https:\/\/cuernavaca.gob.mx\/?attachment_id=41946'><img width=\"150\" height=\"150\" src=\"https:\/\/cuernavaca.gob.mx\/wp-content\/uploads\/2024\/07\/ENTREGA-JOSE\u0301-LUIS-URIO\u0301STEGUI-LA-RECONSTRUCCIO\u0301N-DE-LA-AVENIDA-DOMINGO-DIEZ-EN-UNA-PRIMERA-ETAPA-6-150x150.jpg\" class=\"attachment-thumbnail size-thumbnail\" alt=\"\" loading=\"lazy\" \/><\/a>\n\t\t\t<\/dt><\/dl><br style=\"clear: both\" \/><dl class='gallery-item'>\n\t\t\t<dt class='gallery-icon landscape'>\n\t\t\t\t<a href='https:\/\/cuernavaca.gob.mx\/?attachment_id=41947'><img width=\"150\" height=\"150\" src=\"https:\/\/cuernavaca.gob.mx\/wp-content\/uploads\/2024\/07\/ENTREGA-JOSE\u0301-LUIS-URIO\u0301STEGUI-LA-RECONSTRUCCIO\u0301N-DE-LA-AVENIDA-DOMINGO-DIEZ-EN-UNA-PRIMERA-ETAPA-7-150x150.jpg\" class=\"attachment-thumbnail size-thumbnail\" alt=\"\" loading=\"lazy\" \/><\/a>\n\t\t\t<\/dt><\/dl><dl class='gallery-item'>\n\t\t\t<dt class='gallery-icon landscape'>\n\t\t\t\t<a href='https:\/\/cuernavaca.gob.mx\/?attachment_id=41948'><img width=\"150\" height=\"150\" src=\"https:\/\/cuernavaca.gob.mx\/wp-content\/uploads\/2024\/07\/ENTREGA-JOSE\u0301-LUIS-URIO\u0301STEGUI-LA-RECONSTRUCCIO\u0301N-DE-LA-AVENIDA-DOMINGO-DIEZ-EN-UNA-PRIMERA-ETAPA-8-150x150.jpg\" class=\"attachment-thumbnail size-thumbnail\" alt=\"\" loading=\"lazy\" \/><\/a>\n\t\t\t<\/dt><\/dl><dl class='gallery-item'>\n\t\t\t<dt class='gallery-icon landscape'>\n\t\t\t\t<a href='https:\/\/cuernavaca.gob.mx\/?attachment_id=41949'><img width=\"150\" height=\"150\" src=\"https:\/\/cuernavaca.gob.mx\/wp-content\/uploads\/2024\/07\/ENTREGA-JOSE\u0301-LUIS-URIO\u0301STEGUI-LA-RECONSTRUCCIO\u0301N-DE-LA-AVENIDA-DOMINGO-DIEZ-EN-UNA-PRIMERA-ETAPA-9-150x150.jpg\" class=\"attachment-thumbnail size-thumbnail\" alt=\"\" loading=\"lazy\" \/><\/a>\n\t\t\t<\/dt><\/dl><br style=\"clear: both\" \/><dl class='gallery-item'>\n\t\t\t<dt class='gallery-icon landscape'>\n\t\t\t\t<a href='https:\/\/cuernavaca.gob.mx\/?attachment_id=41950'><img width=\"150\" height=\"150\" src=\"https:\/\/cuernavaca.gob.mx\/wp-content\/uploads\/2024\/07\/ENTREGA-JOSE\u0301-LUIS-URIO\u0301STEGUI-LA-RECONSTRUCCIO\u0301N-DE-LA-AVENIDA-DOMINGO-DIEZ-EN-UNA-PRIMERA-ETAPA-10-150x150.jpg\" class=\"attachment-thumbnail size-thumbnail\" alt=\"\" loading=\"lazy\" \/><\/a>\n\t\t\t<\/dt><\/dl>\n\t\t\t<br style='clear: both' \/>\n\t\t<\/div>\n\n","protected":false},"excerpt":{"rendered":"<p>\u2022 El presidente municipal de Cuernavaca reiter\u00f3 el compromiso de continuar rescatando vialidades principales con obras que integran adem\u00e1s cambio de l\u00edneas de agua y banquetas \u2022 Para esta obra se destinaron siete millones 743 mil 684.14 pesos del Fondo de Infraestructura Regional Municipal 2023 Tras 30 a\u00f1os de no haber sido intervenida, el presidente [&hellip;]<\/p>\n","protected":false},"author":1,"featured_media":41949,"comment_status":"closed","ping_status":"open","sticky":false,"template":"","format":"standard","meta":[],"categories":[18],"tags":[916,1610,121,3448,120,206,1075,213,358,127],"aioseo_notices":[],"_links":{"self":[{"href":"https:\/\/cuernavaca.gob.mx\/index.php?rest_route=\/wp\/v2\/posts\/41940"}],"collection":[{"href":"https:\/\/cuernavaca.gob.mx\/index.php?rest_route=\/wp\/v2\/posts"}],"about":[{"href":"https:\/\/cuernavaca.gob.mx\/index.php?rest_route=\/wp\/v2\/types\/post"}],"author":[{"embeddable":true,"href":"https:\/\/cuernavaca.gob.mx\/index.php?rest_route=\/wp\/v2\/users\/1"}],"replies":[{"embeddable":true,"href":"https:\/\/cuernavaca.gob.mx\/index.php?rest_route=%2Fwp%2Fv2%2Fcomments&post=41940"}],"version-history":[{"count":1,"href":"https:\/\/cuernavaca.gob.mx\/index.php?rest_route=\/wp\/v2\/posts\/41940\/revisions"}],"predecessor-version":[{"id":41951,"href":"https:\/\/cuernavaca.gob.mx\/index.php?rest_route=\/wp\/v2\/posts\/41940\/revisions\/41951"}],"wp:featuredmedia":[{"embeddable":true,"href":"https:\/\/cuernavaca.gob.mx\/index.php?rest_route=\/wp\/v2\/media\/41949"}],"wp:attachment":[{"href":"https:\/\/cuernavaca.gob.mx\/index.php?rest_route=%2Fwp%2Fv2%2Fmedia&parent=41940"}],"wp:term":[{"taxonomy":"category","embeddable":true,"href":"https:\/\/cuernavaca.gob.mx\/index.php?rest_route=%2Fwp%2Fv2%2Fcategories&post=41940"},{"taxonomy":"post_tag","embeddable":true,"href":"https:\/\/cuernavaca.gob.mx\/index.php?rest_route=%2Fwp%2Fv2%2Ftags&post=41940"}],"curies":[{"name":"wp","href":"https:\/\/api.w.org\/{rel}","templated":true}]}}