{"id":41952,"date":"2024-07-09T18:00:33","date_gmt":"2024-07-10T00:00:33","guid":{"rendered":"https:\/\/cuernavaca.gob.mx\/?p=41952"},"modified":"2024-07-10T14:48:15","modified_gmt":"2024-07-10T20:48:15","slug":"b1828-09-07-24-entregara-el-ayuntamiento-de-cuernavaca-esta-semana-la-restauracion-del-arco-mayor-del-acueducto-de-gualupita","status":"publish","type":"post","link":"https:\/\/cuernavaca.gob.mx\/?p=41952","title":{"rendered":"B1828 09\/07\/24 ENTREGAR\u00c1 EL AYUNTAMIENTO DE CUERNAVACA ESTA SEMANA LA RESTAURACI\u00d3N DEL ARCO MAYOR DEL ACUEDUCTO DE GUALUPITA"},"content":{"rendered":"<p><strong>\u2022 En un trabajo coordinado con el INAH, el Gobierno Municipal restaur\u00f3 el arco mayor del acueducto ubicado en calle Carlos Cuaglia, obra que tuvo una inversi\u00f3n de recursos municipales<\/strong><\/p>\n<p><strong>El Ayuntamiento de Cuernavaca, a trav\u00e9s de la Secretar\u00eda de Desarrollo Urbano y Obras P\u00fablicas, se encuentra en la etapa final de los trabajos de restauraci\u00f3n del arco de Gualupita en la calle Carlos Cuaglia, que fue da\u00f1ado por el paso de un cami\u00f3n de carga y que fue intervenido en coordinaci\u00f3n con especialistas del Instituto Nacional de Antropolog\u00eda e Historia (INAH).<\/strong><\/p>\n<p>El secretario de Desarrollo Urbano y Obras P\u00fablicas, Demetrio Chavira de la Torre, inform\u00f3 que a la fecha se encuentran esperando que se consolide el material, es decir, que termine de fraguar para que la estructura que data del Siglo XVIII cuente con el soporte suficiente para quitar el entarimado que se coloc\u00f3 por los trabajos de apuntalamiento, por lo que plantean que esta semana el presidente municipal de Cuernavaca, Jos\u00e9 Luis Uri\u00f3stegui Salgado y el director del Centro INAH Morelos, V\u00edctor Hugo Valencia Valera, puedan entregar la obra.<\/p>\n<p>Cabe resaltar que entre los trabajos efectuados destacan el apuntalamiento con andamios de carga que evitaron un posible colapso, el dise\u00f1o de la cercha en piso como parte de la consolidaci\u00f3n de la estructura y el retiro de todo el material suelto derivado de los impactos que ha padecido a lo largo del tiempo para volverlo a coser piedra por piedra.<\/p>\n<p>Dentro del proyecto se consider\u00f3 la colocaci\u00f3n de arcos met\u00e1licos para evitar futuras afectaciones al acueducto considerado patrimonio de la naci\u00f3n, tanto en calle Carlos Cuaglia con una altura de 3.50 metros como en calle De Los Arcos que comunica con el circuito Adolfo L\u00f3pez Mateos, el cual tiene una altura de tres metros y en el que estar\u00e1 restringido el paso del transporte p\u00fablico que en su momento ocasion\u00f3 el colapso de la estructura, misma que ser\u00e1 colocada nuevamente una vez que se entregue la obra.<\/p>\n<p>El secretario de Desarrollo Urbano y Obras P\u00fablicas refiri\u00f3 que para el 2025, se plantea continuar con la restauraci\u00f3n completa del acueducto, presentando en su momento al Gobierno Federal el proyecto para que sean aprobados los fondos de rescate de esta obra que provey\u00f3 de agua potable al centro de Cuernavaca y que podr\u00e1 ser intervenida como ocurri\u00f3 en 2022 cuando con recursos del Programa Nacional de Reconstrucci\u00f3n a trav\u00e9s de la Secretar\u00eda de Cultura federal fue rehabilitado y restaurado el techo del Museo de la Ciudad de Cuernavaca (MuCiC) que registr\u00f3 afectaciones por el sismo del 19 de septiembre de 2017.<\/p>\n\n\t\t<style type=\"text\/css\">\n\t\t\t#gallery-1 {\n\t\t\t\tmargin: auto;\n\t\t\t}\n\t\t\t#gallery-1 .gallery-item {\n\t\t\t\tfloat: left;\n\t\t\t\tmargin-top: 10px;\n\t\t\t\ttext-align: center;\n\t\t\t\twidth: 33%;\n\t\t\t}\n\t\t\t#gallery-1 img {\n\t\t\t\tborder: 2px solid #cfcfcf;\n\t\t\t}\n\t\t\t#gallery-1 .gallery-caption {\n\t\t\t\tmargin-left: 0;\n\t\t\t}\n\t\t\t\/* see gallery_shortcode() in wp-includes\/media.php *\/\n\t\t<\/style>\n\t\t<div id='gallery-1' class='gallery galleryid-41952 gallery-columns-3 gallery-size-thumbnail'><dl class='gallery-item'>\n\t\t\t<dt class='gallery-icon landscape'>\n\t\t\t\t<a href='https:\/\/cuernavaca.gob.mx\/?attachment_id=41953'><img width=\"150\" height=\"150\" src=\"https:\/\/cuernavaca.gob.mx\/wp-content\/uploads\/2024\/07\/ENTREGARA\u0301-EL-AYUNTAMIENTO-DE-CUERNAVACA-ESTA-SEMANA-LA-RESTAURACIO\u0301N-DEL-ARCO-MAYOR-DEL-ACUEDUCTO-DE-GUALUPITA-1-150x150.jpg\" class=\"attachment-thumbnail size-thumbnail\" alt=\"\" loading=\"lazy\" \/><\/a>\n\t\t\t<\/dt><\/dl><dl class='gallery-item'>\n\t\t\t<dt class='gallery-icon landscape'>\n\t\t\t\t<a href='https:\/\/cuernavaca.gob.mx\/?attachment_id=41954'><img width=\"150\" height=\"150\" src=\"https:\/\/cuernavaca.gob.mx\/wp-content\/uploads\/2024\/07\/ENTREGARA\u0301-EL-AYUNTAMIENTO-DE-CUERNAVACA-ESTA-SEMANA-LA-RESTAURACIO\u0301N-DEL-ARCO-MAYOR-DEL-ACUEDUCTO-DE-GUALUPITA-2-150x150.jpg\" class=\"attachment-thumbnail size-thumbnail\" alt=\"\" loading=\"lazy\" \/><\/a>\n\t\t\t<\/dt><\/dl><dl class='gallery-item'>\n\t\t\t<dt class='gallery-icon landscape'>\n\t\t\t\t<a href='https:\/\/cuernavaca.gob.mx\/?attachment_id=41955'><img width=\"150\" height=\"150\" src=\"https:\/\/cuernavaca.gob.mx\/wp-content\/uploads\/2024\/07\/ENTREGARA\u0301-EL-AYUNTAMIENTO-DE-CUERNAVACA-ESTA-SEMANA-LA-RESTAURACIO\u0301N-DEL-ARCO-MAYOR-DEL-ACUEDUCTO-DE-GUALUPITA-3-150x150.jpg\" class=\"attachment-thumbnail size-thumbnail\" alt=\"\" loading=\"lazy\" \/><\/a>\n\t\t\t<\/dt><\/dl><br style=\"clear: both\" \/>\n\t\t<\/div>\n\n","protected":false},"excerpt":{"rendered":"<p>\u2022 En un trabajo coordinado con el INAH, el Gobierno Municipal restaur\u00f3 el arco mayor del acueducto ubicado en calle Carlos Cuaglia, obra que tuvo una inversi\u00f3n de recursos municipales El Ayuntamiento de Cuernavaca, a trav\u00e9s de la Secretar\u00eda de Desarrollo Urbano y Obras P\u00fablicas, se encuentra en la etapa final de los trabajos de [&hellip;]<\/p>\n","protected":false},"author":1,"featured_media":41955,"comment_status":"closed","ping_status":"open","sticky":false,"template":"","format":"standard","meta":[],"categories":[18],"tags":[3631,121,1071,120,206,1075,213,3722,127],"aioseo_notices":[],"_links":{"self":[{"href":"https:\/\/cuernavaca.gob.mx\/index.php?rest_route=\/wp\/v2\/posts\/41952"}],"collection":[{"href":"https:\/\/cuernavaca.gob.mx\/index.php?rest_route=\/wp\/v2\/posts"}],"about":[{"href":"https:\/\/cuernavaca.gob.mx\/index.php?rest_route=\/wp\/v2\/types\/post"}],"author":[{"embeddable":true,"href":"https:\/\/cuernavaca.gob.mx\/index.php?rest_route=\/wp\/v2\/users\/1"}],"replies":[{"embeddable":true,"href":"https:\/\/cuernavaca.gob.mx\/index.php?rest_route=%2Fwp%2Fv2%2Fcomments&post=41952"}],"version-history":[{"count":1,"href":"https:\/\/cuernavaca.gob.mx\/index.php?rest_route=\/wp\/v2\/posts\/41952\/revisions"}],"predecessor-version":[{"id":41956,"href":"https:\/\/cuernavaca.gob.mx\/index.php?rest_route=\/wp\/v2\/posts\/41952\/revisions\/41956"}],"wp:featuredmedia":[{"embeddable":true,"href":"https:\/\/cuernavaca.gob.mx\/index.php?rest_route=\/wp\/v2\/media\/41955"}],"wp:attachment":[{"href":"https:\/\/cuernavaca.gob.mx\/index.php?rest_route=%2Fwp%2Fv2%2Fmedia&parent=41952"}],"wp:term":[{"taxonomy":"category","embeddable":true,"href":"https:\/\/cuernavaca.gob.mx\/index.php?rest_route=%2Fwp%2Fv2%2Fcategories&post=41952"},{"taxonomy":"post_tag","embeddable":true,"href":"https:\/\/cuernavaca.gob.mx\/index.php?rest_route=%2Fwp%2Fv2%2Ftags&post=41952"}],"curies":[{"name":"wp","href":"https:\/\/api.w.org\/{rel}","templated":true}]}}