{"id":41957,"date":"2024-07-10T14:52:48","date_gmt":"2024-07-10T20:52:48","guid":{"rendered":"https:\/\/cuernavaca.gob.mx\/?p=41957"},"modified":"2024-07-10T14:52:48","modified_gmt":"2024-07-10T20:52:48","slug":"b1830-10-07-24-iniciativa-privada-suma-esfuerzos-con-el-ayuntamiento-de-cuernavaca-para-dar-seguridad-peatonal-para-cruzar-entre-plaza-averanda-a-la-comer","status":"publish","type":"post","link":"https:\/\/cuernavaca.gob.mx\/?p=41957","title":{"rendered":"B1830 10\/07\/24 INICIATIVA PRIVADA SUMA ESFUERZOS CON EL AYUNTAMIENTO DE CUERNAVACA PARA DAR SEGURIDAD PEATONAL PARA CRUZAR ENTRE PLAZA AVERANDA A LA COMER"},"content":{"rendered":"<p><strong>\u2022 El presidente municipal Jos\u00e9 Luis Uri\u00f3stegui y directivos de estas plazas inauguraron escaleras que permiten a visitantes y trabajadores un tr\u00e1nsito seguro<\/strong><\/p>\n<p>Como parte de un trabajo coordinado entre la Plaza Comercial Averanda, Grupo Comercial y el Ayuntamiento de Cuernavaca, se inaugur\u00f3 del paso peatonal Averanda- La Comer que, no solo mejorar\u00e1 la movilidad del \u00e1rea, sino que proporciona un acceso seguro para los ciudadanos que transitan, quienes hasta hace algunos d\u00edas cruzaban por el acotamiento de la autopista poniendo en riesgo su integridad f\u00edsica.<\/p>\n<p>El presidente municipal, Jos\u00e9 Luis Uri\u00f3stegui Salgado, expres\u00f3 su reconocimiento a estas dos empresas que aportaron recursos econ\u00f3micos para la adquisici\u00f3n de material y la construcci\u00f3n de estas escaleras que atienden una necesidad importante para los peatones.<\/p>\n<p>Por su lado, el gerente de Operaciones de la Comer, Juan Carlos Asencio, resalt\u00f3 como desde el Ayuntamiento se pueden realizar cosas positivas a favor de la comunidad, bastando \u00fanicamente la conjunci\u00f3n y voluntad de esfuerzos con la iniciativa privada para generar acciones que beneficien a la sociedad, logrando en este caso consolidar un espacio que har\u00e1 m\u00e1s seguro el transitar de la ciudadan\u00eda.<\/p>\n<p>Sobre esta obra, la directora del Instituto de la Mujer de Cuernavaca (IMC), Lorena Castillo Castillo, quien fue una de las promoventes del proyecto, a\u00f1adi\u00f3 que esta obra fue hecha con una perspectiva de g\u00e9nero y comunitaria con el objetivo de crear espacios que beneficien y brinden seguridad, tanto a las mujeres como a los hombres, que en pocos minutos demostraron la utilidad de las escaleras.<\/p>\n<p>Cabe mencionar que las escaleras se encuentran ubicadas a un costado de la autopista, entre la entrada del estacionamiento de plaza Averanda y el estacionamiento de la Comer.<\/p>\n\n\t\t<style type=\"text\/css\">\n\t\t\t#gallery-1 {\n\t\t\t\tmargin: auto;\n\t\t\t}\n\t\t\t#gallery-1 .gallery-item {\n\t\t\t\tfloat: left;\n\t\t\t\tmargin-top: 10px;\n\t\t\t\ttext-align: center;\n\t\t\t\twidth: 33%;\n\t\t\t}\n\t\t\t#gallery-1 img {\n\t\t\t\tborder: 2px solid #cfcfcf;\n\t\t\t}\n\t\t\t#gallery-1 .gallery-caption {\n\t\t\t\tmargin-left: 0;\n\t\t\t}\n\t\t\t\/* see gallery_shortcode() in wp-includes\/media.php *\/\n\t\t<\/style>\n\t\t<div id='gallery-1' class='gallery galleryid-41957 gallery-columns-3 gallery-size-thumbnail'><dl class='gallery-item'>\n\t\t\t<dt class='gallery-icon landscape'>\n\t\t\t\t<a href='https:\/\/cuernavaca.gob.mx\/?attachment_id=41958'><img width=\"150\" height=\"150\" src=\"https:\/\/cuernavaca.gob.mx\/wp-content\/uploads\/2024\/07\/INICIATIVA-PRIVADA-SUMA-ESFUERZOS-CON-EL-AYUNTAMIENTO-DE-CUERNAVACA-PARA-DAR-SEGURIDAD-PEATONAL-PARA-CRUZAR-ENTRE-PLAZA-AVERANDA-A-LA-COMER-1-150x150.jpg\" class=\"attachment-thumbnail size-thumbnail\" alt=\"\" loading=\"lazy\" \/><\/a>\n\t\t\t<\/dt><\/dl><dl class='gallery-item'>\n\t\t\t<dt class='gallery-icon landscape'>\n\t\t\t\t<a href='https:\/\/cuernavaca.gob.mx\/?attachment_id=41959'><img width=\"150\" height=\"150\" src=\"https:\/\/cuernavaca.gob.mx\/wp-content\/uploads\/2024\/07\/INICIATIVA-PRIVADA-SUMA-ESFUERZOS-CON-EL-AYUNTAMIENTO-DE-CUERNAVACA-PARA-DAR-SEGURIDAD-PEATONAL-PARA-CRUZAR-ENTRE-PLAZA-AVERANDA-A-LA-COMER-2-150x150.jpg\" class=\"attachment-thumbnail size-thumbnail\" alt=\"\" loading=\"lazy\" \/><\/a>\n\t\t\t<\/dt><\/dl><dl class='gallery-item'>\n\t\t\t<dt class='gallery-icon landscape'>\n\t\t\t\t<a href='https:\/\/cuernavaca.gob.mx\/?attachment_id=41960'><img width=\"150\" height=\"150\" src=\"https:\/\/cuernavaca.gob.mx\/wp-content\/uploads\/2024\/07\/INICIATIVA-PRIVADA-SUMA-ESFUERZOS-CON-EL-AYUNTAMIENTO-DE-CUERNAVACA-PARA-DAR-SEGURIDAD-PEATONAL-PARA-CRUZAR-ENTRE-PLAZA-AVERANDA-A-LA-COMER-3-150x150.jpg\" class=\"attachment-thumbnail size-thumbnail\" alt=\"\" loading=\"lazy\" \/><\/a>\n\t\t\t<\/dt><\/dl><br style=\"clear: both\" \/><dl class='gallery-item'>\n\t\t\t<dt class='gallery-icon landscape'>\n\t\t\t\t<a href='https:\/\/cuernavaca.gob.mx\/?attachment_id=41961'><img width=\"150\" height=\"150\" src=\"https:\/\/cuernavaca.gob.mx\/wp-content\/uploads\/2024\/07\/INICIATIVA-PRIVADA-SUMA-ESFUERZOS-CON-EL-AYUNTAMIENTO-DE-CUERNAVACA-PARA-DAR-SEGURIDAD-PEATONAL-PARA-CRUZAR-ENTRE-PLAZA-AVERANDA-A-LA-COMER-4-150x150.jpg\" class=\"attachment-thumbnail size-thumbnail\" alt=\"\" loading=\"lazy\" \/><\/a>\n\t\t\t<\/dt><\/dl><dl class='gallery-item'>\n\t\t\t<dt class='gallery-icon landscape'>\n\t\t\t\t<a href='https:\/\/cuernavaca.gob.mx\/?attachment_id=41962'><img width=\"150\" height=\"150\" src=\"https:\/\/cuernavaca.gob.mx\/wp-content\/uploads\/2024\/07\/INICIATIVA-PRIVADA-SUMA-ESFUERZOS-CON-EL-AYUNTAMIENTO-DE-CUERNAVACA-PARA-DAR-SEGURIDAD-PEATONAL-PARA-CRUZAR-ENTRE-PLAZA-AVERANDA-A-LA-COMER-5-150x150.jpg\" class=\"attachment-thumbnail size-thumbnail\" alt=\"\" loading=\"lazy\" \/><\/a>\n\t\t\t<\/dt><\/dl>\n\t\t\t<br style='clear: both' \/>\n\t\t<\/div>\n\n","protected":false},"excerpt":{"rendered":"<p>\u2022 El presidente municipal Jos\u00e9 Luis Uri\u00f3stegui y directivos de estas plazas inauguraron escaleras que permiten a visitantes y trabajadores un tr\u00e1nsito seguro Como parte de un trabajo coordinado entre la Plaza Comercial Averanda, Grupo Comercial y el Ayuntamiento de Cuernavaca, se inaugur\u00f3 del paso peatonal Averanda- La Comer que, no solo mejorar\u00e1 la movilidad [&hellip;]<\/p>\n","protected":false},"author":1,"featured_media":41962,"comment_status":"closed","ping_status":"open","sticky":false,"template":"","format":"standard","meta":[],"categories":[18],"tags":[121,120,206,1075,213,127,1733],"aioseo_notices":[],"_links":{"self":[{"href":"https:\/\/cuernavaca.gob.mx\/index.php?rest_route=\/wp\/v2\/posts\/41957"}],"collection":[{"href":"https:\/\/cuernavaca.gob.mx\/index.php?rest_route=\/wp\/v2\/posts"}],"about":[{"href":"https:\/\/cuernavaca.gob.mx\/index.php?rest_route=\/wp\/v2\/types\/post"}],"author":[{"embeddable":true,"href":"https:\/\/cuernavaca.gob.mx\/index.php?rest_route=\/wp\/v2\/users\/1"}],"replies":[{"embeddable":true,"href":"https:\/\/cuernavaca.gob.mx\/index.php?rest_route=%2Fwp%2Fv2%2Fcomments&post=41957"}],"version-history":[{"count":1,"href":"https:\/\/cuernavaca.gob.mx\/index.php?rest_route=\/wp\/v2\/posts\/41957\/revisions"}],"predecessor-version":[{"id":41963,"href":"https:\/\/cuernavaca.gob.mx\/index.php?rest_route=\/wp\/v2\/posts\/41957\/revisions\/41963"}],"wp:featuredmedia":[{"embeddable":true,"href":"https:\/\/cuernavaca.gob.mx\/index.php?rest_route=\/wp\/v2\/media\/41962"}],"wp:attachment":[{"href":"https:\/\/cuernavaca.gob.mx\/index.php?rest_route=%2Fwp%2Fv2%2Fmedia&parent=41957"}],"wp:term":[{"taxonomy":"category","embeddable":true,"href":"https:\/\/cuernavaca.gob.mx\/index.php?rest_route=%2Fwp%2Fv2%2Fcategories&post=41957"},{"taxonomy":"post_tag","embeddable":true,"href":"https:\/\/cuernavaca.gob.mx\/index.php?rest_route=%2Fwp%2Fv2%2Ftags&post=41957"}],"curies":[{"name":"wp","href":"https:\/\/api.w.org\/{rel}","templated":true}]}}