{"id":42126,"date":"2024-07-13T14:15:20","date_gmt":"2024-07-13T20:15:20","guid":{"rendered":"https:\/\/cuernavaca.gob.mx\/?p=42126"},"modified":"2024-07-13T14:44:00","modified_gmt":"2024-07-13T20:44:00","slug":"b1837-13-07-24-el-sapac-ha-comenzado-a-estabilizar-sus-finanzas-que-se-vera-reflejado-en-mejores-servicios-a-la-poblacion","status":"publish","type":"post","link":"https:\/\/cuernavaca.gob.mx\/?p=42126","title":{"rendered":"B1837 13\/07\/24 EL SAPAC HA COMENZADO A ESTABILIZAR SUS FINANZAS QUE SE VER\u00c1 REFLEJADO EN MEJORES SERVICIOS A LA POBLACI\u00d3N"},"content":{"rendered":"<p><strong>\u2022 La directora general del organismo, Evelia Flores y el director comercial del organismo, \u00d3scar Gonz\u00e1lez, informaron en Comisi\u00f3n de Regidores mejoras en la cobranza<\/strong><\/p>\n<p>El Sistema de Agua Potable y Alcantarillado de Cuernavaca (SAPAC) ha logrado desde el 2022 al 2024, recuperar la confianza de la poblaci\u00f3n mejorando la eficiencia en la cobranza que ha dado como resultado la disminuci\u00f3n de la morosidad de los usuarios, restaurando tomas que estaban sin medidor para garantizar un cobro justo y transparente.<\/p>\n<p>Esto fue informado por la directora general de SAPAC, Evelia Flores Hern\u00e1ndez y el director comercial del organismo, \u00d3scar Gonz\u00e1lez Bahena, quienes rindieron un informe trimestral de las actividades de la Direcci\u00f3n Comercial ante la Comisi\u00f3n de Coordinaci\u00f3n de Organismos Descentralizados presidida por la regidora Wendy Salinas Ruiz.<\/p>\n<p>Durante la comparecencia, \u00d3scar Gonz\u00e1lez, director comercial del SAPAC destac\u00f3 que derivado de las estrategias para mejorar la eficiencia en la cobranza hoy pueden confirmar que m\u00e1s personas est\u00e1n cumpliendo con el pago de sus recibos de agua de manera oportuna, registrando m\u00e1s del 16 por ciento de ingresos en cartera vencida, al priorizar la mejora en la atenci\u00f3n al cliente como es acortar los tiempos de espera y atender en un menor tiempo sus peticiones, lo cual ha reducido la morosidad que se ten\u00eda de usuarios.<\/p>\n<p>Otro rubro fundamental a resaltar fue la instalaci\u00f3n de medidores, se\u00f1alando que en Cuernavaca se presenta una cantidad exorbitante de tomas sin medidor, por lo que, bajo la instrucci\u00f3n del presidente municipal, Jos\u00e9 Luis Uri\u00f3stegui Salgado y de la Junta de Gobierno SAPAC est\u00e1 garantizando un cobro justo y transparente a los usuarios, cobrando \u00fanicamente lo que consumen y que est\u00e1 debidamente justificado; precis\u00f3 que mientras en la administraci\u00f3n anterior instalaron menos de mil 500 medidores, en la actualidad han instalado casi ocho mil medidores.<\/p>\n<p>La regidora presidenta de la Comisi\u00f3n de Coordinaci\u00f3n de Organismos Descentralizados, Wendy Salinas Ruiz, felicit\u00f3 a SAPAC por los trabajos que han realizado para estabilizar al organismo, solventando deudas hist\u00f3ricas con distintas instituciones, como el SAT, Conagua y la misma CFE, en este \u00faltimo caso dando cumplimiento al pago por concepto de energ\u00eda el\u00e9ctrica que le corresponde a la administraci\u00f3n que se ha traducido en mejoras para los habitantes.<\/p>\n\n\t\t<style type=\"text\/css\">\n\t\t\t#gallery-1 {\n\t\t\t\tmargin: auto;\n\t\t\t}\n\t\t\t#gallery-1 .gallery-item {\n\t\t\t\tfloat: left;\n\t\t\t\tmargin-top: 10px;\n\t\t\t\ttext-align: center;\n\t\t\t\twidth: 33%;\n\t\t\t}\n\t\t\t#gallery-1 img {\n\t\t\t\tborder: 2px solid #cfcfcf;\n\t\t\t}\n\t\t\t#gallery-1 .gallery-caption {\n\t\t\t\tmargin-left: 0;\n\t\t\t}\n\t\t\t\/* see gallery_shortcode() in wp-includes\/media.php *\/\n\t\t<\/style>\n\t\t<div id='gallery-1' class='gallery galleryid-42126 gallery-columns-3 gallery-size-thumbnail'><dl class='gallery-item'>\n\t\t\t<dt class='gallery-icon landscape'>\n\t\t\t\t<a href='https:\/\/cuernavaca.gob.mx\/?attachment_id=42127'><img width=\"150\" height=\"150\" src=\"https:\/\/cuernavaca.gob.mx\/wp-content\/uploads\/2024\/07\/EL-SAPAC-HA-COMENZADO-A-ESTABILIZAR-SUS-FINANZAS-QUE-SE-VERA\u0301-REFLEJADO-EN-MEJORES-SERVICIOS-A-LA-POBLACIO\u0301N-1-150x150.jpg\" class=\"attachment-thumbnail size-thumbnail\" alt=\"\" loading=\"lazy\" \/><\/a>\n\t\t\t<\/dt><\/dl><dl class='gallery-item'>\n\t\t\t<dt class='gallery-icon landscape'>\n\t\t\t\t<a href='https:\/\/cuernavaca.gob.mx\/?attachment_id=42128'><img width=\"150\" height=\"150\" src=\"https:\/\/cuernavaca.gob.mx\/wp-content\/uploads\/2024\/07\/EL-SAPAC-HA-COMENZADO-A-ESTABILIZAR-SUS-FINANZAS-QUE-SE-VERA\u0301-REFLEJADO-EN-MEJORES-SERVICIOS-A-LA-POBLACIO\u0301N-2-150x150.jpg\" class=\"attachment-thumbnail size-thumbnail\" alt=\"\" loading=\"lazy\" \/><\/a>\n\t\t\t<\/dt><\/dl><dl class='gallery-item'>\n\t\t\t<dt class='gallery-icon landscape'>\n\t\t\t\t<a href='https:\/\/cuernavaca.gob.mx\/?attachment_id=42129'><img width=\"150\" height=\"150\" src=\"https:\/\/cuernavaca.gob.mx\/wp-content\/uploads\/2024\/07\/EL-SAPAC-HA-COMENZADO-A-ESTABILIZAR-SUS-FINANZAS-QUE-SE-VERA\u0301-REFLEJADO-EN-MEJORES-SERVICIOS-A-LA-POBLACIO\u0301N-3-150x150.jpg\" class=\"attachment-thumbnail size-thumbnail\" alt=\"\" loading=\"lazy\" \/><\/a>\n\t\t\t<\/dt><\/dl><br style=\"clear: both\" \/><dl class='gallery-item'>\n\t\t\t<dt class='gallery-icon landscape'>\n\t\t\t\t<a href='https:\/\/cuernavaca.gob.mx\/?attachment_id=42130'><img width=\"150\" height=\"150\" src=\"https:\/\/cuernavaca.gob.mx\/wp-content\/uploads\/2024\/07\/EL-SAPAC-HA-COMENZADO-A-ESTABILIZAR-SUS-FINANZAS-QUE-SE-VERA\u0301-REFLEJADO-EN-MEJORES-SERVICIOS-A-LA-POBLACIO\u0301N-4-150x150.jpg\" class=\"attachment-thumbnail size-thumbnail\" alt=\"\" loading=\"lazy\" \/><\/a>\n\t\t\t<\/dt><\/dl><dl class='gallery-item'>\n\t\t\t<dt class='gallery-icon landscape'>\n\t\t\t\t<a href='https:\/\/cuernavaca.gob.mx\/?attachment_id=42131'><img width=\"150\" height=\"150\" src=\"https:\/\/cuernavaca.gob.mx\/wp-content\/uploads\/2024\/07\/EL-SAPAC-HA-COMENZADO-A-ESTABILIZAR-SUS-FINANZAS-QUE-SE-VERA\u0301-REFLEJADO-EN-MEJORES-SERVICIOS-A-LA-POBLACIO\u0301N-5-150x150.jpg\" class=\"attachment-thumbnail size-thumbnail\" alt=\"\" loading=\"lazy\" \/><\/a>\n\t\t\t<\/dt><\/dl>\n\t\t\t<br style='clear: both' \/>\n\t\t<\/div>\n\n","protected":false},"excerpt":{"rendered":"<p>\u2022 La directora general del organismo, Evelia Flores y el director comercial del organismo, \u00d3scar Gonz\u00e1lez, informaron en Comisi\u00f3n de Regidores mejoras en la cobranza El Sistema de Agua Potable y Alcantarillado de Cuernavaca (SAPAC) ha logrado desde el 2022 al 2024, recuperar la confianza de la poblaci\u00f3n mejorando la eficiencia en la cobranza que [&hellip;]<\/p>\n","protected":false},"author":1,"featured_media":42129,"comment_status":"closed","ping_status":"open","sticky":false,"template":"","format":"standard","meta":[],"categories":[145],"tags":[395,615,121,301,120,206,1075,127,1617,138],"aioseo_notices":[],"_links":{"self":[{"href":"https:\/\/cuernavaca.gob.mx\/index.php?rest_route=\/wp\/v2\/posts\/42126"}],"collection":[{"href":"https:\/\/cuernavaca.gob.mx\/index.php?rest_route=\/wp\/v2\/posts"}],"about":[{"href":"https:\/\/cuernavaca.gob.mx\/index.php?rest_route=\/wp\/v2\/types\/post"}],"author":[{"embeddable":true,"href":"https:\/\/cuernavaca.gob.mx\/index.php?rest_route=\/wp\/v2\/users\/1"}],"replies":[{"embeddable":true,"href":"https:\/\/cuernavaca.gob.mx\/index.php?rest_route=%2Fwp%2Fv2%2Fcomments&post=42126"}],"version-history":[{"count":1,"href":"https:\/\/cuernavaca.gob.mx\/index.php?rest_route=\/wp\/v2\/posts\/42126\/revisions"}],"predecessor-version":[{"id":42132,"href":"https:\/\/cuernavaca.gob.mx\/index.php?rest_route=\/wp\/v2\/posts\/42126\/revisions\/42132"}],"wp:featuredmedia":[{"embeddable":true,"href":"https:\/\/cuernavaca.gob.mx\/index.php?rest_route=\/wp\/v2\/media\/42129"}],"wp:attachment":[{"href":"https:\/\/cuernavaca.gob.mx\/index.php?rest_route=%2Fwp%2Fv2%2Fmedia&parent=42126"}],"wp:term":[{"taxonomy":"category","embeddable":true,"href":"https:\/\/cuernavaca.gob.mx\/index.php?rest_route=%2Fwp%2Fv2%2Fcategories&post=42126"},{"taxonomy":"post_tag","embeddable":true,"href":"https:\/\/cuernavaca.gob.mx\/index.php?rest_route=%2Fwp%2Fv2%2Ftags&post=42126"}],"curies":[{"name":"wp","href":"https:\/\/api.w.org\/{rel}","templated":true}]}}