{"id":42133,"date":"2024-07-14T15:00:26","date_gmt":"2024-07-14T21:00:26","guid":{"rendered":"https:\/\/cuernavaca.gob.mx\/?p=42133"},"modified":"2024-07-14T16:29:35","modified_gmt":"2024-07-14T22:29:35","slug":"b1838-14-07-24-jose-luis-uriostegui-da-banderazo-de-arranque-a-la-obra-de-rehabilitacion-de-la-linea-de-agua-potable-de-la-calle-san-jeronimo","status":"publish","type":"post","link":"https:\/\/cuernavaca.gob.mx\/?p=42133","title":{"rendered":"B1838 14\/07\/24 JOS\u00c9 LUIS URI\u00d3STEGUI DA BANDERAZO DE ARRANQUE A LA OBRA DE REHABILITACI\u00d3N DE LA L\u00cdNEA DE AGUA POTABLE DE LA CALLE SAN JER\u00d3NIMO\u00a0"},"content":{"rendered":"<div><strong>\u2022 Para esta obra se destin\u00f3 una inversi\u00f3n de seis millones 793 mil 526.45 pesos del Fondo de Aportaciones para la Infraestructura Social Municipal (FAISMUN)<\/strong><\/div>\n<div><\/div>\n<div><strong>\u2022 Con ello se atiende una de las necesidades m\u00e1s apremiantes de la comunidad que por a\u00f1os padecieron el abandono de las autoridades\u00a0<\/strong><\/div>\n<div><\/div>\n<div>Tras a\u00f1os de abandono y falta de mantenimiento, el Ayuntamiento de Cuernavaca est\u00e1 rehabilitando con tuber\u00eda PEAD de \u00faltima generaci\u00f3n un total de mil 234 metros de la l\u00ednea de agua potable de la calle San Jer\u00f3nimo en el poblado de Tlaltenango que permitir\u00e1 mejorar el servicio de distribuci\u00f3n a m\u00e1s de tres mil personas y a la comunidad educativa que aqu\u00ed se asienta.<\/div>\n<div><\/div>\n<div>Al encabezar el banderazo de arranque de la obra, el presidente municipal, Jos\u00e9 Luis Uri\u00f3stegui Salgado, enfatiz\u00f3 la relevancia que tiene este proyecto para atender una necesidad urgente de la comunidad en esta zona de la ciudad que evitar\u00e1 la perdida de l\u00edquido y proporcionar\u00e1 mayor volumen de agua a donde se requiere luego de varios a\u00f1os de abandono e inclusive de padecer las malas obras hechas en la administraci\u00f3n anterior que no se concluyeron o se concluyeron mal.<\/div>\n<div><\/div>\n<div><\/div>\n<div>Con una inversi\u00f3n de seis millones 793 mil 526.45 pesos del Fondo de Aportaciones para la Infraestructura Social Municipal (FAISMUN), el secretario de Desarrollo Urbano y Obras P\u00fablicas, Demetrio Chavira de la Torre, inform\u00f3 que los trabajos contemplan el relleno con material compactado, el suministro e instalaci\u00f3n de 17 v\u00e1lvulas de compuerta v\u00e1stago fijo, la caja para operaci\u00f3n de v\u00e1lvulas tipo 1, 2 y 3 en 17 piezas.<\/div>\n<div><\/div>\n<div>Aunado a ello, precis\u00f3 que llevar\u00e1n a cabo la reposici\u00f3n de 237 tomas domiciliarias para concluir con el pavimento de 15 cent\u00edmetros de espesor de concreto premezclado con una resistencia de 250 kg\/cm2 en 987.20 metros cuadrados.<\/div>\n<div><\/div>\n<div>A nombre del Cabildo, la regidora Paz Hern\u00e1ndez Pardo, refiri\u00f3 que con esta obra refrendan el compromiso de la administraci\u00f3n para atender las peticiones m\u00e1s urgentes, necesarias y prioritarias para la ciudad, complementando una serie de acciones de mejora que se han realizado en el poblado de Tlaltenango como es el cambio de luminarias que en conjunto brindar\u00e1n una movilidad m\u00e1s segura a la poblaci\u00f3n.<\/div>\n<div><\/div>\n<div>Por \u00faltimo, Norma Calder\u00f3n, vecina de la calle San Jer\u00f3nimo, manifest\u00f3 su agradecimiento por esta obra que atiende una necesidad prioritaria para los colonos, pero en especial las amas de casa, que por muchos a\u00f1os han padecido de fugas y falta de agua.<\/div>\n<div>\n\n\t\t<style type=\"text\/css\">\n\t\t\t#gallery-1 {\n\t\t\t\tmargin: auto;\n\t\t\t}\n\t\t\t#gallery-1 .gallery-item {\n\t\t\t\tfloat: left;\n\t\t\t\tmargin-top: 10px;\n\t\t\t\ttext-align: center;\n\t\t\t\twidth: 33%;\n\t\t\t}\n\t\t\t#gallery-1 img {\n\t\t\t\tborder: 2px solid #cfcfcf;\n\t\t\t}\n\t\t\t#gallery-1 .gallery-caption {\n\t\t\t\tmargin-left: 0;\n\t\t\t}\n\t\t\t\/* see gallery_shortcode() in wp-includes\/media.php *\/\n\t\t<\/style>\n\t\t<div id='gallery-1' class='gallery galleryid-42133 gallery-columns-3 gallery-size-thumbnail'><dl class='gallery-item'>\n\t\t\t<dt class='gallery-icon landscape'>\n\t\t\t\t<a href='https:\/\/cuernavaca.gob.mx\/?attachment_id=42134'><img width=\"150\" height=\"150\" src=\"https:\/\/cuernavaca.gob.mx\/wp-content\/uploads\/2024\/07\/JOSE-LUIS-URIOSTEGUI-DA-BANDERAZO-DE-ARRANQUE-A-LA-OBRA-DE-REHABILITACION-DE-LA-LINEA-DE-AGUA-POTABLE-DE-LA-CALLE-SAN-JERONIMO-1-150x150.jpeg\" class=\"attachment-thumbnail size-thumbnail\" alt=\"\" loading=\"lazy\" \/><\/a>\n\t\t\t<\/dt><\/dl><dl class='gallery-item'>\n\t\t\t<dt class='gallery-icon landscape'>\n\t\t\t\t<a href='https:\/\/cuernavaca.gob.mx\/?attachment_id=42135'><img width=\"150\" height=\"150\" src=\"https:\/\/cuernavaca.gob.mx\/wp-content\/uploads\/2024\/07\/JOSE-LUIS-URIOSTEGUI-DA-BANDERAZO-DE-ARRANQUE-A-LA-OBRA-DE-REHABILITACION-DE-LA-LINEA-DE-AGUA-POTABLE-DE-LA-CALLE-SAN-JERONIMO-2-150x150.jpeg\" class=\"attachment-thumbnail size-thumbnail\" alt=\"\" loading=\"lazy\" \/><\/a>\n\t\t\t<\/dt><\/dl><dl class='gallery-item'>\n\t\t\t<dt class='gallery-icon landscape'>\n\t\t\t\t<a href='https:\/\/cuernavaca.gob.mx\/?attachment_id=42136'><img width=\"150\" height=\"150\" src=\"https:\/\/cuernavaca.gob.mx\/wp-content\/uploads\/2024\/07\/JOSE-LUIS-URIOSTEGUI-DA-BANDERAZO-DE-ARRANQUE-A-LA-OBRA-DE-REHABILITACION-DE-LA-LINEA-DE-AGUA-POTABLE-DE-LA-CALLE-SAN-JERONIMO-3-150x150.jpeg\" class=\"attachment-thumbnail size-thumbnail\" alt=\"\" loading=\"lazy\" \/><\/a>\n\t\t\t<\/dt><\/dl><br style=\"clear: both\" \/><dl class='gallery-item'>\n\t\t\t<dt class='gallery-icon landscape'>\n\t\t\t\t<a href='https:\/\/cuernavaca.gob.mx\/?attachment_id=42137'><img width=\"150\" height=\"150\" src=\"https:\/\/cuernavaca.gob.mx\/wp-content\/uploads\/2024\/07\/JOSE-LUIS-URIOSTEGUI-DA-BANDERAZO-DE-ARRANQUE-A-LA-OBRA-DE-REHABILITACION-DE-LA-LINEA-DE-AGUA-POTABLE-DE-LA-CALLE-SAN-JERONIMO-4-150x150.jpeg\" class=\"attachment-thumbnail size-thumbnail\" alt=\"\" loading=\"lazy\" \/><\/a>\n\t\t\t<\/dt><\/dl><dl class='gallery-item'>\n\t\t\t<dt class='gallery-icon landscape'>\n\t\t\t\t<a href='https:\/\/cuernavaca.gob.mx\/?attachment_id=42138'><img width=\"150\" height=\"150\" src=\"https:\/\/cuernavaca.gob.mx\/wp-content\/uploads\/2024\/07\/JOSE-LUIS-URIOSTEGUI-DA-BANDERAZO-DE-ARRANQUE-A-LA-OBRA-DE-REHABILITACION-DE-LA-LINEA-DE-AGUA-POTABLE-DE-LA-CALLE-SAN-JERONIMO-5-150x150.jpeg\" class=\"attachment-thumbnail size-thumbnail\" alt=\"\" loading=\"lazy\" \/><\/a>\n\t\t\t<\/dt><\/dl><dl class='gallery-item'>\n\t\t\t<dt class='gallery-icon landscape'>\n\t\t\t\t<a href='https:\/\/cuernavaca.gob.mx\/?attachment_id=42139'><img width=\"150\" height=\"150\" src=\"https:\/\/cuernavaca.gob.mx\/wp-content\/uploads\/2024\/07\/JOSE-LUIS-URIOSTEGUI-DA-BANDERAZO-DE-ARRANQUE-A-LA-OBRA-DE-REHABILITACION-DE-LA-LINEA-DE-AGUA-POTABLE-DE-LA-CALLE-SAN-JERONIMO-6-150x150.jpeg\" class=\"attachment-thumbnail size-thumbnail\" alt=\"\" loading=\"lazy\" \/><\/a>\n\t\t\t<\/dt><\/dl><br style=\"clear: both\" \/><dl class='gallery-item'>\n\t\t\t<dt class='gallery-icon landscape'>\n\t\t\t\t<a href='https:\/\/cuernavaca.gob.mx\/?attachment_id=42140'><img width=\"150\" height=\"150\" src=\"https:\/\/cuernavaca.gob.mx\/wp-content\/uploads\/2024\/07\/JOSE-LUIS-URIOSTEGUI-DA-BANDERAZO-DE-ARRANQUE-A-LA-OBRA-DE-REHABILITACION-DE-LA-LINEA-DE-AGUA-POTABLE-DE-LA-CALLE-SAN-JERONIMO-7-150x150.jpeg\" class=\"attachment-thumbnail size-thumbnail\" alt=\"\" loading=\"lazy\" \/><\/a>\n\t\t\t<\/dt><\/dl><dl class='gallery-item'>\n\t\t\t<dt class='gallery-icon landscape'>\n\t\t\t\t<a href='https:\/\/cuernavaca.gob.mx\/?attachment_id=42141'><img width=\"150\" height=\"150\" src=\"https:\/\/cuernavaca.gob.mx\/wp-content\/uploads\/2024\/07\/JOSE-LUIS-URIOSTEGUI-DA-BANDERAZO-DE-ARRANQUE-A-LA-OBRA-DE-REHABILITACION-DE-LA-LINEA-DE-AGUA-POTABLE-DE-LA-CALLE-SAN-JERONIMO-8-150x150.jpeg\" class=\"attachment-thumbnail size-thumbnail\" alt=\"\" loading=\"lazy\" \/><\/a>\n\t\t\t<\/dt><\/dl><dl class='gallery-item'>\n\t\t\t<dt class='gallery-icon landscape'>\n\t\t\t\t<a href='https:\/\/cuernavaca.gob.mx\/?attachment_id=42142'><img width=\"150\" height=\"150\" src=\"https:\/\/cuernavaca.gob.mx\/wp-content\/uploads\/2024\/07\/JOSE-LUIS-URIOSTEGUI-DA-BANDERAZO-DE-ARRANQUE-A-LA-OBRA-DE-REHABILITACION-DE-LA-LINEA-DE-AGUA-POTABLE-DE-LA-CALLE-SAN-JERONIMO-9-150x150.jpeg\" class=\"attachment-thumbnail size-thumbnail\" alt=\"\" loading=\"lazy\" \/><\/a>\n\t\t\t<\/dt><\/dl><br style=\"clear: both\" \/><dl class='gallery-item'>\n\t\t\t<dt class='gallery-icon landscape'>\n\t\t\t\t<a href='https:\/\/cuernavaca.gob.mx\/?attachment_id=42143'><img width=\"150\" height=\"150\" src=\"https:\/\/cuernavaca.gob.mx\/wp-content\/uploads\/2024\/07\/JOSE-LUIS-URIOSTEGUI-DA-BANDERAZO-DE-ARRANQUE-A-LA-OBRA-DE-REHABILITACION-DE-LA-LINEA-DE-AGUA-POTABLE-DE-LA-CALLE-SAN-JERONIMO-10-150x150.jpeg\" class=\"attachment-thumbnail size-thumbnail\" alt=\"\" loading=\"lazy\" \/><\/a>\n\t\t\t<\/dt><\/dl>\n\t\t\t<br style='clear: both' \/>\n\t\t<\/div>\n\n<\/div>\n","protected":false},"excerpt":{"rendered":"<p>\u2022 Para esta obra se destin\u00f3 una inversi\u00f3n de seis millones 793 mil 526.45 pesos del Fondo de Aportaciones para la Infraestructura Social Municipal (FAISMUN) \u2022 Con ello se atiende una de las necesidades m\u00e1s apremiantes de la comunidad que por a\u00f1os padecieron el abandono de las autoridades\u00a0 Tras a\u00f1os de abandono y falta de [&hellip;]<\/p>\n","protected":false},"author":1,"featured_media":42134,"comment_status":"closed","ping_status":"open","sticky":false,"template":"","format":"standard","meta":[],"categories":[18],"tags":[395,615,916,121,515,120,206,356,232,127,138],"aioseo_notices":[],"_links":{"self":[{"href":"https:\/\/cuernavaca.gob.mx\/index.php?rest_route=\/wp\/v2\/posts\/42133"}],"collection":[{"href":"https:\/\/cuernavaca.gob.mx\/index.php?rest_route=\/wp\/v2\/posts"}],"about":[{"href":"https:\/\/cuernavaca.gob.mx\/index.php?rest_route=\/wp\/v2\/types\/post"}],"author":[{"embeddable":true,"href":"https:\/\/cuernavaca.gob.mx\/index.php?rest_route=\/wp\/v2\/users\/1"}],"replies":[{"embeddable":true,"href":"https:\/\/cuernavaca.gob.mx\/index.php?rest_route=%2Fwp%2Fv2%2Fcomments&post=42133"}],"version-history":[{"count":1,"href":"https:\/\/cuernavaca.gob.mx\/index.php?rest_route=\/wp\/v2\/posts\/42133\/revisions"}],"predecessor-version":[{"id":42144,"href":"https:\/\/cuernavaca.gob.mx\/index.php?rest_route=\/wp\/v2\/posts\/42133\/revisions\/42144"}],"wp:featuredmedia":[{"embeddable":true,"href":"https:\/\/cuernavaca.gob.mx\/index.php?rest_route=\/wp\/v2\/media\/42134"}],"wp:attachment":[{"href":"https:\/\/cuernavaca.gob.mx\/index.php?rest_route=%2Fwp%2Fv2%2Fmedia&parent=42133"}],"wp:term":[{"taxonomy":"category","embeddable":true,"href":"https:\/\/cuernavaca.gob.mx\/index.php?rest_route=%2Fwp%2Fv2%2Fcategories&post=42133"},{"taxonomy":"post_tag","embeddable":true,"href":"https:\/\/cuernavaca.gob.mx\/index.php?rest_route=%2Fwp%2Fv2%2Ftags&post=42133"}],"curies":[{"name":"wp","href":"https:\/\/api.w.org\/{rel}","templated":true}]}}