{"id":42145,"date":"2024-07-14T15:30:36","date_gmt":"2024-07-14T21:30:36","guid":{"rendered":"https:\/\/cuernavaca.gob.mx\/?p=42145"},"modified":"2024-07-14T16:45:51","modified_gmt":"2024-07-14T22:45:51","slug":"b1839-14-07-24-capacita-el-insp-y-ayuntamiento-de-cuernavaca-a-consejos-de-participacion-social-sobre-la-prevencion-del-dengue","status":"publish","type":"post","link":"https:\/\/cuernavaca.gob.mx\/?p=42145","title":{"rendered":"B1839 14\/07\/24 CAPACITA EL INSP Y AYUNTAMIENTO DE CUERNAVACA A CONSEJOS DE PARTICIPACI\u00d3N SOCIAL SOBRE LA PREVENCI\u00d3N DEL DENGUE"},"content":{"rendered":"<div><strong>\u2022 A trav\u00e9s de la Direcci\u00f3n de Salud Municipal se imparti\u00f3 un encuentro para presentar el modelo estrat\u00e9gico integral para el control sostenido del dengue<\/strong><\/div>\n<div><\/div>\n<div>El Ayuntamiento de Cuernavaca, a trav\u00e9s de la Direcci\u00f3n de Salud adscrita a la Secretar\u00eda de Desarrollo Humano y Participaci\u00f3n Social en coordinaci\u00f3n con el Instituto Nacional de Salud P\u00fablica, contin\u00faa avanzando con la implementaci\u00f3n del modelo estrat\u00e9gico integral para el control sostenido del dengue a trav\u00e9s de la concientizaci\u00f3n a autoridades auxiliares para que puedan ser replicadores de las acciones preventivas contra esta enfermedad en sus colonias, delegaciones y poblados.<\/div>\n<div><\/div>\n<div>El director de Salud, Josu\u00e9 Larios Morales, explic\u00f3 que estas reuniones tienen el objetivo de movilizar a la ciudadan\u00eda para que de la mano con sus autoridades municipales empiecen a trabajar en las acciones de prevenci\u00f3n y atenci\u00f3n a la salud en relaci\u00f3n a las enfermedades transmitidas por vector que del 2023 al 2024 han tenido una mayor incidencia a nivel nacional.<\/div>\n<div><\/div>\n<div>Subray\u00f3 que si bien este es un problema que se presenta anualmente, no pueden resolverlos solos, ya que se requiere del trabajo conjunto con la ciudadan\u00eda, quienes deben ser parte de la soluci\u00f3n atendiendo las medidas preventivas en sus hogares, como es el lavar, tapar y voltear dep\u00f3sitos de agua que puedan convertirse en criaderos de mosquitos, adem\u00e1s de participar activamente en las campa\u00f1as de descacharrizaci\u00f3n.<\/div>\n<div>Lo anterior, al resaltar que el esfuerzo que puedan hacer en sus colonias de mantener limpios sus espacios ayuda mucho a cortar las cadenas de transmisi\u00f3n del vector, lo cual ha demostrado que realmente tiene un impacto, toda vez que sin mosquito no hay enfermedad.<\/div>\n<div><\/div>\n<div>En este marco, el investigador del Centro de Investigaciones sobre Enfermedades Infecciosas del INSP, \u00c1ngel Francisco Betanzos Reyes, les present\u00f3 el proyecto de Liderazgo Municipal en el Control Sostenido del Dengue con Ecosalud, as\u00ed como la situaci\u00f3n epidemiol\u00f3gica del dengue, invit\u00e1ndolos a replicar esta informaci\u00f3n en sus colonias para que m\u00e1s personas lo conozcan y sepan c\u00f3mo evitar consecuencias y riesgos por la transmisi\u00f3n de esta enfermedad.<\/div>\n<div><\/div>\n<div>Cabe mencionar que estas pl\u00e1ticas informativas se impartieron tambi\u00e9n con delegados y ayudantes municipales.<\/div>\n<div>\n\n\t\t<style type=\"text\/css\">\n\t\t\t#gallery-1 {\n\t\t\t\tmargin: auto;\n\t\t\t}\n\t\t\t#gallery-1 .gallery-item {\n\t\t\t\tfloat: left;\n\t\t\t\tmargin-top: 10px;\n\t\t\t\ttext-align: center;\n\t\t\t\twidth: 33%;\n\t\t\t}\n\t\t\t#gallery-1 img {\n\t\t\t\tborder: 2px solid #cfcfcf;\n\t\t\t}\n\t\t\t#gallery-1 .gallery-caption {\n\t\t\t\tmargin-left: 0;\n\t\t\t}\n\t\t\t\/* see gallery_shortcode() in wp-includes\/media.php *\/\n\t\t<\/style>\n\t\t<div id='gallery-1' class='gallery galleryid-42145 gallery-columns-3 gallery-size-thumbnail'><dl class='gallery-item'>\n\t\t\t<dt class='gallery-icon landscape'>\n\t\t\t\t<a href='https:\/\/cuernavaca.gob.mx\/?attachment_id=42146'><img width=\"150\" height=\"150\" src=\"https:\/\/cuernavaca.gob.mx\/wp-content\/uploads\/2024\/07\/CAPACITA-EL-INSP-Y-AYUNTAMIENTO-DE-CUERNAVACA-A-CONSEJOS-DE-PARTICIPACION-SOCIAL-SOBRE-LA-PREVENCION-DEL-DENGUE-1-150x150.jpeg\" class=\"attachment-thumbnail size-thumbnail\" alt=\"\" loading=\"lazy\" \/><\/a>\n\t\t\t<\/dt><\/dl><dl class='gallery-item'>\n\t\t\t<dt class='gallery-icon landscape'>\n\t\t\t\t<a href='https:\/\/cuernavaca.gob.mx\/?attachment_id=42147'><img width=\"150\" height=\"150\" src=\"https:\/\/cuernavaca.gob.mx\/wp-content\/uploads\/2024\/07\/CAPACITA-EL-INSP-Y-AYUNTAMIENTO-DE-CUERNAVACA-A-CONSEJOS-DE-PARTICIPACION-SOCIAL-SOBRE-LA-PREVENCION-DEL-DENGUE-2-150x150.jpeg\" class=\"attachment-thumbnail size-thumbnail\" alt=\"\" loading=\"lazy\" \/><\/a>\n\t\t\t<\/dt><\/dl><dl class='gallery-item'>\n\t\t\t<dt class='gallery-icon landscape'>\n\t\t\t\t<a href='https:\/\/cuernavaca.gob.mx\/?attachment_id=42148'><img width=\"150\" height=\"150\" src=\"https:\/\/cuernavaca.gob.mx\/wp-content\/uploads\/2024\/07\/CAPACITA-EL-INSP-Y-AYUNTAMIENTO-DE-CUERNAVACA-A-CONSEJOS-DE-PARTICIPACION-SOCIAL-SOBRE-LA-PREVENCION-DEL-DENGUE-3-150x150.jpeg\" class=\"attachment-thumbnail size-thumbnail\" alt=\"\" loading=\"lazy\" \/><\/a>\n\t\t\t<\/dt><\/dl><br style=\"clear: both\" \/><dl class='gallery-item'>\n\t\t\t<dt class='gallery-icon landscape'>\n\t\t\t\t<a href='https:\/\/cuernavaca.gob.mx\/?attachment_id=42149'><img width=\"150\" height=\"150\" src=\"https:\/\/cuernavaca.gob.mx\/wp-content\/uploads\/2024\/07\/CAPACITA-EL-INSP-Y-AYUNTAMIENTO-DE-CUERNAVACA-A-CONSEJOS-DE-PARTICIPACION-SOCIAL-SOBRE-LA-PREVENCION-DEL-DENGUE-4-150x150.jpeg\" class=\"attachment-thumbnail size-thumbnail\" alt=\"\" loading=\"lazy\" \/><\/a>\n\t\t\t<\/dt><\/dl><dl class='gallery-item'>\n\t\t\t<dt class='gallery-icon landscape'>\n\t\t\t\t<a href='https:\/\/cuernavaca.gob.mx\/?attachment_id=42150'><img width=\"150\" height=\"150\" src=\"https:\/\/cuernavaca.gob.mx\/wp-content\/uploads\/2024\/07\/CAPACITA-EL-INSP-Y-AYUNTAMIENTO-DE-CUERNAVACA-A-CONSEJOS-DE-PARTICIPACION-SOCIAL-SOBRE-LA-PREVENCION-DEL-DENGUE-5-150x150.jpeg\" class=\"attachment-thumbnail size-thumbnail\" alt=\"\" loading=\"lazy\" \/><\/a>\n\t\t\t<\/dt><\/dl><dl class='gallery-item'>\n\t\t\t<dt class='gallery-icon landscape'>\n\t\t\t\t<a href='https:\/\/cuernavaca.gob.mx\/?attachment_id=42151'><img width=\"150\" height=\"150\" src=\"https:\/\/cuernavaca.gob.mx\/wp-content\/uploads\/2024\/07\/CAPACITA-EL-INSP-Y-AYUNTAMIENTO-DE-CUERNAVACA-A-CONSEJOS-DE-PARTICIPACION-SOCIAL-SOBRE-LA-PREVENCION-DEL-DENGUE-6-150x150.jpeg\" class=\"attachment-thumbnail size-thumbnail\" alt=\"\" loading=\"lazy\" \/><\/a>\n\t\t\t<\/dt><\/dl><br style=\"clear: both\" \/>\n\t\t<\/div>\n\n<\/div>\n","protected":false},"excerpt":{"rendered":"<p>\u2022 A trav\u00e9s de la Direcci\u00f3n de Salud Municipal se imparti\u00f3 un encuentro para presentar el modelo estrat\u00e9gico integral para el control sostenido del dengue El Ayuntamiento de Cuernavaca, a trav\u00e9s de la Direcci\u00f3n de Salud adscrita a la Secretar\u00eda de Desarrollo Humano y Participaci\u00f3n Social en coordinaci\u00f3n con el Instituto Nacional de Salud P\u00fablica, [&hellip;]<\/p>\n","protected":false},"author":1,"featured_media":42150,"comment_status":"closed","ping_status":"open","sticky":false,"template":"","format":"standard","meta":[],"categories":[899],"tags":[681,121,2180,222,120,206,127,2438],"aioseo_notices":[],"_links":{"self":[{"href":"https:\/\/cuernavaca.gob.mx\/index.php?rest_route=\/wp\/v2\/posts\/42145"}],"collection":[{"href":"https:\/\/cuernavaca.gob.mx\/index.php?rest_route=\/wp\/v2\/posts"}],"about":[{"href":"https:\/\/cuernavaca.gob.mx\/index.php?rest_route=\/wp\/v2\/types\/post"}],"author":[{"embeddable":true,"href":"https:\/\/cuernavaca.gob.mx\/index.php?rest_route=\/wp\/v2\/users\/1"}],"replies":[{"embeddable":true,"href":"https:\/\/cuernavaca.gob.mx\/index.php?rest_route=%2Fwp%2Fv2%2Fcomments&post=42145"}],"version-history":[{"count":1,"href":"https:\/\/cuernavaca.gob.mx\/index.php?rest_route=\/wp\/v2\/posts\/42145\/revisions"}],"predecessor-version":[{"id":42152,"href":"https:\/\/cuernavaca.gob.mx\/index.php?rest_route=\/wp\/v2\/posts\/42145\/revisions\/42152"}],"wp:featuredmedia":[{"embeddable":true,"href":"https:\/\/cuernavaca.gob.mx\/index.php?rest_route=\/wp\/v2\/media\/42150"}],"wp:attachment":[{"href":"https:\/\/cuernavaca.gob.mx\/index.php?rest_route=%2Fwp%2Fv2%2Fmedia&parent=42145"}],"wp:term":[{"taxonomy":"category","embeddable":true,"href":"https:\/\/cuernavaca.gob.mx\/index.php?rest_route=%2Fwp%2Fv2%2Fcategories&post=42145"},{"taxonomy":"post_tag","embeddable":true,"href":"https:\/\/cuernavaca.gob.mx\/index.php?rest_route=%2Fwp%2Fv2%2Ftags&post=42145"}],"curies":[{"name":"wp","href":"https:\/\/api.w.org\/{rel}","templated":true}]}}