{"id":42153,"date":"2024-07-15T12:37:13","date_gmt":"2024-07-15T18:37:13","guid":{"rendered":"https:\/\/cuernavaca.gob.mx\/?p=42153"},"modified":"2024-07-15T12:37:13","modified_gmt":"2024-07-15T18:37:13","slug":"b1840-15-07-24-refrenda-jose-luis-uriostegui-su-apoyo-a-escuelas-como-los-sitios-por-excelencia-para-la-formacion-de-mejores-ciudadanos-en-cuernavaca","status":"publish","type":"post","link":"https:\/\/cuernavaca.gob.mx\/?p=42153","title":{"rendered":"B1840 15\/07\/24 REFRENDA JOS\u00c9 LUIS URI\u00d3STEGUI SU APOY\u00d3 A ESCUELAS COMO LOS SITIOS POR EXCELENCIA PARA LA FORMACI\u00d3N DE MEJORES CIUDADANOS EN CUERNAVACA"},"content":{"rendered":"<p><strong>\u2022 El presidente municipal apadrin\u00f3 a la generaci\u00f3n 2018- 2024 de la escuela primaria federal \u201cEmiliano Zapata\u201d de la colonia L\u00e1zaro C\u00e1rdenas<\/strong><\/p>\n<p><strong>\u2022 Conmin\u00f3 a los estudiantes egresados a seguir luchando por sus sue\u00f1os, ayudando a sus familias y a su comunidad<\/strong><\/p>\n<p>El presidente municipal de Cuernavaca, Jos\u00e9 Luis Uri\u00f3stegui Salgado, fungi\u00f3 este lunes como padrino de la generaci\u00f3n 2018- 2024 de la escuela primaria federal &#8220;Emiliano Zapata&#8221; en la colonia L azaro C\u00e1rdenas, donde adem\u00e1s de felicitar por alcanzar esta primera meta en sus vidas, conmin\u00f3 a estudiantes que egresan a seguir luchando por sus sue\u00f1os para convertirse en mexicanas y mexicanos de bien.<\/p>\n<p>En presencia de autoridades educativas encabezadas por la directora del plantel, la profesora Sandra de la Paz Torres; madres y padres de familia, as\u00ed como el alumnado, Jos\u00e9 Luis Uri\u00f3stegui destac\u00f3 la importancia de la educaci\u00f3n como pilar fundamental para el desarrollo individual y colectivo y pidi\u00f3 a los graduados trabajar por su satisfacci\u00f3n personal, por ser \u00fatiles, tanto para ellos mismos como para sus familias y la sociedad, empezando a tomar responsabilidad ayudando a su familia y haciendo que sus comunidades sean mejores.<\/p>\n<p>El alcalde capitalino agradeci\u00f3 la distinci\u00f3n hecha por las madres y padres de familia para ser padrino de generaci\u00f3n de los alumnos de 6 A y 6 B, a quienes les deseo \u00e9xito en esta nueva etapa que emprender\u00e1n junto con sus hijos, manifestando el respaldo permanente de su administraci\u00f3n para que puedan continuar alcanzando sus metas.<\/p>\n<p>Lo anterior, al destacar que el Ayuntamiento de Cuernavaca cuenta con el programa &#8220;Cuerna- Becas&#8221;, mediante el cual est\u00e1n entregando un apoyo \u00fanico de dos mil 500 pesos por excelencia acad\u00e9mica y vulnerabilidad econ\u00f3mica a alumnos que cursen en el Sistema de Educaci\u00f3n P\u00fablica Federal o Estatal el sexto grado de primaria y el primer grado de secundaria en planteles educativos p\u00fablicos ubicados dentro del municipio.<\/p>\n<p>En el evento estuvieron presentes la supervisora de la zona escolar 29, Mar\u00eda Luisa Ocampo Mart\u00ednez; en representaci\u00f3n del titular de la Delegaci\u00f3n L\u00e1zaro C\u00e1rdenas Del R\u00edo, Mario Meneses Pozo, el ciudadano Salvador Guadarrama y el presidente del Consejo de Participaci\u00f3n Social de la colonia, Carlos P\u00e9rez.<\/p>\n\n\t\t<style type=\"text\/css\">\n\t\t\t#gallery-1 {\n\t\t\t\tmargin: auto;\n\t\t\t}\n\t\t\t#gallery-1 .gallery-item {\n\t\t\t\tfloat: left;\n\t\t\t\tmargin-top: 10px;\n\t\t\t\ttext-align: center;\n\t\t\t\twidth: 33%;\n\t\t\t}\n\t\t\t#gallery-1 img {\n\t\t\t\tborder: 2px solid #cfcfcf;\n\t\t\t}\n\t\t\t#gallery-1 .gallery-caption {\n\t\t\t\tmargin-left: 0;\n\t\t\t}\n\t\t\t\/* see gallery_shortcode() in wp-includes\/media.php *\/\n\t\t<\/style>\n\t\t<div id='gallery-1' class='gallery galleryid-42153 gallery-columns-3 gallery-size-thumbnail'><dl class='gallery-item'>\n\t\t\t<dt class='gallery-icon landscape'>\n\t\t\t\t<a href='https:\/\/cuernavaca.gob.mx\/?attachment_id=42154'><img width=\"150\" height=\"150\" src=\"https:\/\/cuernavaca.gob.mx\/wp-content\/uploads\/2024\/07\/REFRENDA-JOSE\u0301-LUIS-URIO\u0301STEGUI-SU-APOYO\u0301-A-ESCUELAS-COMO-LOS-SITIOS-POR-EXCELENCIA-PARA-LA-FORMACIO\u0301N-DE-MEJORES-CIUDADANOS-EN-CUERNAVACA-1-150x150.jpg\" class=\"attachment-thumbnail size-thumbnail\" alt=\"\" loading=\"lazy\" \/><\/a>\n\t\t\t<\/dt><\/dl><dl class='gallery-item'>\n\t\t\t<dt class='gallery-icon landscape'>\n\t\t\t\t<a href='https:\/\/cuernavaca.gob.mx\/?attachment_id=42155'><img width=\"150\" height=\"150\" src=\"https:\/\/cuernavaca.gob.mx\/wp-content\/uploads\/2024\/07\/REFRENDA-JOSE\u0301-LUIS-URIO\u0301STEGUI-SU-APOYO\u0301-A-ESCUELAS-COMO-LOS-SITIOS-POR-EXCELENCIA-PARA-LA-FORMACIO\u0301N-DE-MEJORES-CIUDADANOS-EN-CUERNAVACA-2-150x150.jpg\" class=\"attachment-thumbnail size-thumbnail\" alt=\"\" loading=\"lazy\" \/><\/a>\n\t\t\t<\/dt><\/dl><dl class='gallery-item'>\n\t\t\t<dt class='gallery-icon landscape'>\n\t\t\t\t<a href='https:\/\/cuernavaca.gob.mx\/?attachment_id=42156'><img width=\"150\" height=\"150\" src=\"https:\/\/cuernavaca.gob.mx\/wp-content\/uploads\/2024\/07\/REFRENDA-JOSE\u0301-LUIS-URIO\u0301STEGUI-SU-APOYO\u0301-A-ESCUELAS-COMO-LOS-SITIOS-POR-EXCELENCIA-PARA-LA-FORMACIO\u0301N-DE-MEJORES-CIUDADANOS-EN-CUERNAVACA-3-150x150.jpg\" class=\"attachment-thumbnail size-thumbnail\" alt=\"\" loading=\"lazy\" \/><\/a>\n\t\t\t<\/dt><\/dl><br style=\"clear: both\" \/><dl class='gallery-item'>\n\t\t\t<dt class='gallery-icon landscape'>\n\t\t\t\t<a href='https:\/\/cuernavaca.gob.mx\/?attachment_id=42157'><img width=\"150\" height=\"150\" src=\"https:\/\/cuernavaca.gob.mx\/wp-content\/uploads\/2024\/07\/REFRENDA-JOSE\u0301-LUIS-URIO\u0301STEGUI-SU-APOYO\u0301-A-ESCUELAS-COMO-LOS-SITIOS-POR-EXCELENCIA-PARA-LA-FORMACIO\u0301N-DE-MEJORES-CIUDADANOS-EN-CUERNAVACA-4-150x150.jpg\" class=\"attachment-thumbnail size-thumbnail\" alt=\"\" loading=\"lazy\" \/><\/a>\n\t\t\t<\/dt><\/dl><dl class='gallery-item'>\n\t\t\t<dt class='gallery-icon landscape'>\n\t\t\t\t<a href='https:\/\/cuernavaca.gob.mx\/?attachment_id=42158'><img width=\"150\" height=\"150\" src=\"https:\/\/cuernavaca.gob.mx\/wp-content\/uploads\/2024\/07\/REFRENDA-JOSE\u0301-LUIS-URIO\u0301STEGUI-SU-APOYO\u0301-A-ESCUELAS-COMO-LOS-SITIOS-POR-EXCELENCIA-PARA-LA-FORMACIO\u0301N-DE-MEJORES-CIUDADANOS-EN-CUERNAVACA-5-150x150.jpg\" class=\"attachment-thumbnail size-thumbnail\" alt=\"\" loading=\"lazy\" \/><\/a>\n\t\t\t<\/dt><\/dl><dl class='gallery-item'>\n\t\t\t<dt class='gallery-icon landscape'>\n\t\t\t\t<a href='https:\/\/cuernavaca.gob.mx\/?attachment_id=42159'><img width=\"150\" height=\"150\" src=\"https:\/\/cuernavaca.gob.mx\/wp-content\/uploads\/2024\/07\/REFRENDA-JOSE\u0301-LUIS-URIO\u0301STEGUI-SU-APOYO\u0301-A-ESCUELAS-COMO-LOS-SITIOS-POR-EXCELENCIA-PARA-LA-FORMACIO\u0301N-DE-MEJORES-CIUDADANOS-EN-CUERNAVACA-6-150x150.jpg\" class=\"attachment-thumbnail size-thumbnail\" alt=\"\" loading=\"lazy\" \/><\/a>\n\t\t\t<\/dt><\/dl><br style=\"clear: both\" \/><dl class='gallery-item'>\n\t\t\t<dt class='gallery-icon landscape'>\n\t\t\t\t<a href='https:\/\/cuernavaca.gob.mx\/?attachment_id=42160'><img width=\"150\" height=\"150\" src=\"https:\/\/cuernavaca.gob.mx\/wp-content\/uploads\/2024\/07\/REFRENDA-JOSE\u0301-LUIS-URIO\u0301STEGUI-SU-APOYO\u0301-A-ESCUELAS-COMO-LOS-SITIOS-POR-EXCELENCIA-PARA-LA-FORMACIO\u0301N-DE-MEJORES-CIUDADANOS-EN-CUERNAVACA-7-150x150.jpg\" class=\"attachment-thumbnail size-thumbnail\" alt=\"\" loading=\"lazy\" \/><\/a>\n\t\t\t<\/dt><\/dl><dl class='gallery-item'>\n\t\t\t<dt class='gallery-icon landscape'>\n\t\t\t\t<a href='https:\/\/cuernavaca.gob.mx\/?attachment_id=42161'><img width=\"150\" height=\"150\" src=\"https:\/\/cuernavaca.gob.mx\/wp-content\/uploads\/2024\/07\/REFRENDA-JOSE\u0301-LUIS-URIO\u0301STEGUI-SU-APOYO\u0301-A-ESCUELAS-COMO-LOS-SITIOS-POR-EXCELENCIA-PARA-LA-FORMACIO\u0301N-DE-MEJORES-CIUDADANOS-EN-CUERNAVACA-8-150x150.jpg\" class=\"attachment-thumbnail size-thumbnail\" alt=\"\" loading=\"lazy\" \/><\/a>\n\t\t\t<\/dt><\/dl><dl class='gallery-item'>\n\t\t\t<dt class='gallery-icon landscape'>\n\t\t\t\t<a href='https:\/\/cuernavaca.gob.mx\/?attachment_id=42162'><img width=\"150\" height=\"150\" src=\"https:\/\/cuernavaca.gob.mx\/wp-content\/uploads\/2024\/07\/REFRENDA-JOSE\u0301-LUIS-URIO\u0301STEGUI-SU-APOYO\u0301-A-ESCUELAS-COMO-LOS-SITIOS-POR-EXCELENCIA-PARA-LA-FORMACIO\u0301N-DE-MEJORES-CIUDADANOS-EN-CUERNAVACA-9-150x150.jpg\" class=\"attachment-thumbnail size-thumbnail\" alt=\"\" loading=\"lazy\" \/><\/a>\n\t\t\t<\/dt><\/dl><br style=\"clear: both\" \/>\n\t\t<\/div>\n\n","protected":false},"excerpt":{"rendered":"<p>\u2022 El presidente municipal apadrin\u00f3 a la generaci\u00f3n 2018- 2024 de la escuela primaria federal \u201cEmiliano Zapata\u201d de la colonia L\u00e1zaro C\u00e1rdenas \u2022 Conmin\u00f3 a los estudiantes egresados a seguir luchando por sus sue\u00f1os, ayudando a sus familias y a su comunidad El presidente municipal de Cuernavaca, Jos\u00e9 Luis Uri\u00f3stegui Salgado, fungi\u00f3 este lunes como [&hellip;]<\/p>\n","protected":false},"author":1,"featured_media":42154,"comment_status":"closed","ping_status":"open","sticky":false,"template":"","format":"standard","meta":[],"categories":[20],"tags":[121,576,1268,1510,1772,120,206,127],"aioseo_notices":[],"_links":{"self":[{"href":"https:\/\/cuernavaca.gob.mx\/index.php?rest_route=\/wp\/v2\/posts\/42153"}],"collection":[{"href":"https:\/\/cuernavaca.gob.mx\/index.php?rest_route=\/wp\/v2\/posts"}],"about":[{"href":"https:\/\/cuernavaca.gob.mx\/index.php?rest_route=\/wp\/v2\/types\/post"}],"author":[{"embeddable":true,"href":"https:\/\/cuernavaca.gob.mx\/index.php?rest_route=\/wp\/v2\/users\/1"}],"replies":[{"embeddable":true,"href":"https:\/\/cuernavaca.gob.mx\/index.php?rest_route=%2Fwp%2Fv2%2Fcomments&post=42153"}],"version-history":[{"count":1,"href":"https:\/\/cuernavaca.gob.mx\/index.php?rest_route=\/wp\/v2\/posts\/42153\/revisions"}],"predecessor-version":[{"id":42163,"href":"https:\/\/cuernavaca.gob.mx\/index.php?rest_route=\/wp\/v2\/posts\/42153\/revisions\/42163"}],"wp:featuredmedia":[{"embeddable":true,"href":"https:\/\/cuernavaca.gob.mx\/index.php?rest_route=\/wp\/v2\/media\/42154"}],"wp:attachment":[{"href":"https:\/\/cuernavaca.gob.mx\/index.php?rest_route=%2Fwp%2Fv2%2Fmedia&parent=42153"}],"wp:term":[{"taxonomy":"category","embeddable":true,"href":"https:\/\/cuernavaca.gob.mx\/index.php?rest_route=%2Fwp%2Fv2%2Fcategories&post=42153"},{"taxonomy":"post_tag","embeddable":true,"href":"https:\/\/cuernavaca.gob.mx\/index.php?rest_route=%2Fwp%2Fv2%2Ftags&post=42153"}],"curies":[{"name":"wp","href":"https:\/\/api.w.org\/{rel}","templated":true}]}}