{"id":42176,"date":"2024-07-15T14:45:52","date_gmt":"2024-07-15T20:45:52","guid":{"rendered":"https:\/\/cuernavaca.gob.mx\/?p=42176"},"modified":"2024-07-15T15:32:33","modified_gmt":"2024-07-15T21:32:33","slug":"b1841-15-07-24-pone-en-marcha-jose-luis-uriostegui-trabajos-de-rehabilitacion-linea-de-agua-potable-en-avenida-palmira","status":"publish","type":"post","link":"https:\/\/cuernavaca.gob.mx\/?p=42176","title":{"rendered":"B1841 15\/07\/24 PONE EN MARCHA JOS\u00c9 LUIS URI\u00d3STEGUI TRABAJOS DE REHABILITACI\u00d3N LINEA DE AGUA POTABLE EN AVENIDA PALMIRA"},"content":{"rendered":"<p><strong>\u2022 El presidente municipal dio el banderazo de esta obra que se realiza con recursos propios recaudados por el Ayuntamiento y se estima un periodo de ejecuci\u00f3n de 90 d\u00edas naturales<\/strong><\/p>\n<p>Con una inversi\u00f3n de siete millones 744 mil 178.29 pesos de recursos propios municipales, el Ayuntamiento de Cuernavaca est\u00e1 llevando a cabo la rehabilitaci\u00f3n de la l\u00ednea de agua potable de seis pulgadas en la avenida Palmira, obra que es considerada la m\u00e1s grande que est\u00e1 haciendo este a\u00f1o la administraci\u00f3n municipal, la cual garantizar\u00e1 un mejor abasto de agua potable a m\u00e1s de mil 500 habitantes.<\/p>\n<p>En su intervenci\u00f3n, el presidente municipal de Cuernavaca, Jos\u00e9 Luis Uri\u00f3stegui Salgado, puntualiz\u00f3 que esta es una de las obras h\u00eddricas m\u00e1s importantes en la administraci\u00f3n que integra los casi 23 kil\u00f3metros de tuber\u00eda nueva de agua potable que aprob\u00f3 para este a\u00f1o el Cabildo, a fin de reducir la p\u00e9rdida de agua por las fugas y ganar volumen para llevarla hasta donde la necesita la poblaci\u00f3n, actualizando los materiales que se est\u00e1n utilizando para garantizar una durabilidad de por lo menos 40 a 50 a\u00f1os con PEAD de \u00faltima generaci\u00f3n.<\/p>\n<p>Esta obra se suma a la rehabilitaci\u00f3n hecha en casi un kil\u00f3metro de Ciudad Chapultepec y a los 500 metros lineales en avenida Atlacomulco, as\u00ed como a otras obras importantes que se iniciar\u00e1n pr\u00f3ximamente en avenida Emiliano Zapata que constar\u00e1 de casi kil\u00f3metro y medio.<\/p>\n<p>Al dar la justificaci\u00f3n t\u00e9cnica de la obra, el director del Sistema de Agua Potable y Alcantarillado de Cuernavaca (SAPAC), H\u00e9ctor Polanco Ch\u00e1vez, explic\u00f3 que el gran problema en esta zona en Avenida Palmira es la tuber\u00eda de seis pulgadas, debido a las variaciones que tienen los di\u00e1metros en que el espesor fue hecho que por las presiones de trabajo se revientan constantemente y que han derivado en la infinidad de fugas que les reportan, destacando que esta l\u00ednea de conducci\u00f3n a presi\u00f3n fue hecha con material PAD que no contaba con un control de calidad en cuanto a su producci\u00f3n.<\/p>\n<p>Cabe mencionar que la avenida Palmira cuenta con dos tuber\u00edas de 10 y de seis pulgadas y tiene tres formas de abastecimiento, el pozo que se encuentra al interior del Instituto Nacional de Electricidad y Energ\u00edas Limpias, el pozo Palmira y el pozo Chipitl\u00e1n 4.<\/p>\n<p>En este sentido, el secretario de Desarrollo Urbano y Obras P\u00fablicas, Demetrio Chavira de la Torre, detall\u00f3 que en 90 d\u00edas naturales llevar\u00e1n a cabo la rehabilitaci\u00f3n de mil 535 metros lineales de la tuber\u00eda de polietileno de alta densidad de ocho pulgadas, para lo cual colocar\u00e1n una plantilla para la tuber\u00eda de cama de arena, har\u00e1n un acostillado de tuber\u00eda e instalar\u00e1n el tubo PEAD hidr\u00e1ulico RD-11 de ocho pulgadas en mil 535 metros.<\/p>\n<p>Aunado a ello, refiri\u00f3 que colocar\u00e1n 20 cajas para la operaci\u00f3n de v\u00e1lvulas tipo 03 y tipo 09, el suministro e instalaci\u00f3n de v\u00e1lvulas compuerta de 10 pulgadas, ocho pulgadas, y de 2 1\/2 en 27 piezas y la reposici\u00f3n de 129 tomas domiciliarias como parte de esta obra compleja que constar\u00e1 de diferentes trabajos.<\/p>\n<p>A nombre del Cabildo, el regidor Fernando Carrillo Alvarado, reconoci\u00f3 el arduo trabajo hecho desde la administraci\u00f3n municipal bajo el liderazgo de Jos\u00e9 Luis Uri\u00f3stegui para atender las necesidades m\u00e1s apremiantes de la poblaci\u00f3n, como es el agua potable, inaugurando y arrancando trabajos en solo dos d\u00edas de casi 15 obras que mejorar\u00e1n la calidad de vida de la poblaci\u00f3n.<\/p>\n<p>En el banderazo de inicio de la obra estuvieron presentes la s\u00edndica municipal, Catalina Ver\u00f3nica Atenco P\u00e9rez; el regidor Adri\u00e1n Mart\u00ednez Terrazas, el director de Saneamiento y Calidad del Agua de SAPAC, Gonzalo \u00c1vila Rojas y Mario Meneses Pozos, titular de la Delegaci\u00f3n L\u00e1zaro C\u00e1rdenas del R\u00edo.<\/p>\n\n\t\t<style type=\"text\/css\">\n\t\t\t#gallery-1 {\n\t\t\t\tmargin: auto;\n\t\t\t}\n\t\t\t#gallery-1 .gallery-item {\n\t\t\t\tfloat: left;\n\t\t\t\tmargin-top: 10px;\n\t\t\t\ttext-align: center;\n\t\t\t\twidth: 33%;\n\t\t\t}\n\t\t\t#gallery-1 img {\n\t\t\t\tborder: 2px solid #cfcfcf;\n\t\t\t}\n\t\t\t#gallery-1 .gallery-caption {\n\t\t\t\tmargin-left: 0;\n\t\t\t}\n\t\t\t\/* see gallery_shortcode() in wp-includes\/media.php *\/\n\t\t<\/style>\n\t\t<div id='gallery-1' class='gallery galleryid-42176 gallery-columns-3 gallery-size-thumbnail'><dl class='gallery-item'>\n\t\t\t<dt class='gallery-icon landscape'>\n\t\t\t\t<a href='https:\/\/cuernavaca.gob.mx\/?attachment_id=42177'><img width=\"150\" height=\"150\" src=\"https:\/\/cuernavaca.gob.mx\/wp-content\/uploads\/2024\/07\/PONE-EN-MARCHA-JOSE\u0301-LUIS-URIO\u0301STEGUI-TRABAJOS-DE-REHABILITACIO\u0301N-LINEA-DE-AGUA-POTABLE-EN-AVENIDA-PALMIRA-1-150x150.jpg\" class=\"attachment-thumbnail size-thumbnail\" alt=\"\" loading=\"lazy\" \/><\/a>\n\t\t\t<\/dt><\/dl><dl class='gallery-item'>\n\t\t\t<dt class='gallery-icon landscape'>\n\t\t\t\t<a href='https:\/\/cuernavaca.gob.mx\/?attachment_id=42178'><img width=\"150\" height=\"150\" src=\"https:\/\/cuernavaca.gob.mx\/wp-content\/uploads\/2024\/07\/PONE-EN-MARCHA-JOSE\u0301-LUIS-URIO\u0301STEGUI-TRABAJOS-DE-REHABILITACIO\u0301N-LINEA-DE-AGUA-POTABLE-EN-AVENIDA-PALMIRA-2-150x150.jpg\" class=\"attachment-thumbnail size-thumbnail\" alt=\"\" loading=\"lazy\" \/><\/a>\n\t\t\t<\/dt><\/dl><dl class='gallery-item'>\n\t\t\t<dt class='gallery-icon landscape'>\n\t\t\t\t<a href='https:\/\/cuernavaca.gob.mx\/?attachment_id=42179'><img width=\"150\" height=\"150\" src=\"https:\/\/cuernavaca.gob.mx\/wp-content\/uploads\/2024\/07\/PONE-EN-MARCHA-JOSE\u0301-LUIS-URIO\u0301STEGUI-TRABAJOS-DE-REHABILITACIO\u0301N-LINEA-DE-AGUA-POTABLE-EN-AVENIDA-PALMIRA-3-150x150.jpg\" class=\"attachment-thumbnail size-thumbnail\" alt=\"\" loading=\"lazy\" \/><\/a>\n\t\t\t<\/dt><\/dl><br style=\"clear: both\" \/><dl class='gallery-item'>\n\t\t\t<dt class='gallery-icon landscape'>\n\t\t\t\t<a href='https:\/\/cuernavaca.gob.mx\/?attachment_id=42180'><img width=\"150\" height=\"150\" src=\"https:\/\/cuernavaca.gob.mx\/wp-content\/uploads\/2024\/07\/PONE-EN-MARCHA-JOSE\u0301-LUIS-URIO\u0301STEGUI-TRABAJOS-DE-REHABILITACIO\u0301N-LINEA-DE-AGUA-POTABLE-EN-AVENIDA-PALMIRA-4-150x150.jpg\" class=\"attachment-thumbnail size-thumbnail\" alt=\"\" loading=\"lazy\" \/><\/a>\n\t\t\t<\/dt><\/dl><dl class='gallery-item'>\n\t\t\t<dt class='gallery-icon landscape'>\n\t\t\t\t<a href='https:\/\/cuernavaca.gob.mx\/?attachment_id=42181'><img width=\"150\" height=\"150\" src=\"https:\/\/cuernavaca.gob.mx\/wp-content\/uploads\/2024\/07\/PONE-EN-MARCHA-JOSE\u0301-LUIS-URIO\u0301STEGUI-TRABAJOS-DE-REHABILITACIO\u0301N-LINEA-DE-AGUA-POTABLE-EN-AVENIDA-PALMIRA-5-150x150.jpg\" class=\"attachment-thumbnail size-thumbnail\" alt=\"\" loading=\"lazy\" \/><\/a>\n\t\t\t<\/dt><\/dl><dl class='gallery-item'>\n\t\t\t<dt class='gallery-icon landscape'>\n\t\t\t\t<a href='https:\/\/cuernavaca.gob.mx\/?attachment_id=42182'><img width=\"150\" height=\"150\" src=\"https:\/\/cuernavaca.gob.mx\/wp-content\/uploads\/2024\/07\/PONE-EN-MARCHA-JOSE\u0301-LUIS-URIO\u0301STEGUI-TRABAJOS-DE-REHABILITACIO\u0301N-LINEA-DE-AGUA-POTABLE-EN-AVENIDA-PALMIRA-6-150x150.jpg\" class=\"attachment-thumbnail size-thumbnail\" alt=\"\" loading=\"lazy\" \/><\/a>\n\t\t\t<\/dt><\/dl><br style=\"clear: both\" \/>\n\t\t<\/div>\n\n","protected":false},"excerpt":{"rendered":"<p>\u2022 El presidente municipal dio el banderazo de esta obra que se realiza con recursos propios recaudados por el Ayuntamiento y se estima un periodo de ejecuci\u00f3n de 90 d\u00edas naturales Con una inversi\u00f3n de siete millones 744 mil 178.29 pesos de recursos propios municipales, el Ayuntamiento de Cuernavaca est\u00e1 llevando a cabo la rehabilitaci\u00f3n [&hellip;]<\/p>\n","protected":false},"author":1,"featured_media":42179,"comment_status":"closed","ping_status":"open","sticky":false,"template":"","format":"standard","meta":[],"categories":[18],"tags":[395,615,916,121,120,206,1075,213,127,138],"aioseo_notices":[],"_links":{"self":[{"href":"https:\/\/cuernavaca.gob.mx\/index.php?rest_route=\/wp\/v2\/posts\/42176"}],"collection":[{"href":"https:\/\/cuernavaca.gob.mx\/index.php?rest_route=\/wp\/v2\/posts"}],"about":[{"href":"https:\/\/cuernavaca.gob.mx\/index.php?rest_route=\/wp\/v2\/types\/post"}],"author":[{"embeddable":true,"href":"https:\/\/cuernavaca.gob.mx\/index.php?rest_route=\/wp\/v2\/users\/1"}],"replies":[{"embeddable":true,"href":"https:\/\/cuernavaca.gob.mx\/index.php?rest_route=%2Fwp%2Fv2%2Fcomments&post=42176"}],"version-history":[{"count":1,"href":"https:\/\/cuernavaca.gob.mx\/index.php?rest_route=\/wp\/v2\/posts\/42176\/revisions"}],"predecessor-version":[{"id":42183,"href":"https:\/\/cuernavaca.gob.mx\/index.php?rest_route=\/wp\/v2\/posts\/42176\/revisions\/42183"}],"wp:featuredmedia":[{"embeddable":true,"href":"https:\/\/cuernavaca.gob.mx\/index.php?rest_route=\/wp\/v2\/media\/42179"}],"wp:attachment":[{"href":"https:\/\/cuernavaca.gob.mx\/index.php?rest_route=%2Fwp%2Fv2%2Fmedia&parent=42176"}],"wp:term":[{"taxonomy":"category","embeddable":true,"href":"https:\/\/cuernavaca.gob.mx\/index.php?rest_route=%2Fwp%2Fv2%2Fcategories&post=42176"},{"taxonomy":"post_tag","embeddable":true,"href":"https:\/\/cuernavaca.gob.mx\/index.php?rest_route=%2Fwp%2Fv2%2Ftags&post=42176"}],"curies":[{"name":"wp","href":"https:\/\/api.w.org\/{rel}","templated":true}]}}