{"id":42201,"date":"2024-07-16T15:52:36","date_gmt":"2024-07-16T21:52:36","guid":{"rendered":"https:\/\/cuernavaca.gob.mx\/?p=42201"},"modified":"2024-07-16T17:56:36","modified_gmt":"2024-07-16T23:56:36","slug":"b1845-16-07-24-da-jose-luis-uriostegui-continuidad-a-la-rehabilitacion-de-la-linea-de-agua-potable-de-la-avenida-gustavo-petriccioli-en-lomas-de-ahuatlan","status":"publish","type":"post","link":"https:\/\/cuernavaca.gob.mx\/?p=42201","title":{"rendered":"B1845 16\/07\/24 DA JOS\u00c9 LUIS URI\u00d3STEGUI CONTINUIDAD A LA REHABILITACI\u00d3N DE LA L\u00cdNEA DE AGUA POTABLE DE LA AVENIDA GUSTAVO PETRICCIOLI EN LOMAS DE AHUATL\u00c1N"},"content":{"rendered":"<p><strong>\u2022 Se destinaron dos millones 399 mil 977.79 pesos del fondo de recursos propios municipales para rehabilitar 414 metros de tuber\u00eda de agua potable<\/strong><\/p>\n<p><strong>\u2022 Esta obra se suma a varias intervenciones que se han hecho en la zona, para la cual han invertido 20 millones de pesos en materia de obra y servicios p\u00fablicos, as\u00ed como el rescate del Parque Denver<\/strong><\/p>\n<p>El presidente municipal de Cuernavaca, Jos\u00e9 Luis Uri\u00f3stegui Salgado, da continuidad al programa de rehabilitaci\u00f3n de tuber\u00eda de agua potable en la avenida Gustavo Petriccioli en la colonia Lomas de Ahuatl\u00e1n, donde con un monto de inversi\u00f3n de dos millones 399 mil 977.79 pesos del fondo de recursos propios, se modernizar\u00e1n de 414 metros de l\u00ednea de agua, lo que optimizar\u00e1 los servicios en esta zona de la ciudad, destinado en suma m\u00e1s de 20 millones de pesos para mejorar la calidad de vida de sus habitantes.<\/p>\n<p>Al dar el banderazo de arranque de la obra, Jos\u00e9 Luis Uri\u00f3stegui resalt\u00f3 que el buen manejo de las finanzas p\u00fablica ha dado como resultado que puedan destinar inversiones hist\u00f3ricas a diversas colonias y poblados para que la capital morelense avance de forma homog\u00e9nea, invirtiendo este a\u00f1o casi 60 millones de pesos para cambiar 23 kil\u00f3metros de tuber\u00eda de agua potable, ya que, si bien a Cuernavaca no le falta agua en el subsuelo, la forma de hacerla llegar a las casas es obsoleta al contar con tuber\u00edas que datan de casi 50 a\u00f1os.<\/p>\n<p>El secretario de Desarrollo Urbano y Obras P\u00fablicas, Demetrio Chavira de la Torre, detall\u00f3 que en 30 d\u00edas naturales llevar\u00e1n a cabo la colocaci\u00f3n de un tubo PEAD liso hidr\u00e1ulico RD- 11 de ocho pulgadas de di\u00e1metro en 414 metros lineales, el acostillado de la tuber\u00eda, el atraque de concreto para tuber\u00eda de ocho pulgadas de di\u00e1metro en 12 piezas, cuatro cajas para operaci\u00f3n de v\u00e1lvulas, as\u00ed como la recuperaci\u00f3n del pavimento en 15 cent\u00edmetros de espesor a base de concreto premezclado con una resistencia de 250 kg\/cm2 en 331.20 metros cuadrados y la reposici\u00f3n de 30 tomas domiciliarias.<\/p>\n<p>Cabe mencionar que esta obra se suma a la segunda etapa de intervenci\u00f3n que est\u00e1 realizando el Gobierno Municipal en la avenida Gustavo Petriccioli, la cual inici\u00f3 en el mes de mayo con la rehabilitaci\u00f3n de la l\u00ednea de agua potable de ocho pulgadas.<\/p>\n<p>A nombre del Cabildo, la s\u00edndica municipal, Catalina Ver\u00f3nica Atenco P\u00e9rez, resalt\u00f3 la necesidad de atenci\u00f3n urgente que ten\u00eda esta zona de la ciudad que ha sido intervenida de manera permanente por la presente administraci\u00f3n ante el manejo transparente y eficiente que han tenido de los recursos p\u00fablicos, al solventar adeudos heredados como fueron a dos instituciones bancarias.<\/p>\n<p>Finalmente, Lourdes Aguirre, vecina de la avenida Gustavo Petriccioli, destac\u00f3 que la gesti\u00f3n de Jos\u00e9 Luis Uri\u00f3stegui ha sido muy importante para los ciudadanos de Cuernavaca, al encabezar obras integrales que repercutir\u00e1n en el bienestar colectivo.<\/p>\n<p>Al arranque de obra asistieron el regidor Fernando Carrillo Alvarado, el secretario de Desarrollo Sustentable y Servicios P\u00fablicos, Israel Albavera V\u00e1zquez; los titulares de la Direcci\u00f3n T\u00e9cnica y de la Direcci\u00f3n de Saneamiento y Calidad del Agua de SAPAC, H\u00e9ctor Polanco Ch\u00e1vez y Gonzalo \u00c1vila Rojas, respectivamente; el coordinador del COPLADEMUN, Luis Enrique Mart\u00ednez Catal\u00e1n y el ayudante municipal de Tetela del Monte, Roberto Rodr\u00edguez Quintero.<\/p>\n\n\t\t<style type=\"text\/css\">\n\t\t\t#gallery-1 {\n\t\t\t\tmargin: auto;\n\t\t\t}\n\t\t\t#gallery-1 .gallery-item {\n\t\t\t\tfloat: left;\n\t\t\t\tmargin-top: 10px;\n\t\t\t\ttext-align: center;\n\t\t\t\twidth: 33%;\n\t\t\t}\n\t\t\t#gallery-1 img {\n\t\t\t\tborder: 2px solid #cfcfcf;\n\t\t\t}\n\t\t\t#gallery-1 .gallery-caption {\n\t\t\t\tmargin-left: 0;\n\t\t\t}\n\t\t\t\/* see gallery_shortcode() in wp-includes\/media.php *\/\n\t\t<\/style>\n\t\t<div id='gallery-1' class='gallery galleryid-42201 gallery-columns-3 gallery-size-thumbnail'><dl class='gallery-item'>\n\t\t\t<dt class='gallery-icon landscape'>\n\t\t\t\t<a href='https:\/\/cuernavaca.gob.mx\/?attachment_id=42202'><img width=\"150\" height=\"150\" src=\"https:\/\/cuernavaca.gob.mx\/wp-content\/uploads\/2024\/07\/DA-JOSE\u0301-LUIS-URIO\u0301STEGUI-CONTINUIDAD-A-LA-REHABILITACIO\u0301N-DE-LA-LI\u0301NEA-DE-AGUA-POTABLE-DE-LA-AVENIDA-GUSTAVO-PETRICCIOLI-EN-LOMAS-DE-AHUATLA\u0301N-1-150x150.jpg\" class=\"attachment-thumbnail size-thumbnail\" alt=\"\" loading=\"lazy\" \/><\/a>\n\t\t\t<\/dt><\/dl><dl class='gallery-item'>\n\t\t\t<dt class='gallery-icon landscape'>\n\t\t\t\t<a href='https:\/\/cuernavaca.gob.mx\/?attachment_id=42203'><img width=\"150\" height=\"150\" src=\"https:\/\/cuernavaca.gob.mx\/wp-content\/uploads\/2024\/07\/DA-JOSE\u0301-LUIS-URIO\u0301STEGUI-CONTINUIDAD-A-LA-REHABILITACIO\u0301N-DE-LA-LI\u0301NEA-DE-AGUA-POTABLE-DE-LA-AVENIDA-GUSTAVO-PETRICCIOLI-EN-LOMAS-DE-AHUATLA\u0301N-2-150x150.jpg\" class=\"attachment-thumbnail size-thumbnail\" alt=\"\" loading=\"lazy\" \/><\/a>\n\t\t\t<\/dt><\/dl><dl class='gallery-item'>\n\t\t\t<dt class='gallery-icon landscape'>\n\t\t\t\t<a href='https:\/\/cuernavaca.gob.mx\/?attachment_id=42204'><img width=\"150\" height=\"150\" src=\"https:\/\/cuernavaca.gob.mx\/wp-content\/uploads\/2024\/07\/DA-JOSE\u0301-LUIS-URIO\u0301STEGUI-CONTINUIDAD-A-LA-REHABILITACIO\u0301N-DE-LA-LI\u0301NEA-DE-AGUA-POTABLE-DE-LA-AVENIDA-GUSTAVO-PETRICCIOLI-EN-LOMAS-DE-AHUATLA\u0301N-3-150x150.jpg\" class=\"attachment-thumbnail size-thumbnail\" alt=\"\" loading=\"lazy\" \/><\/a>\n\t\t\t<\/dt><\/dl><br style=\"clear: both\" \/><dl class='gallery-item'>\n\t\t\t<dt class='gallery-icon landscape'>\n\t\t\t\t<a href='https:\/\/cuernavaca.gob.mx\/?attachment_id=42205'><img width=\"150\" height=\"150\" src=\"https:\/\/cuernavaca.gob.mx\/wp-content\/uploads\/2024\/07\/DA-JOSE\u0301-LUIS-URIO\u0301STEGUI-CONTINUIDAD-A-LA-REHABILITACIO\u0301N-DE-LA-LI\u0301NEA-DE-AGUA-POTABLE-DE-LA-AVENIDA-GUSTAVO-PETRICCIOLI-EN-LOMAS-DE-AHUATLA\u0301N-4-150x150.jpg\" class=\"attachment-thumbnail size-thumbnail\" alt=\"\" loading=\"lazy\" \/><\/a>\n\t\t\t<\/dt><\/dl><dl class='gallery-item'>\n\t\t\t<dt class='gallery-icon landscape'>\n\t\t\t\t<a href='https:\/\/cuernavaca.gob.mx\/?attachment_id=42206'><img width=\"150\" height=\"150\" src=\"https:\/\/cuernavaca.gob.mx\/wp-content\/uploads\/2024\/07\/DA-JOSE\u0301-LUIS-URIO\u0301STEGUI-CONTINUIDAD-A-LA-REHABILITACIO\u0301N-DE-LA-LI\u0301NEA-DE-AGUA-POTABLE-DE-LA-AVENIDA-GUSTAVO-PETRICCIOLI-EN-LOMAS-DE-AHUATLA\u0301N-5-150x150.jpg\" class=\"attachment-thumbnail size-thumbnail\" alt=\"\" loading=\"lazy\" \/><\/a>\n\t\t\t<\/dt><\/dl><dl class='gallery-item'>\n\t\t\t<dt class='gallery-icon landscape'>\n\t\t\t\t<a href='https:\/\/cuernavaca.gob.mx\/?attachment_id=42207'><img width=\"150\" height=\"150\" src=\"https:\/\/cuernavaca.gob.mx\/wp-content\/uploads\/2024\/07\/DA-JOSE\u0301-LUIS-URIO\u0301STEGUI-CONTINUIDAD-A-LA-REHABILITACIO\u0301N-DE-LA-LI\u0301NEA-DE-AGUA-POTABLE-DE-LA-AVENIDA-GUSTAVO-PETRICCIOLI-EN-LOMAS-DE-AHUATLA\u0301N-6-150x150.jpg\" class=\"attachment-thumbnail size-thumbnail\" alt=\"\" loading=\"lazy\" \/><\/a>\n\t\t\t<\/dt><\/dl><br style=\"clear: both\" \/><dl class='gallery-item'>\n\t\t\t<dt class='gallery-icon landscape'>\n\t\t\t\t<a href='https:\/\/cuernavaca.gob.mx\/?attachment_id=42208'><img width=\"150\" height=\"150\" src=\"https:\/\/cuernavaca.gob.mx\/wp-content\/uploads\/2024\/07\/DA-JOSE\u0301-LUIS-URIO\u0301STEGUI-CONTINUIDAD-A-LA-REHABILITACIO\u0301N-DE-LA-LI\u0301NEA-DE-AGUA-POTABLE-DE-LA-AVENIDA-GUSTAVO-PETRICCIOLI-EN-LOMAS-DE-AHUATLA\u0301N-7-150x150.jpg\" class=\"attachment-thumbnail size-thumbnail\" alt=\"\" loading=\"lazy\" \/><\/a>\n\t\t\t<\/dt><\/dl><dl class='gallery-item'>\n\t\t\t<dt class='gallery-icon landscape'>\n\t\t\t\t<a href='https:\/\/cuernavaca.gob.mx\/?attachment_id=42209'><img width=\"150\" height=\"150\" src=\"https:\/\/cuernavaca.gob.mx\/wp-content\/uploads\/2024\/07\/DA-JOSE\u0301-LUIS-URIO\u0301STEGUI-CONTINUIDAD-A-LA-REHABILITACIO\u0301N-DE-LA-LI\u0301NEA-DE-AGUA-POTABLE-DE-LA-AVENIDA-GUSTAVO-PETRICCIOLI-EN-LOMAS-DE-AHUATLA\u0301N-8-150x150.jpg\" class=\"attachment-thumbnail size-thumbnail\" alt=\"\" loading=\"lazy\" \/><\/a>\n\t\t\t<\/dt><\/dl>\n\t\t\t<br style='clear: both' \/>\n\t\t<\/div>\n\n","protected":false},"excerpt":{"rendered":"<p>\u2022 Se destinaron dos millones 399 mil 977.79 pesos del fondo de recursos propios municipales para rehabilitar 414 metros de tuber\u00eda de agua potable \u2022 Esta obra se suma a varias intervenciones que se han hecho en la zona, para la cual han invertido 20 millones de pesos en materia de obra y servicios p\u00fablicos, [&hellip;]<\/p>\n","protected":false},"author":1,"featured_media":42204,"comment_status":"closed","ping_status":"open","sticky":false,"template":"","format":"standard","meta":[],"categories":[18],"tags":[615,121,515,120,206,1075,213,127],"aioseo_notices":[],"_links":{"self":[{"href":"https:\/\/cuernavaca.gob.mx\/index.php?rest_route=\/wp\/v2\/posts\/42201"}],"collection":[{"href":"https:\/\/cuernavaca.gob.mx\/index.php?rest_route=\/wp\/v2\/posts"}],"about":[{"href":"https:\/\/cuernavaca.gob.mx\/index.php?rest_route=\/wp\/v2\/types\/post"}],"author":[{"embeddable":true,"href":"https:\/\/cuernavaca.gob.mx\/index.php?rest_route=\/wp\/v2\/users\/1"}],"replies":[{"embeddable":true,"href":"https:\/\/cuernavaca.gob.mx\/index.php?rest_route=%2Fwp%2Fv2%2Fcomments&post=42201"}],"version-history":[{"count":1,"href":"https:\/\/cuernavaca.gob.mx\/index.php?rest_route=\/wp\/v2\/posts\/42201\/revisions"}],"predecessor-version":[{"id":42210,"href":"https:\/\/cuernavaca.gob.mx\/index.php?rest_route=\/wp\/v2\/posts\/42201\/revisions\/42210"}],"wp:featuredmedia":[{"embeddable":true,"href":"https:\/\/cuernavaca.gob.mx\/index.php?rest_route=\/wp\/v2\/media\/42204"}],"wp:attachment":[{"href":"https:\/\/cuernavaca.gob.mx\/index.php?rest_route=%2Fwp%2Fv2%2Fmedia&parent=42201"}],"wp:term":[{"taxonomy":"category","embeddable":true,"href":"https:\/\/cuernavaca.gob.mx\/index.php?rest_route=%2Fwp%2Fv2%2Fcategories&post=42201"},{"taxonomy":"post_tag","embeddable":true,"href":"https:\/\/cuernavaca.gob.mx\/index.php?rest_route=%2Fwp%2Fv2%2Ftags&post=42201"}],"curies":[{"name":"wp","href":"https:\/\/api.w.org\/{rel}","templated":true}]}}