{"id":42222,"date":"2024-07-17T13:00:03","date_gmt":"2024-07-17T19:00:03","guid":{"rendered":"https:\/\/cuernavaca.gob.mx\/?p=42222"},"modified":"2024-07-17T18:34:20","modified_gmt":"2024-07-18T00:34:20","slug":"b1846-17-07-24-ayuntamiento-de-cuernavaca-en-colaboracion-con-empresas-impulsa-oportunidades-para-buscadores-de-empleo-formal-en-la-capital-del-estado","status":"publish","type":"post","link":"https:\/\/cuernavaca.gob.mx\/?p=42222","title":{"rendered":"B1846 17\/07\/24 AYUNTAMIENTO DE CUERNAVACA EN COLABORACI\u00d3N CON EMPRESAS IMPULSA OPORTUNIDADES PARA BUSCADORES DE EMPLEO FORMAL EN LA CAPITAL DEL ESTADO"},"content":{"rendered":"<div><strong>\u2022 El presidente municipal Jos\u00e9 Luis Uri\u00f3stegui encabez\u00f3 este mi\u00e9rcoles la d\u00e9cima edici\u00f3n de la Feria del Empleo en la sede de Papagayo<\/strong><\/div>\n<div><\/div>\n<div><strong>\u2022 En esta jornada participaron m\u00e1s de 60 empresas que ofrecieron un promedio de 650 vacantes formales\u00a0<\/strong><\/div>\n<div><\/div>\n<div>Cada vez son m\u00e1s los cuernavaquenses y habitantes de municipios de la zona metropolitana que acceden a un empleo formal y remunerado a trav\u00e9s de las Ferias del Empleo que organiza el Ayuntamiento de Cuernavaca a trav\u00e9s de la Direcci\u00f3n de Fomento Empresarial y al Empleo de la Secretar\u00eda de Desarrollo Econ\u00f3mico y Turismo, las cuales como parte de la agenda de reactivaci\u00f3n econ\u00f3mica est\u00e1n dirigidas, no solo a personas mayores de 18 a\u00f1os, sino tambi\u00e9n a personas de la tercera edad y con discapacidad, fomentando la inclusi\u00f3n laboral y la igualdad de oportunidades dignas.<\/div>\n<div><\/div>\n<div>Con la participaci\u00f3n de m\u00e1s de 60 empresas que ofrecieron un promedio de 650 vacantes, el presidente municipal, Jos\u00e9 Luis Uri\u00f3stegui Salgado, recorri\u00f3 este mi\u00e9rcoles la d\u00e9cima edici\u00f3n en la sede Papagayo del Ayuntamiento de Cuernavaca, donde resalt\u00f3 la importancia que ha tenido para su administraci\u00f3n que la poblaci\u00f3n se ocupe en trabajos l\u00edcitos, de preferencia trabajos formales que les brinden prestaciones de seguridad social y la garant\u00eda de un empleo a largo plazo.<\/div>\n<div><\/div>\n<div>Precis\u00f3 que por medio de las ferias buscan que sin ser especializados empresas transnacionales, nacionales y locales tomen en cuenta a las personas de diferentes grupos etarios, mujeres y hombres y personas con discapacidad que normalmente son a quienes menos se observa al momento de generar empleos, ya que la administraci\u00f3n trabaja si bien en obras y servicios p\u00fablicos, tambi\u00e9n en la vinculaci\u00f3n de la poblaci\u00f3n para mejorar su calidad de vida.<\/div>\n<div><\/div>\n<div>En su intervenci\u00f3n, el director de Fomento Empresarial y al Empleo, Eduardo S\u00e1nchez Mart\u00ednez, puntualiz\u00f3 que bajo la instrucci\u00f3n del alcalde Jos\u00e9 Luis Uri\u00f3stegui Salgado y al no existir previamente en Cuernavaca ferias del empleo organizadas por el municipio, consideraron necesario abrir estos espacios para acercar a los empleadores con las personas que requieren una oportunidad laboral, creando adem\u00e1s la Oficina del Empleo donde han establecido una conectividad con la iniciativa privada para ofrecer de manera permanente vacantes, acercando por semana a entre 20 a 30 personas.<\/div>\n<div><\/div>\n<div>Algunas de las empresas participantes en esta d\u00e9cima edici\u00f3n fueron Farmacias Guadalajara, FEMSA, Coppel, Nissan, IZZI Operaciones y Call Center, Industrias Lavin, ganaderos productores de leche, Elektra, Unila, Tiendas 3B, Old Natura, Galer\u00edas, Cruz Roja Mexicana, entre muchas m\u00e1s, adem\u00e1s de dependencias municipales como el Sistema Municipal DIF Cuernavaca, el Instituto de la Mujer de Cuernavaca (IMC), el Instituto de la Juventud y SEPRAC.<\/div>\n<div><\/div>\n<div>En el acto inaugural se cont\u00f3 con la presencia de la presidenta de la Asociaci\u00f3n Mexicana de Mujeres Empresarias, Roc\u00edo Rodr\u00edguez Covarrubia; el presidente de Canaco- ServyTur Cuernavaca, David Ricardo L\u00f3pez Jim\u00e9nez y el presidente de Canacintra Morelos, Eduardo Medina Carvajal.<\/div>\n<div>\n\n\t\t<style type=\"text\/css\">\n\t\t\t#gallery-1 {\n\t\t\t\tmargin: auto;\n\t\t\t}\n\t\t\t#gallery-1 .gallery-item {\n\t\t\t\tfloat: left;\n\t\t\t\tmargin-top: 10px;\n\t\t\t\ttext-align: center;\n\t\t\t\twidth: 33%;\n\t\t\t}\n\t\t\t#gallery-1 img {\n\t\t\t\tborder: 2px solid #cfcfcf;\n\t\t\t}\n\t\t\t#gallery-1 .gallery-caption {\n\t\t\t\tmargin-left: 0;\n\t\t\t}\n\t\t\t\/* see gallery_shortcode() in wp-includes\/media.php *\/\n\t\t<\/style>\n\t\t<div id='gallery-1' class='gallery galleryid-42222 gallery-columns-3 gallery-size-thumbnail'><dl class='gallery-item'>\n\t\t\t<dt class='gallery-icon landscape'>\n\t\t\t\t<a href='https:\/\/cuernavaca.gob.mx\/?attachment_id=42223'><img width=\"150\" height=\"150\" src=\"https:\/\/cuernavaca.gob.mx\/wp-content\/uploads\/2024\/07\/AYUNTAMIENTO-DE-CUERNAVACA-EN-COLABORACION-CON-EMPRESAS-IMPULSA-OPORTUNIDADES-PARA-BUSCADORES-DE-EMPLEO-FORMAL-EN-LA-CAPITAL-DEL-ESTADO-1-150x150.jpeg\" class=\"attachment-thumbnail size-thumbnail\" alt=\"\" loading=\"lazy\" \/><\/a>\n\t\t\t<\/dt><\/dl><dl class='gallery-item'>\n\t\t\t<dt class='gallery-icon landscape'>\n\t\t\t\t<a href='https:\/\/cuernavaca.gob.mx\/?attachment_id=42224'><img width=\"150\" height=\"150\" src=\"https:\/\/cuernavaca.gob.mx\/wp-content\/uploads\/2024\/07\/AYUNTAMIENTO-DE-CUERNAVACA-EN-COLABORACION-CON-EMPRESAS-IMPULSA-OPORTUNIDADES-PARA-BUSCADORES-DE-EMPLEO-FORMAL-EN-LA-CAPITAL-DEL-ESTADO-2-150x150.jpeg\" class=\"attachment-thumbnail size-thumbnail\" alt=\"\" loading=\"lazy\" \/><\/a>\n\t\t\t<\/dt><\/dl><dl class='gallery-item'>\n\t\t\t<dt class='gallery-icon landscape'>\n\t\t\t\t<a href='https:\/\/cuernavaca.gob.mx\/?attachment_id=42225'><img width=\"150\" height=\"150\" src=\"https:\/\/cuernavaca.gob.mx\/wp-content\/uploads\/2024\/07\/AYUNTAMIENTO-DE-CUERNAVACA-EN-COLABORACION-CON-EMPRESAS-IMPULSA-OPORTUNIDADES-PARA-BUSCADORES-DE-EMPLEO-FORMAL-EN-LA-CAPITAL-DEL-ESTADO-3-150x150.jpeg\" class=\"attachment-thumbnail size-thumbnail\" alt=\"\" loading=\"lazy\" \/><\/a>\n\t\t\t<\/dt><\/dl><br style=\"clear: both\" \/><dl class='gallery-item'>\n\t\t\t<dt class='gallery-icon landscape'>\n\t\t\t\t<a href='https:\/\/cuernavaca.gob.mx\/?attachment_id=42226'><img width=\"150\" height=\"150\" src=\"https:\/\/cuernavaca.gob.mx\/wp-content\/uploads\/2024\/07\/AYUNTAMIENTO-DE-CUERNAVACA-EN-COLABORACION-CON-EMPRESAS-IMPULSA-OPORTUNIDADES-PARA-BUSCADORES-DE-EMPLEO-FORMAL-EN-LA-CAPITAL-DEL-ESTADO-4-150x150.jpeg\" class=\"attachment-thumbnail size-thumbnail\" alt=\"\" loading=\"lazy\" \/><\/a>\n\t\t\t<\/dt><\/dl><dl class='gallery-item'>\n\t\t\t<dt class='gallery-icon landscape'>\n\t\t\t\t<a href='https:\/\/cuernavaca.gob.mx\/?attachment_id=42227'><img width=\"150\" height=\"150\" src=\"https:\/\/cuernavaca.gob.mx\/wp-content\/uploads\/2024\/07\/AYUNTAMIENTO-DE-CUERNAVACA-EN-COLABORACION-CON-EMPRESAS-IMPULSA-OPORTUNIDADES-PARA-BUSCADORES-DE-EMPLEO-FORMAL-EN-LA-CAPITAL-DEL-ESTADO-5-150x150.jpeg\" class=\"attachment-thumbnail size-thumbnail\" alt=\"\" loading=\"lazy\" \/><\/a>\n\t\t\t<\/dt><\/dl><dl class='gallery-item'>\n\t\t\t<dt class='gallery-icon landscape'>\n\t\t\t\t<a href='https:\/\/cuernavaca.gob.mx\/?attachment_id=42228'><img width=\"150\" height=\"150\" src=\"https:\/\/cuernavaca.gob.mx\/wp-content\/uploads\/2024\/07\/AYUNTAMIENTO-DE-CUERNAVACA-EN-COLABORACION-CON-EMPRESAS-IMPULSA-OPORTUNIDADES-PARA-BUSCADORES-DE-EMPLEO-FORMAL-EN-LA-CAPITAL-DEL-ESTADO-6-150x150.jpeg\" class=\"attachment-thumbnail size-thumbnail\" alt=\"\" loading=\"lazy\" \/><\/a>\n\t\t\t<\/dt><\/dl><br style=\"clear: both\" \/><dl class='gallery-item'>\n\t\t\t<dt class='gallery-icon landscape'>\n\t\t\t\t<a href='https:\/\/cuernavaca.gob.mx\/?attachment_id=42229'><img width=\"150\" height=\"150\" src=\"https:\/\/cuernavaca.gob.mx\/wp-content\/uploads\/2024\/07\/AYUNTAMIENTO-DE-CUERNAVACA-EN-COLABORACION-CON-EMPRESAS-IMPULSA-OPORTUNIDADES-PARA-BUSCADORES-DE-EMPLEO-FORMAL-EN-LA-CAPITAL-DEL-ESTADO-7-150x150.jpeg\" class=\"attachment-thumbnail size-thumbnail\" alt=\"\" loading=\"lazy\" \/><\/a>\n\t\t\t<\/dt><\/dl><dl class='gallery-item'>\n\t\t\t<dt class='gallery-icon landscape'>\n\t\t\t\t<a href='https:\/\/cuernavaca.gob.mx\/?attachment_id=42230'><img width=\"150\" height=\"150\" src=\"https:\/\/cuernavaca.gob.mx\/wp-content\/uploads\/2024\/07\/AYUNTAMIENTO-DE-CUERNAVACA-EN-COLABORACION-CON-EMPRESAS-IMPULSA-OPORTUNIDADES-PARA-BUSCADORES-DE-EMPLEO-FORMAL-EN-LA-CAPITAL-DEL-ESTADO-8-150x150.jpeg\" class=\"attachment-thumbnail size-thumbnail\" alt=\"\" loading=\"lazy\" \/><\/a>\n\t\t\t<\/dt><\/dl><dl class='gallery-item'>\n\t\t\t<dt class='gallery-icon landscape'>\n\t\t\t\t<a href='https:\/\/cuernavaca.gob.mx\/?attachment_id=42231'><img width=\"150\" height=\"150\" src=\"https:\/\/cuernavaca.gob.mx\/wp-content\/uploads\/2024\/07\/AYUNTAMIENTO-DE-CUERNAVACA-EN-COLABORACION-CON-EMPRESAS-IMPULSA-OPORTUNIDADES-PARA-BUSCADORES-DE-EMPLEO-FORMAL-EN-LA-CAPITAL-DEL-ESTADO-9-150x150.jpeg\" class=\"attachment-thumbnail size-thumbnail\" alt=\"\" loading=\"lazy\" \/><\/a>\n\t\t\t<\/dt><\/dl><br style=\"clear: both\" \/>\n\t\t<\/div>\n\n<\/div>\n","protected":false},"excerpt":{"rendered":"<p>\u2022 El presidente municipal Jos\u00e9 Luis Uri\u00f3stegui encabez\u00f3 este mi\u00e9rcoles la d\u00e9cima edici\u00f3n de la Feria del Empleo en la sede de Papagayo \u2022 En esta jornada participaron m\u00e1s de 60 empresas que ofrecieron un promedio de 650 vacantes formales\u00a0 Cada vez son m\u00e1s los cuernavaquenses y habitantes de municipios de la zona metropolitana que [&hellip;]<\/p>\n","protected":false},"author":1,"featured_media":42230,"comment_status":"closed","ping_status":"open","sticky":false,"template":"","format":"standard","meta":[],"categories":[2294],"tags":[121,330,120,206,2508,127,372,1170],"aioseo_notices":[],"_links":{"self":[{"href":"https:\/\/cuernavaca.gob.mx\/index.php?rest_route=\/wp\/v2\/posts\/42222"}],"collection":[{"href":"https:\/\/cuernavaca.gob.mx\/index.php?rest_route=\/wp\/v2\/posts"}],"about":[{"href":"https:\/\/cuernavaca.gob.mx\/index.php?rest_route=\/wp\/v2\/types\/post"}],"author":[{"embeddable":true,"href":"https:\/\/cuernavaca.gob.mx\/index.php?rest_route=\/wp\/v2\/users\/1"}],"replies":[{"embeddable":true,"href":"https:\/\/cuernavaca.gob.mx\/index.php?rest_route=%2Fwp%2Fv2%2Fcomments&post=42222"}],"version-history":[{"count":1,"href":"https:\/\/cuernavaca.gob.mx\/index.php?rest_route=\/wp\/v2\/posts\/42222\/revisions"}],"predecessor-version":[{"id":42232,"href":"https:\/\/cuernavaca.gob.mx\/index.php?rest_route=\/wp\/v2\/posts\/42222\/revisions\/42232"}],"wp:featuredmedia":[{"embeddable":true,"href":"https:\/\/cuernavaca.gob.mx\/index.php?rest_route=\/wp\/v2\/media\/42230"}],"wp:attachment":[{"href":"https:\/\/cuernavaca.gob.mx\/index.php?rest_route=%2Fwp%2Fv2%2Fmedia&parent=42222"}],"wp:term":[{"taxonomy":"category","embeddable":true,"href":"https:\/\/cuernavaca.gob.mx\/index.php?rest_route=%2Fwp%2Fv2%2Fcategories&post=42222"},{"taxonomy":"post_tag","embeddable":true,"href":"https:\/\/cuernavaca.gob.mx\/index.php?rest_route=%2Fwp%2Fv2%2Ftags&post=42222"}],"curies":[{"name":"wp","href":"https:\/\/api.w.org\/{rel}","templated":true}]}}