{"id":42233,"date":"2024-07-17T13:15:05","date_gmt":"2024-07-17T19:15:05","guid":{"rendered":"https:\/\/cuernavaca.gob.mx\/?p=42233"},"modified":"2024-07-17T18:45:46","modified_gmt":"2024-07-18T00:45:46","slug":"b1847-17-07-24-aprueba-cabildo-de-cuernavaca-tres-obras-solicitadas-por-sapac-con-recursos-que-se-invertiran-en-conjunto-con-la-conagua","status":"publish","type":"post","link":"https:\/\/cuernavaca.gob.mx\/?p=42233","title":{"rendered":"B1847 17\/07\/24 APRUEBA CABILDO DE CUERNAVACA TRES OBRAS SOLICITADAS POR SAPAC CON RECURSOS QUE SE INVERTIRAN EN CONJUNTO CON LA CONAGUA"},"content":{"rendered":"<div><strong>\u2022 El alcalde Jos\u00e9 Luis Uri\u00f3stegui puntualiz\u00f3 que estas acciones tienen como prop\u00f3sito sustituir la red de l\u00edneas de agua que datan de hace 40 a\u00f1os y que generan fugas que derivan en hundimientos y socavones<\/strong><\/div>\n<div><\/div>\n<div><strong>\u2022 Las obras contemplan un monto de inversi\u00f3n de 10 millones de pesos para cambiar l\u00edneas de conducci\u00f3n en las colonias Vista Hermosa, La Pradera y Ciudad Chapultepec que han cumplido su vida \u00fatil \u00a0<\/strong><\/div>\n<div><\/div>\n<div><\/div>\n<div>El presidente municipal de Cuernavaca, Jos\u00e9 Luis Uri\u00f3stegui Salgado, puntualiz\u00f3 que a trav\u00e9s de las obras h\u00eddricas que est\u00e1n llevando a cabo este a\u00f1o han devuelto la vida \u00fatil a tuber\u00edas da\u00f1adas que ocasionaban desde hace varios a\u00f1os distintos problemas, como fugas y hundimientos en distintas zonas de la ciudad, mejorando con ello la calidad de vida de la poblaci\u00f3n al optimizar el servicio de distribuci\u00f3n del agua potable en sus hogares.<\/div>\n<div><\/div>\n<div>Lo anterior, fue acentuado en la sesi\u00f3n ordinaria de Cabildo donde aprobaron el acuerdo que autoriza tres acciones procedentes del Programa de Devoluci\u00f3n de Derechos (PRODDER) de la Comisi\u00f3n Nacional del Agua (CONAGUA) presentado por el Sistema de Agua Potable y Alcantarillado de Cuernavaca (SAPAC) por un monto de 10 millones de pesos que contempla cambios de l\u00edneas de conducci\u00f3n en las colonias Vista Hermosa, La Pradera y Ciudad Chapultepec.<\/div>\n<div><\/div>\n<div>Aqu\u00ed Jos\u00e9 Luis Uri\u00f3stegui reconoci\u00f3 el trabajo del SAPAC para priorizar la atenci\u00f3n a lugares donde la tuber\u00eda est\u00e1 m\u00e1s da\u00f1ada, al ser construida con asbesto cemento casi el 60 por ciento de los cerca de mil 200 kil\u00f3metros de tuber\u00eda que tiene la capital del estado que se utilizaba hace m\u00e1s de 40 a\u00f1os, aunque tambi\u00e9n se utiliz\u00f3 material PVC, por lo cual la han sustituido con tuber\u00eda de polietileno de alta densidad con una durabilidad m\u00ednima de 50 a\u00f1os que evita la p\u00e9rdida de agua, ya que si bien los mantos fre\u00e1ticos est\u00e1n perdiendo caudal es importante que el agua que tienen sea eficientemente utilizada para dotar a las personas que la requieren.<\/div>\n<div><\/div>\n<div>En este sentido, el director t\u00e9cnico de SAPAC, H\u00e9ctor Polanco Ch\u00e1vez, explic\u00f3 que a trav\u00e9s de este programa federal cambiar\u00e1n 660 metros de la l\u00ednea de conducci\u00f3n de 12 pulgadas de la avenida Le\u00f1eros y privada Le\u00f1eros en la colonia Vista Hermosa que desde hace m\u00e1s de 60 a\u00f1os no hab\u00eda sido cambiada y presenta fugas internas, obra que beneficiar\u00e1 a m\u00e1s de 15 mil habitantes.<\/div>\n<div><\/div>\n<div>De igual forma, se\u00f1al\u00f3 que se cambiar\u00e1n 750 metros de la l\u00ednea de conducci\u00f3n de ocho pulgadas en la avenida \u00c1vila Camacho de la colonia Pradera, que ha registrado demasiados problemas de fugas, la cual saldr\u00e1 de una de sus principales fuentes de abastecimiento, El T\u00fanel y mediante la cual podr\u00e1n meter una mayor presi\u00f3n para liberar toda la capacidad de las bombas.<\/div>\n<div><\/div>\n<div>Adem\u00e1s, dentro del proyecto se incluye el cambio de 330 metros lineales de la tuber\u00eda de 2 \u00bd pulgadas en el andador 103 de Ciudad Chapultepec, donde anteriormente resolvieron problemas de contaminaci\u00f3n en el agua potable que se mezclaba con agua del alcantarillado sanitario debido a que la tuber\u00eda en esta zona ha cumplido su vida \u00fatil y fueron construidas sin la reglamentaci\u00f3n que marca la norma.<\/div>\n<div><\/div>\n<div>Finalmente, la directora general de SAPAC, Evelia Flores Hern\u00e1ndez, destac\u00f3 la relevancia que tendr\u00e1 este programa para seguir haciendo frente a la crisis h\u00eddrica que enfrenta el organismo, no solo en cuanto a la disminuci\u00f3n del vital l\u00edquido, sino por la manera de conducirlo, aclarando que como ocurri\u00f3 con PRODDER 2023 durante la ejecuci\u00f3n de las obras no se tendr\u00e1 ninguna afectaci\u00f3n en el servicio de distribuci\u00f3n, toda vez que seguir\u00e1 funcionando la l\u00ednea antigua, y se contar\u00e1 con pipas disponibles en caso de requerirlo.<\/div>\n<div><\/div>\n<div>Cabe puntualizar que este programa fue avalado por CONAGUA estipulando que la dependencia federal aportar\u00e1 la mitad y como participaci\u00f3n municipal la diferencia; sin embargo, de acuerdo con las reglas del PRODDER, SAPAC tendr\u00e1 que poner el cien por ciento del proyecto para despu\u00e9s CONAGUA proceder a la devoluci\u00f3n de su parte.<\/div>\n<div>\n\n\t\t<style type=\"text\/css\">\n\t\t\t#gallery-1 {\n\t\t\t\tmargin: auto;\n\t\t\t}\n\t\t\t#gallery-1 .gallery-item {\n\t\t\t\tfloat: left;\n\t\t\t\tmargin-top: 10px;\n\t\t\t\ttext-align: center;\n\t\t\t\twidth: 33%;\n\t\t\t}\n\t\t\t#gallery-1 img {\n\t\t\t\tborder: 2px solid #cfcfcf;\n\t\t\t}\n\t\t\t#gallery-1 .gallery-caption {\n\t\t\t\tmargin-left: 0;\n\t\t\t}\n\t\t\t\/* see gallery_shortcode() in wp-includes\/media.php *\/\n\t\t<\/style>\n\t\t<div id='gallery-1' class='gallery galleryid-42233 gallery-columns-3 gallery-size-thumbnail'><dl class='gallery-item'>\n\t\t\t<dt class='gallery-icon landscape'>\n\t\t\t\t<a href='https:\/\/cuernavaca.gob.mx\/?attachment_id=42234'><img width=\"150\" height=\"150\" src=\"https:\/\/cuernavaca.gob.mx\/wp-content\/uploads\/2024\/07\/APRUEBA-CABILDO-DE-CUERNAVACA-TRES-OBRAS-SOLICITADAS-POR-SAPAC-CON-RECURSOS-QUE-SE-INVERTIRAN-EN-CONJUNTO-CON-LA-CONAGUA-1-150x150.jpeg\" class=\"attachment-thumbnail size-thumbnail\" alt=\"\" loading=\"lazy\" \/><\/a>\n\t\t\t<\/dt><\/dl><dl class='gallery-item'>\n\t\t\t<dt class='gallery-icon landscape'>\n\t\t\t\t<a href='https:\/\/cuernavaca.gob.mx\/?attachment_id=42235'><img width=\"150\" height=\"150\" src=\"https:\/\/cuernavaca.gob.mx\/wp-content\/uploads\/2024\/07\/APRUEBA-CABILDO-DE-CUERNAVACA-TRES-OBRAS-SOLICITADAS-POR-SAPAC-CON-RECURSOS-QUE-SE-INVERTIRAN-EN-CONJUNTO-CON-LA-CONAGUA-2-150x150.jpeg\" class=\"attachment-thumbnail size-thumbnail\" alt=\"\" loading=\"lazy\" \/><\/a>\n\t\t\t<\/dt><\/dl><dl class='gallery-item'>\n\t\t\t<dt class='gallery-icon landscape'>\n\t\t\t\t<a href='https:\/\/cuernavaca.gob.mx\/?attachment_id=42237'><img width=\"150\" height=\"150\" src=\"https:\/\/cuernavaca.gob.mx\/wp-content\/uploads\/2024\/07\/APRUEBA-CABILDO-DE-CUERNAVACA-TRES-OBRAS-SOLICITADAS-POR-SAPAC-CON-RECURSOS-QUE-SE-INVERTIRAN-EN-CONJUNTO-CON-LA-CONAGUA-5-150x150.jpeg\" class=\"attachment-thumbnail size-thumbnail\" alt=\"\" loading=\"lazy\" \/><\/a>\n\t\t\t<\/dt><\/dl><br style=\"clear: both\" \/><dl class='gallery-item'>\n\t\t\t<dt class='gallery-icon landscape'>\n\t\t\t\t<a href='https:\/\/cuernavaca.gob.mx\/?attachment_id=42238'><img width=\"150\" height=\"150\" src=\"https:\/\/cuernavaca.gob.mx\/wp-content\/uploads\/2024\/07\/APRUEBA-CABILDO-DE-CUERNAVACA-TRES-OBRAS-SOLICITADAS-POR-SAPAC-CON-RECURSOS-QUE-SE-INVERTIRAN-EN-CONJUNTO-CON-LA-CONAGUA-6-150x150.jpeg\" class=\"attachment-thumbnail size-thumbnail\" alt=\"\" loading=\"lazy\" \/><\/a>\n\t\t\t<\/dt><\/dl><dl class='gallery-item'>\n\t\t\t<dt class='gallery-icon landscape'>\n\t\t\t\t<a href='https:\/\/cuernavaca.gob.mx\/?attachment_id=42239'><img width=\"150\" height=\"150\" src=\"https:\/\/cuernavaca.gob.mx\/wp-content\/uploads\/2024\/07\/APRUEBA-CABILDO-DE-CUERNAVACA-TRES-OBRAS-SOLICITADAS-POR-SAPAC-CON-RECURSOS-QUE-SE-INVERTIRAN-EN-CONJUNTO-CON-LA-CONAGUA-7-150x150.jpeg\" class=\"attachment-thumbnail size-thumbnail\" alt=\"\" loading=\"lazy\" \/><\/a>\n\t\t\t<\/dt><\/dl>\n\t\t\t<br style='clear: both' \/>\n\t\t<\/div>\n\n<\/div>\n<div><\/div>\n<div><\/div>\n","protected":false},"excerpt":{"rendered":"<p>\u2022 El alcalde Jos\u00e9 Luis Uri\u00f3stegui puntualiz\u00f3 que estas acciones tienen como prop\u00f3sito sustituir la red de l\u00edneas de agua que datan de hace 40 a\u00f1os y que generan fugas que derivan en hundimientos y socavones \u2022 Las obras contemplan un monto de inversi\u00f3n de 10 millones de pesos para cambiar l\u00edneas de conducci\u00f3n en [&hellip;]<\/p>\n","protected":false},"author":1,"featured_media":42235,"comment_status":"closed","ping_status":"open","sticky":false,"template":"","format":"standard","meta":[],"categories":[3047],"tags":[615,916,121,120,206,127,124],"aioseo_notices":[],"_links":{"self":[{"href":"https:\/\/cuernavaca.gob.mx\/index.php?rest_route=\/wp\/v2\/posts\/42233"}],"collection":[{"href":"https:\/\/cuernavaca.gob.mx\/index.php?rest_route=\/wp\/v2\/posts"}],"about":[{"href":"https:\/\/cuernavaca.gob.mx\/index.php?rest_route=\/wp\/v2\/types\/post"}],"author":[{"embeddable":true,"href":"https:\/\/cuernavaca.gob.mx\/index.php?rest_route=\/wp\/v2\/users\/1"}],"replies":[{"embeddable":true,"href":"https:\/\/cuernavaca.gob.mx\/index.php?rest_route=%2Fwp%2Fv2%2Fcomments&post=42233"}],"version-history":[{"count":1,"href":"https:\/\/cuernavaca.gob.mx\/index.php?rest_route=\/wp\/v2\/posts\/42233\/revisions"}],"predecessor-version":[{"id":42240,"href":"https:\/\/cuernavaca.gob.mx\/index.php?rest_route=\/wp\/v2\/posts\/42233\/revisions\/42240"}],"wp:featuredmedia":[{"embeddable":true,"href":"https:\/\/cuernavaca.gob.mx\/index.php?rest_route=\/wp\/v2\/media\/42235"}],"wp:attachment":[{"href":"https:\/\/cuernavaca.gob.mx\/index.php?rest_route=%2Fwp%2Fv2%2Fmedia&parent=42233"}],"wp:term":[{"taxonomy":"category","embeddable":true,"href":"https:\/\/cuernavaca.gob.mx\/index.php?rest_route=%2Fwp%2Fv2%2Fcategories&post=42233"},{"taxonomy":"post_tag","embeddable":true,"href":"https:\/\/cuernavaca.gob.mx\/index.php?rest_route=%2Fwp%2Fv2%2Ftags&post=42233"}],"curies":[{"name":"wp","href":"https:\/\/api.w.org\/{rel}","templated":true}]}}