{"id":42241,"date":"2024-07-18T14:00:37","date_gmt":"2024-07-18T20:00:37","guid":{"rendered":"https:\/\/cuernavaca.gob.mx\/?p=42241"},"modified":"2024-07-18T14:54:25","modified_gmt":"2024-07-18T20:54:25","slug":"b1848-18-07-24-en-el-poblado-de-tetela-del-monte-jose-luis-uriostegui-encabeza-trabajos-para-rehabilitar-dos-nuevas-lineas-de-agua-potable","status":"publish","type":"post","link":"https:\/\/cuernavaca.gob.mx\/?p=42241","title":{"rendered":"B1848 18\/07\/24 EN EL POBLADO DE TETELA DEL MONTE JOS\u00c9 LUIS URI\u00d3STEGUI ENCABEZA TRABAJOS PARA REHABILITAR DOS NUEVAS LINEAS DE AGUA POTABLE"},"content":{"rendered":"<div><strong>\u2022 Estas obras permitir\u00e1n terminar con fugas y optimizar el servicio de vecinos en la calle L\u00e1zaro C\u00e1rdenas<\/strong><\/div>\n<div><\/div>\n<div><strong>\u2022 Los beneficiados son dos mil 500 vecinos en estos trabajos en los que se invierten m\u00e1s de 820 mil pesos del Fondo de Aportaciones para la Infraestructura Social Municipal (FAISMUN)\u00a0<\/strong><\/div>\n<div><\/div>\n<div>Con la finalidad de seguir elevando la calidad de vida de los habitantes del poblado de Tetela del Monte, el presidente municipal de Cuernavaca, Jos\u00e9 Luis Uri\u00f3stegui Salgado, inici\u00f3 la rehabilitaci\u00f3n de dos l\u00edneas de agua potable en la calle L\u00e1zaro C\u00e1rdenas que juntas hacen un total de 200 metros de tuber\u00eda nueva de material de alto rendimiento que optimizar\u00e1 la distribuci\u00f3n del agua a m\u00e1s de dos mil 500 habitantes directos.<\/div>\n<div><\/div>\n<div>En compa\u00f1\u00eda de la s\u00edndica municipal, Catalina Ver\u00f3nica Atenco P\u00e9rez; del regidor Fernando Carrillo Alvarado y del diputado local, \u00c1ngel Adame Jim\u00e9nez, el alcalde capitalino subray\u00f3 que las obras h\u00eddricas que fueron aprobadas este a\u00f1o por el Cabildo se han dirigido a zonas donde las fugas se presentan m\u00e1s y provocan la p\u00e9rdida de grandes cantidades de l\u00edquido en las viviendas, por lo cual estos trabajos les permitir\u00e1n mejorar la dotaci\u00f3n de agua en las viviendas de calle L\u00e1zaro C\u00e1rdenas, pero tambi\u00e9n de otras \u00e1reas del poblado, as\u00ed como de Tlaltenango.<\/div>\n<div><\/div>\n<div>Ante vecinos de la zona, el secretario de Desarrollo Urbano y Obras P\u00fablicas, Demetrio Chavira de la Torre, explic\u00f3 que para la rehabilitaci\u00f3n de la l\u00ednea de distribuci\u00f3n de agua potable de tres pulgadas se cuenta con una inversi\u00f3n de 314 mil 292.84 pesos del Fondo de Aportaciones para la Infraestructura Social Municipal (FAISMUN) que, en un periodo de 30 d\u00edas naturales, contempla como meta 10 metros lineales de tuber\u00eda de polietileno de alta densidad de tres pulgadas.<\/div>\n<div><\/div>\n<div>Detall\u00f3 que los trabajos consisten en colocar un tubo PEAD liso hidr\u00e1ulico RD- 13.5 de tres pulgadas de di\u00e1metro en cien metros lineales, la reposici\u00f3n de 15 tomas domiciliarias de media para posteriormente reponer el pavimento de 15 cent\u00edmetros de espesor con concreto premezclado de 250 kg\/cm2 y una base de empedrado para recuperar la imagen hist\u00f3rica de la calle.<\/div>\n<div><\/div>\n<div>Cabe destacar que esto mismo se har\u00e1 con la l\u00ednea de conducci\u00f3n de ocho pulgadas que tiene una inversi\u00f3n de 512 mil 333.96 pesos del Fondo de Aportaciones para la Infraestructura Social Municipal (FAISMUN).<\/div>\n<div><\/div>\n<div>Al ser un trabajo coordinado con el Sistema de Agua Potable y Alcantarillado de Cuernavaca (SAPAC), el director t\u00e9cnico del organismo, H\u00e9ctor Polanco Sald\u00edvar, precis\u00f3 que con esta obra garantizar\u00e1n el cuidado del agua potable, al evitar su desperdicio por fugas en la l\u00ednea de conducci\u00f3n que circula el vital l\u00edquido a las zonas superiores e inferiores de la calle.<\/div>\n<div><\/div>\n<div>En representaci\u00f3n del Cabildo, el regidor Fernando Carrillo, enfatiz\u00f3 que la administraci\u00f3n municipal encabezada por Jos\u00e9 Luis Uri\u00f3stegui Salgado adem\u00e1s de redoblar esfuerzos por levantar a los poblados originarios de Cuernavaca, ha fortalecido su valor hist\u00f3rico con obras y servicios p\u00fablicos de calidad que generan un beneficio colectivo entre sus habitantes, pero tambi\u00e9n con otro tipo de apoyos como en este caso a los productores de ornato, a quienes han respaldado para continuar posicionando su producci\u00f3n a nivel nacional e internacional.<\/div>\n<div><\/div>\n<div>A nombre de los pobladores, el ayudante municipal de Tetela del Monte, Roberto Rodr\u00edguez Quintero, manifest\u00f3 su agradecimiento a la administraci\u00f3n municipal, no solo por esta gran obra, sino por toda la atenci\u00f3n y apoyo que le han brindado a la comunidad desde el inicio de gesti\u00f3n, mejorando la conectividad al poblado con obras que han dignificado sus accesos principales.<\/div>\n<div><\/div>\n<div>En este arranque de obra asistieron el diputado local del Congreso del Estado de Morelos, \u00c1ngel Adame Jim\u00e9nez; el comisariado ejidal de Tetela del Monte, Gregorio Guti\u00e9rrez Cort\u00e9s; el anterior comisariado, Jos\u00e9 Isabel Garc\u00eda y Mar\u00eda Salom\u00e9 Salgado Mart\u00ednez, titular de la Delegaci\u00f3n Emiliano Zapata Salazar. La vialidad estar\u00e1 cerrada durante los trabajos de rehabilitaci\u00f3n.<\/div>\n<div>\n\n\t\t<style type=\"text\/css\">\n\t\t\t#gallery-1 {\n\t\t\t\tmargin: auto;\n\t\t\t}\n\t\t\t#gallery-1 .gallery-item {\n\t\t\t\tfloat: left;\n\t\t\t\tmargin-top: 10px;\n\t\t\t\ttext-align: center;\n\t\t\t\twidth: 33%;\n\t\t\t}\n\t\t\t#gallery-1 img {\n\t\t\t\tborder: 2px solid #cfcfcf;\n\t\t\t}\n\t\t\t#gallery-1 .gallery-caption {\n\t\t\t\tmargin-left: 0;\n\t\t\t}\n\t\t\t\/* see gallery_shortcode() in wp-includes\/media.php *\/\n\t\t<\/style>\n\t\t<div id='gallery-1' class='gallery galleryid-42241 gallery-columns-3 gallery-size-thumbnail'><dl class='gallery-item'>\n\t\t\t<dt class='gallery-icon landscape'>\n\t\t\t\t<a href='https:\/\/cuernavaca.gob.mx\/?attachment_id=42242'><img width=\"150\" height=\"150\" src=\"https:\/\/cuernavaca.gob.mx\/wp-content\/uploads\/2024\/07\/EN-EL-POBLADO-DE-TETELA-DEL-MONTE-JOSE-LUIS-URIOSTEGUI-ENCABEZA-TRABAJOS-PARA-REHABILITAR-DOS-NUEVAS-LINEAS-DE-AGUA-POTABLE-1-150x150.jpeg\" class=\"attachment-thumbnail size-thumbnail\" alt=\"\" loading=\"lazy\" \/><\/a>\n\t\t\t<\/dt><\/dl><dl class='gallery-item'>\n\t\t\t<dt class='gallery-icon landscape'>\n\t\t\t\t<a href='https:\/\/cuernavaca.gob.mx\/?attachment_id=42243'><img width=\"150\" height=\"150\" src=\"https:\/\/cuernavaca.gob.mx\/wp-content\/uploads\/2024\/07\/EN-EL-POBLADO-DE-TETELA-DEL-MONTE-JOSE-LUIS-URIOSTEGUI-ENCABEZA-TRABAJOS-PARA-REHABILITAR-DOS-NUEVAS-LINEAS-DE-AGUA-POTABLE-2-150x150.jpeg\" class=\"attachment-thumbnail size-thumbnail\" alt=\"\" loading=\"lazy\" \/><\/a>\n\t\t\t<\/dt><\/dl><dl class='gallery-item'>\n\t\t\t<dt class='gallery-icon landscape'>\n\t\t\t\t<a href='https:\/\/cuernavaca.gob.mx\/?attachment_id=42244'><img width=\"150\" height=\"150\" src=\"https:\/\/cuernavaca.gob.mx\/wp-content\/uploads\/2024\/07\/EN-EL-POBLADO-DE-TETELA-DEL-MONTE-JOSE-LUIS-URIOSTEGUI-ENCABEZA-TRABAJOS-PARA-REHABILITAR-DOS-NUEVAS-LINEAS-DE-AGUA-POTABLE-3-150x150.jpeg\" class=\"attachment-thumbnail size-thumbnail\" alt=\"\" loading=\"lazy\" \/><\/a>\n\t\t\t<\/dt><\/dl><br style=\"clear: both\" \/><dl class='gallery-item'>\n\t\t\t<dt class='gallery-icon landscape'>\n\t\t\t\t<a href='https:\/\/cuernavaca.gob.mx\/?attachment_id=42245'><img width=\"150\" height=\"150\" src=\"https:\/\/cuernavaca.gob.mx\/wp-content\/uploads\/2024\/07\/EN-EL-POBLADO-DE-TETELA-DEL-MONTE-JOSE-LUIS-URIOSTEGUI-ENCABEZA-TRABAJOS-PARA-REHABILITAR-DOS-NUEVAS-LINEAS-DE-AGUA-POTABLE-4-150x150.jpeg\" class=\"attachment-thumbnail size-thumbnail\" alt=\"\" loading=\"lazy\" \/><\/a>\n\t\t\t<\/dt><\/dl><dl class='gallery-item'>\n\t\t\t<dt class='gallery-icon landscape'>\n\t\t\t\t<a href='https:\/\/cuernavaca.gob.mx\/?attachment_id=42246'><img width=\"150\" height=\"150\" src=\"https:\/\/cuernavaca.gob.mx\/wp-content\/uploads\/2024\/07\/EN-EL-POBLADO-DE-TETELA-DEL-MONTE-JOSE-LUIS-URIOSTEGUI-ENCABEZA-TRABAJOS-PARA-REHABILITAR-DOS-NUEVAS-LINEAS-DE-AGUA-POTABLE-5-150x150.jpeg\" class=\"attachment-thumbnail size-thumbnail\" alt=\"\" loading=\"lazy\" \/><\/a>\n\t\t\t<\/dt><\/dl><dl class='gallery-item'>\n\t\t\t<dt class='gallery-icon landscape'>\n\t\t\t\t<a href='https:\/\/cuernavaca.gob.mx\/?attachment_id=42247'><img width=\"150\" height=\"150\" src=\"https:\/\/cuernavaca.gob.mx\/wp-content\/uploads\/2024\/07\/EN-EL-POBLADO-DE-TETELA-DEL-MONTE-JOSE-LUIS-URIOSTEGUI-ENCABEZA-TRABAJOS-PARA-REHABILITAR-DOS-NUEVAS-LINEAS-DE-AGUA-POTABLE-6-150x150.jpeg\" class=\"attachment-thumbnail size-thumbnail\" alt=\"\" loading=\"lazy\" \/><\/a>\n\t\t\t<\/dt><\/dl><br style=\"clear: both\" \/><dl class='gallery-item'>\n\t\t\t<dt class='gallery-icon landscape'>\n\t\t\t\t<a href='https:\/\/cuernavaca.gob.mx\/?attachment_id=42248'><img width=\"150\" height=\"150\" src=\"https:\/\/cuernavaca.gob.mx\/wp-content\/uploads\/2024\/07\/EN-EL-POBLADO-DE-TETELA-DEL-MONTE-JOSE-LUIS-URIOSTEGUI-ENCABEZA-TRABAJOS-PARA-REHABILITAR-DOS-NUEVAS-LINEAS-DE-AGUA-POTABLE-7-150x150.jpeg\" class=\"attachment-thumbnail size-thumbnail\" alt=\"\" loading=\"lazy\" \/><\/a>\n\t\t\t<\/dt><\/dl>\n\t\t\t<br style='clear: both' \/>\n\t\t<\/div>\n\n<\/div>\n","protected":false},"excerpt":{"rendered":"<p>\u2022 Estas obras permitir\u00e1n terminar con fugas y optimizar el servicio de vecinos en la calle L\u00e1zaro C\u00e1rdenas \u2022 Los beneficiados son dos mil 500 vecinos en estos trabajos en los que se invierten m\u00e1s de 820 mil pesos del Fondo de Aportaciones para la Infraestructura Social Municipal (FAISMUN)\u00a0 Con la finalidad de seguir elevando [&hellip;]<\/p>\n","protected":false},"author":1,"featured_media":42248,"comment_status":"closed","ping_status":"open","sticky":false,"template":"","format":"standard","meta":[],"categories":[18],"tags":[395,615,916,121,515,120,206,1075,213,127],"aioseo_notices":[],"_links":{"self":[{"href":"https:\/\/cuernavaca.gob.mx\/index.php?rest_route=\/wp\/v2\/posts\/42241"}],"collection":[{"href":"https:\/\/cuernavaca.gob.mx\/index.php?rest_route=\/wp\/v2\/posts"}],"about":[{"href":"https:\/\/cuernavaca.gob.mx\/index.php?rest_route=\/wp\/v2\/types\/post"}],"author":[{"embeddable":true,"href":"https:\/\/cuernavaca.gob.mx\/index.php?rest_route=\/wp\/v2\/users\/1"}],"replies":[{"embeddable":true,"href":"https:\/\/cuernavaca.gob.mx\/index.php?rest_route=%2Fwp%2Fv2%2Fcomments&post=42241"}],"version-history":[{"count":1,"href":"https:\/\/cuernavaca.gob.mx\/index.php?rest_route=\/wp\/v2\/posts\/42241\/revisions"}],"predecessor-version":[{"id":42249,"href":"https:\/\/cuernavaca.gob.mx\/index.php?rest_route=\/wp\/v2\/posts\/42241\/revisions\/42249"}],"wp:featuredmedia":[{"embeddable":true,"href":"https:\/\/cuernavaca.gob.mx\/index.php?rest_route=\/wp\/v2\/media\/42248"}],"wp:attachment":[{"href":"https:\/\/cuernavaca.gob.mx\/index.php?rest_route=%2Fwp%2Fv2%2Fmedia&parent=42241"}],"wp:term":[{"taxonomy":"category","embeddable":true,"href":"https:\/\/cuernavaca.gob.mx\/index.php?rest_route=%2Fwp%2Fv2%2Fcategories&post=42241"},{"taxonomy":"post_tag","embeddable":true,"href":"https:\/\/cuernavaca.gob.mx\/index.php?rest_route=%2Fwp%2Fv2%2Ftags&post=42241"}],"curies":[{"name":"wp","href":"https:\/\/api.w.org\/{rel}","templated":true}]}}