{"id":42250,"date":"2024-07-18T14:15:57","date_gmt":"2024-07-18T20:15:57","guid":{"rendered":"https:\/\/cuernavaca.gob.mx\/?p=42250"},"modified":"2024-07-18T15:06:48","modified_gmt":"2024-07-18T21:06:48","slug":"f842-18-07-24-mantiene-ayuntamiento-de-cuernavaca-comunicacion-con-liderazgos-del-comercio-en-via-publica","status":"publish","type":"post","link":"https:\/\/cuernavaca.gob.mx\/?p=42250","title":{"rendered":"F842 18\/07\/24 MANTIENE AYUNTAMIENTO DE CUERNAVACA COMUNICACI\u00d3N CON LIDERAZGOS DEL COMERCIO EN V\u00cdA P\u00daBLICA"},"content":{"rendered":"<p>Ante el \u00e1nimo que han mostrado para sumarse al ordenamiento que est\u00e1 impulsando el Gobierno Municipal en Cuernavaca, distintos liderazgos del comercio en v\u00eda p\u00fablica est\u00e1n solicitando a trav\u00e9s de la Secretar\u00eda del Ayuntamiento al Cabildo una ampliaci\u00f3n para el pago de sus refrendos, toda vez que, por distintas cuestiones, entre ellas de tramitolog\u00eda, no pudieron cumplir con esta obligaci\u00f3n, aunque tienen la intenci\u00f3n de regularizarse<\/p>\n<p>Lo anterior, fue planteado por los mismos liderazgos en una reuni\u00f3n que sostuvieron con el secretario del Ayuntamiento, Carlos de la Rosa Segura; el director general de Pol\u00edtica Municipal, Mario Arturo Santana Salgado y el director de verificaci\u00f3n normativa. Como una \u00faltima oportunidad para regularizarse.<\/p>\n<p>El secretario del Ayuntamiento, Carlos de la Rosa Segura, aclar\u00f3 que ante las diversas oportunidades que les brind\u00f3 el Cabildo desde el a\u00f1o pasado, es primordial que esta propuesta surja de una petici\u00f3n hecha por el mismo comercio en v\u00eda p\u00fablica para ser presentada al presidente municipal, Jos\u00e9 Luis Uri\u00f3stegui Salgado y a integrantes del Cabildo que determinar\u00e1n la viabilidad de la misma.<\/p>\n<p>Por lo pronto, inform\u00f3 que est\u00e1n avanzando en la revisi\u00f3n de la documentaci\u00f3n entregada por cerca de 650 comerciantes, inclusive voceadores, que aprovecharon la campa\u00f1a de descuentos que aprob\u00f3 el Cabildo para regularizarse, dando paso a la integraci\u00f3n de un padr\u00f3n actualizado para retomar los operativos de alineamiento y retirar de la v\u00eda p\u00fablica a todos aquellos que no cumplieron los requisitos.<\/p>\n\n\t\t<style type=\"text\/css\">\n\t\t\t#gallery-1 {\n\t\t\t\tmargin: auto;\n\t\t\t}\n\t\t\t#gallery-1 .gallery-item {\n\t\t\t\tfloat: left;\n\t\t\t\tmargin-top: 10px;\n\t\t\t\ttext-align: center;\n\t\t\t\twidth: 33%;\n\t\t\t}\n\t\t\t#gallery-1 img {\n\t\t\t\tborder: 2px solid #cfcfcf;\n\t\t\t}\n\t\t\t#gallery-1 .gallery-caption {\n\t\t\t\tmargin-left: 0;\n\t\t\t}\n\t\t\t\/* see gallery_shortcode() in wp-includes\/media.php *\/\n\t\t<\/style>\n\t\t<div id='gallery-1' class='gallery galleryid-42250 gallery-columns-3 gallery-size-thumbnail'><dl class='gallery-item'>\n\t\t\t<dt class='gallery-icon landscape'>\n\t\t\t\t<a href='https:\/\/cuernavaca.gob.mx\/?attachment_id=42251'><img width=\"150\" height=\"150\" src=\"https:\/\/cuernavaca.gob.mx\/wp-content\/uploads\/2024\/07\/MANTIENE-AYUNTAMIENTO-DE-CUERNAVACA-COMUNICACION-CON-LIDERAZGOS-DEL-COMERCIO-EN-VIA-PUBLICA-1-150x150.jpeg\" class=\"attachment-thumbnail size-thumbnail\" alt=\"\" loading=\"lazy\" \/><\/a>\n\t\t\t<\/dt><\/dl><dl class='gallery-item'>\n\t\t\t<dt class='gallery-icon landscape'>\n\t\t\t\t<a href='https:\/\/cuernavaca.gob.mx\/?attachment_id=42252'><img width=\"150\" height=\"150\" src=\"https:\/\/cuernavaca.gob.mx\/wp-content\/uploads\/2024\/07\/MANTIENE-AYUNTAMIENTO-DE-CUERNAVACA-COMUNICACION-CON-LIDERAZGOS-DEL-COMERCIO-EN-VIA-PUBLICA-2-150x150.jpeg\" class=\"attachment-thumbnail size-thumbnail\" alt=\"\" loading=\"lazy\" \/><\/a>\n\t\t\t<\/dt><\/dl><dl class='gallery-item'>\n\t\t\t<dt class='gallery-icon landscape'>\n\t\t\t\t<a href='https:\/\/cuernavaca.gob.mx\/?attachment_id=42253'><img width=\"150\" height=\"150\" src=\"https:\/\/cuernavaca.gob.mx\/wp-content\/uploads\/2024\/07\/MANTIENE-AYUNTAMIENTO-DE-CUERNAVACA-COMUNICACION-CON-LIDERAZGOS-DEL-COMERCIO-EN-VIA-PUBLICA-3-150x150.jpeg\" class=\"attachment-thumbnail size-thumbnail\" alt=\"\" loading=\"lazy\" \/><\/a>\n\t\t\t<\/dt><\/dl><br style=\"clear: both\" \/><dl class='gallery-item'>\n\t\t\t<dt class='gallery-icon landscape'>\n\t\t\t\t<a href='https:\/\/cuernavaca.gob.mx\/?attachment_id=42254'><img width=\"150\" height=\"150\" src=\"https:\/\/cuernavaca.gob.mx\/wp-content\/uploads\/2024\/07\/MANTIENE-AYUNTAMIENTO-DE-CUERNAVACA-COMUNICACION-CON-LIDERAZGOS-DEL-COMERCIO-EN-VIA-PUBLICA-4-150x150.jpeg\" class=\"attachment-thumbnail size-thumbnail\" alt=\"\" loading=\"lazy\" \/><\/a>\n\t\t\t<\/dt><\/dl><dl class='gallery-item'>\n\t\t\t<dt class='gallery-icon landscape'>\n\t\t\t\t<a href='https:\/\/cuernavaca.gob.mx\/?attachment_id=42255'><img width=\"150\" height=\"150\" src=\"https:\/\/cuernavaca.gob.mx\/wp-content\/uploads\/2024\/07\/MANTIENE-AYUNTAMIENTO-DE-CUERNAVACA-COMUNICACION-CON-LIDERAZGOS-DEL-COMERCIO-EN-VIA-PUBLICA-5-150x150.jpeg\" class=\"attachment-thumbnail size-thumbnail\" alt=\"\" loading=\"lazy\" \/><\/a>\n\t\t\t<\/dt><\/dl>\n\t\t\t<br style='clear: both' \/>\n\t\t<\/div>\n\n","protected":false},"excerpt":{"rendered":"<p>Ante el \u00e1nimo que han mostrado para sumarse al ordenamiento que est\u00e1 impulsando el Gobierno Municipal en Cuernavaca, distintos liderazgos del comercio en v\u00eda p\u00fablica est\u00e1n solicitando a trav\u00e9s de la Secretar\u00eda del Ayuntamiento al Cabildo una ampliaci\u00f3n para el pago de sus refrendos, toda vez que, por distintas cuestiones, entre ellas de tramitolog\u00eda, no [&hellip;]<\/p>\n","protected":false},"author":1,"featured_media":42252,"comment_status":"closed","ping_status":"open","sticky":false,"template":"","format":"standard","meta":[],"categories":[20],"tags":[800,121,288,120,206,127,3732],"aioseo_notices":[],"_links":{"self":[{"href":"https:\/\/cuernavaca.gob.mx\/index.php?rest_route=\/wp\/v2\/posts\/42250"}],"collection":[{"href":"https:\/\/cuernavaca.gob.mx\/index.php?rest_route=\/wp\/v2\/posts"}],"about":[{"href":"https:\/\/cuernavaca.gob.mx\/index.php?rest_route=\/wp\/v2\/types\/post"}],"author":[{"embeddable":true,"href":"https:\/\/cuernavaca.gob.mx\/index.php?rest_route=\/wp\/v2\/users\/1"}],"replies":[{"embeddable":true,"href":"https:\/\/cuernavaca.gob.mx\/index.php?rest_route=%2Fwp%2Fv2%2Fcomments&post=42250"}],"version-history":[{"count":1,"href":"https:\/\/cuernavaca.gob.mx\/index.php?rest_route=\/wp\/v2\/posts\/42250\/revisions"}],"predecessor-version":[{"id":42256,"href":"https:\/\/cuernavaca.gob.mx\/index.php?rest_route=\/wp\/v2\/posts\/42250\/revisions\/42256"}],"wp:featuredmedia":[{"embeddable":true,"href":"https:\/\/cuernavaca.gob.mx\/index.php?rest_route=\/wp\/v2\/media\/42252"}],"wp:attachment":[{"href":"https:\/\/cuernavaca.gob.mx\/index.php?rest_route=%2Fwp%2Fv2%2Fmedia&parent=42250"}],"wp:term":[{"taxonomy":"category","embeddable":true,"href":"https:\/\/cuernavaca.gob.mx\/index.php?rest_route=%2Fwp%2Fv2%2Fcategories&post=42250"},{"taxonomy":"post_tag","embeddable":true,"href":"https:\/\/cuernavaca.gob.mx\/index.php?rest_route=%2Fwp%2Fv2%2Ftags&post=42250"}],"curies":[{"name":"wp","href":"https:\/\/api.w.org\/{rel}","templated":true}]}}