{"id":42306,"date":"2024-07-19T18:00:37","date_gmt":"2024-07-20T00:00:37","guid":{"rendered":"https:\/\/cuernavaca.gob.mx\/?p=42306"},"modified":"2024-07-19T22:38:18","modified_gmt":"2024-07-20T04:38:18","slug":"b1851-19-07-24-cumple-ayuntamiento-de-cuernavaca-con-transparencia-con-entrega-de-tinacos-a-familias-para-almacenar-agua-potable-a-falta-de-cisterna","status":"publish","type":"post","link":"https:\/\/cuernavaca.gob.mx\/?p=42306","title":{"rendered":"B1851 19\/07\/24 CUMPLE AYUNTAMIENTO DE CUERNAVACA CON TRANSPARENCIA CON ENTREGA DE TINACOS A FAMILIAS PARA ALMACENAR AGUA POTABLE A FALTA DE CISTERNA"},"content":{"rendered":"<div><strong>\u2022 Este viernes se hizo entrega a beneficiarios en los puntos instalados en La Lagunilla, Flores Mag\u00f3n y Patios de la Estaci\u00f3n<\/strong><\/div>\n<div><\/div>\n<div><strong>\u2022 Cerr\u00f3 tambi\u00e9n este viernes la segunda convocatoria para acceder al programa y alcanzar la meta contemplada de un total de mil 500 tinacos<\/strong><\/div>\n<div><\/div>\n<div>Con una gran participaci\u00f3n ciudadana, este viernes el Ayuntamiento de Cuernavaca entreg\u00f3 300 tinacos en las colonias Lagunilla, Flores Mag\u00f3n y Patios de la Estaci\u00f3n como parte del programa de apoyo a usuarios del Sistema de Agua Potable y Alcantarillado de Cuernavaca (SAPAC) que, al carecer de formas de almacenamiento de agua potable, como es una cisterna, enfrentan un grave problema ante el estr\u00e9s h\u00eddrico que se est\u00e1 viviendo a nivel nacional.<\/div>\n<div><\/div>\n<div>La secretaria de Desarrollo Humano y Participaci\u00f3n Social, Laura Hern\u00e1ndez Cruz, destac\u00f3 la amplia demanda que ha tenido este programa totalmente gratuito creado por el Cabildo y respaldado por el Comit\u00e9 Municipal de Protecci\u00f3n Civil, al considerar que el estr\u00e9s h\u00eddrico es un problema severo en la calidad de vida y salud de los cuernavaquenses.<\/div>\n<div><\/div>\n<div>Ante ello, se\u00f1al\u00f3 que como fue instruido por el presidente municipal Jos\u00e9 Luis Uri\u00f3stegui Salgado, con total transparencia y sin intermediarios este mismo viernes cerr\u00f3 la segunda convocatoria para acceder al programa y alcanzar la meta contemplada en los lineamientos que son un total de mil 500 tinacos para aquellos ciudadanos en situaci\u00f3n de vulnerabilidad y rezago social por carecer de cisternas u otra forma de almacenamiento en sus viviendas, dando cumplimiento al derecho humano de acceso al agua potable.<\/div>\n<div><\/div>\n<div>Por otra parte, Laura Hern\u00e1ndez resalt\u00f3 que la pr\u00f3xima semana se dar\u00e1n a conocer los folios aprobados por la Direcci\u00f3n Comercial de SAPAC, quien es la encargada de validar la informaci\u00f3n concerniente a los requisitos establecidos en la convocatoria, mismos que ser\u00e1n publicados en la p\u00e1gina oficial https:\/\/cuernavaca.gob.mx\/ y las redes sociales oficiales del Municipio de Cuernavaca.<\/div>\n<div>\n\n\t\t<style type=\"text\/css\">\n\t\t\t#gallery-1 {\n\t\t\t\tmargin: auto;\n\t\t\t}\n\t\t\t#gallery-1 .gallery-item {\n\t\t\t\tfloat: left;\n\t\t\t\tmargin-top: 10px;\n\t\t\t\ttext-align: center;\n\t\t\t\twidth: 33%;\n\t\t\t}\n\t\t\t#gallery-1 img {\n\t\t\t\tborder: 2px solid #cfcfcf;\n\t\t\t}\n\t\t\t#gallery-1 .gallery-caption {\n\t\t\t\tmargin-left: 0;\n\t\t\t}\n\t\t\t\/* see gallery_shortcode() in wp-includes\/media.php *\/\n\t\t<\/style>\n\t\t<div id='gallery-1' class='gallery galleryid-42306 gallery-columns-3 gallery-size-thumbnail'><dl class='gallery-item'>\n\t\t\t<dt class='gallery-icon landscape'>\n\t\t\t\t<a href='https:\/\/cuernavaca.gob.mx\/?attachment_id=42307'><img width=\"150\" height=\"150\" src=\"https:\/\/cuernavaca.gob.mx\/wp-content\/uploads\/2024\/07\/CUMPLE-AYUNTAMIENTO-DE-CUERNAVACA-CON-TRANSPARENCIA-CON-ENTREGA-DE-TINACOS-A-FAMILIAS-PARA-ALMACENAR-AGUA-POTABLE-A-FALTA-DE-CISTERNA-1-150x150.jpeg\" class=\"attachment-thumbnail size-thumbnail\" alt=\"\" loading=\"lazy\" \/><\/a>\n\t\t\t<\/dt><\/dl><dl class='gallery-item'>\n\t\t\t<dt class='gallery-icon landscape'>\n\t\t\t\t<a href='https:\/\/cuernavaca.gob.mx\/?attachment_id=42308'><img width=\"150\" height=\"150\" src=\"https:\/\/cuernavaca.gob.mx\/wp-content\/uploads\/2024\/07\/CUMPLE-AYUNTAMIENTO-DE-CUERNAVACA-CON-TRANSPARENCIA-CON-ENTREGA-DE-TINACOS-A-FAMILIAS-PARA-ALMACENAR-AGUA-POTABLE-A-FALTA-DE-CISTERNA-2-150x150.jpeg\" class=\"attachment-thumbnail size-thumbnail\" alt=\"\" loading=\"lazy\" \/><\/a>\n\t\t\t<\/dt><\/dl><dl class='gallery-item'>\n\t\t\t<dt class='gallery-icon landscape'>\n\t\t\t\t<a href='https:\/\/cuernavaca.gob.mx\/?attachment_id=42309'><img width=\"150\" height=\"150\" src=\"https:\/\/cuernavaca.gob.mx\/wp-content\/uploads\/2024\/07\/CUMPLE-AYUNTAMIENTO-DE-CUERNAVACA-CON-TRANSPARENCIA-CON-ENTREGA-DE-TINACOS-A-FAMILIAS-PARA-ALMACENAR-AGUA-POTABLE-A-FALTA-DE-CISTERNA-3-150x150.jpeg\" class=\"attachment-thumbnail size-thumbnail\" alt=\"\" loading=\"lazy\" \/><\/a>\n\t\t\t<\/dt><\/dl><br style=\"clear: both\" \/><dl class='gallery-item'>\n\t\t\t<dt class='gallery-icon landscape'>\n\t\t\t\t<a href='https:\/\/cuernavaca.gob.mx\/?attachment_id=42310'><img width=\"150\" height=\"150\" src=\"https:\/\/cuernavaca.gob.mx\/wp-content\/uploads\/2024\/07\/CUMPLE-AYUNTAMIENTO-DE-CUERNAVACA-CON-TRANSPARENCIA-CON-ENTREGA-DE-TINACOS-A-FAMILIAS-PARA-ALMACENAR-AGUA-POTABLE-A-FALTA-DE-CISTERNA-4-150x150.jpeg\" class=\"attachment-thumbnail size-thumbnail\" alt=\"\" loading=\"lazy\" \/><\/a>\n\t\t\t<\/dt><\/dl><dl class='gallery-item'>\n\t\t\t<dt class='gallery-icon landscape'>\n\t\t\t\t<a href='https:\/\/cuernavaca.gob.mx\/?attachment_id=42311'><img width=\"150\" height=\"150\" src=\"https:\/\/cuernavaca.gob.mx\/wp-content\/uploads\/2024\/07\/CUMPLE-AYUNTAMIENTO-DE-CUERNAVACA-CON-TRANSPARENCIA-CON-ENTREGA-DE-TINACOS-A-FAMILIAS-PARA-ALMACENAR-AGUA-POTABLE-A-FALTA-DE-CISTERNA-5-150x150.jpeg\" class=\"attachment-thumbnail size-thumbnail\" alt=\"\" loading=\"lazy\" \/><\/a>\n\t\t\t<\/dt><\/dl><dl class='gallery-item'>\n\t\t\t<dt class='gallery-icon landscape'>\n\t\t\t\t<a href='https:\/\/cuernavaca.gob.mx\/?attachment_id=42312'><img width=\"150\" height=\"150\" src=\"https:\/\/cuernavaca.gob.mx\/wp-content\/uploads\/2024\/07\/CUMPLE-AYUNTAMIENTO-DE-CUERNAVACA-CON-TRANSPARENCIA-CON-ENTREGA-DE-TINACOS-A-FAMILIAS-PARA-ALMACENAR-AGUA-POTABLE-A-FALTA-DE-CISTERNA-6-150x150.jpeg\" class=\"attachment-thumbnail size-thumbnail\" alt=\"\" loading=\"lazy\" \/><\/a>\n\t\t\t<\/dt><\/dl><br style=\"clear: both\" \/><dl class='gallery-item'>\n\t\t\t<dt class='gallery-icon landscape'>\n\t\t\t\t<a href='https:\/\/cuernavaca.gob.mx\/?attachment_id=42313'><img width=\"150\" height=\"150\" src=\"https:\/\/cuernavaca.gob.mx\/wp-content\/uploads\/2024\/07\/CUMPLE-AYUNTAMIENTO-DE-CUERNAVACA-CON-TRANSPARENCIA-CON-ENTREGA-DE-TINACOS-A-FAMILIAS-PARA-ALMACENAR-AGUA-POTABLE-A-FALTA-DE-CISTERNA-7-150x150.jpeg\" class=\"attachment-thumbnail size-thumbnail\" alt=\"\" loading=\"lazy\" \/><\/a>\n\t\t\t<\/dt><\/dl><dl class='gallery-item'>\n\t\t\t<dt class='gallery-icon landscape'>\n\t\t\t\t<a href='https:\/\/cuernavaca.gob.mx\/?attachment_id=42314'><img width=\"150\" height=\"150\" src=\"https:\/\/cuernavaca.gob.mx\/wp-content\/uploads\/2024\/07\/CUMPLE-AYUNTAMIENTO-DE-CUERNAVACA-CON-TRANSPARENCIA-CON-ENTREGA-DE-TINACOS-A-FAMILIAS-PARA-ALMACENAR-AGUA-POTABLE-A-FALTA-DE-CISTERNA-8-150x150.jpeg\" class=\"attachment-thumbnail size-thumbnail\" alt=\"\" loading=\"lazy\" \/><\/a>\n\t\t\t<\/dt><\/dl><dl class='gallery-item'>\n\t\t\t<dt class='gallery-icon landscape'>\n\t\t\t\t<a href='https:\/\/cuernavaca.gob.mx\/?attachment_id=42315'><img width=\"150\" height=\"150\" src=\"https:\/\/cuernavaca.gob.mx\/wp-content\/uploads\/2024\/07\/CUMPLE-AYUNTAMIENTO-DE-CUERNAVACA-CON-TRANSPARENCIA-CON-ENTREGA-DE-TINACOS-A-FAMILIAS-PARA-ALMACENAR-AGUA-POTABLE-A-FALTA-DE-CISTERNA-9-150x150.jpeg\" class=\"attachment-thumbnail size-thumbnail\" alt=\"\" loading=\"lazy\" \/><\/a>\n\t\t\t<\/dt><\/dl><br style=\"clear: both\" \/><dl class='gallery-item'>\n\t\t\t<dt class='gallery-icon landscape'>\n\t\t\t\t<a href='https:\/\/cuernavaca.gob.mx\/?attachment_id=42316'><img width=\"150\" height=\"150\" src=\"https:\/\/cuernavaca.gob.mx\/wp-content\/uploads\/2024\/07\/CUMPLE-AYUNTAMIENTO-DE-CUERNAVACA-CON-TRANSPARENCIA-CON-ENTREGA-DE-TINACOS-A-FAMILIAS-PARA-ALMACENAR-AGUA-POTABLE-A-FALTA-DE-CISTERNA-10-150x150.jpeg\" class=\"attachment-thumbnail size-thumbnail\" alt=\"\" loading=\"lazy\" \/><\/a>\n\t\t\t<\/dt><\/dl>\n\t\t\t<br style='clear: both' \/>\n\t\t<\/div>\n\n<\/div>\n","protected":false},"excerpt":{"rendered":"<p>\u2022 Este viernes se hizo entrega a beneficiarios en los puntos instalados en La Lagunilla, Flores Mag\u00f3n y Patios de la Estaci\u00f3n \u2022 Cerr\u00f3 tambi\u00e9n este viernes la segunda convocatoria para acceder al programa y alcanzar la meta contemplada de un total de mil 500 tinacos Con una gran participaci\u00f3n ciudadana, este viernes el Ayuntamiento [&hellip;]<\/p>\n","protected":false},"author":1,"featured_media":42314,"comment_status":"closed","ping_status":"open","sticky":false,"template":"","format":"standard","meta":[],"categories":[1],"tags":[395,615,916,121,120,206,127,1011,3138,3623],"aioseo_notices":[],"_links":{"self":[{"href":"https:\/\/cuernavaca.gob.mx\/index.php?rest_route=\/wp\/v2\/posts\/42306"}],"collection":[{"href":"https:\/\/cuernavaca.gob.mx\/index.php?rest_route=\/wp\/v2\/posts"}],"about":[{"href":"https:\/\/cuernavaca.gob.mx\/index.php?rest_route=\/wp\/v2\/types\/post"}],"author":[{"embeddable":true,"href":"https:\/\/cuernavaca.gob.mx\/index.php?rest_route=\/wp\/v2\/users\/1"}],"replies":[{"embeddable":true,"href":"https:\/\/cuernavaca.gob.mx\/index.php?rest_route=%2Fwp%2Fv2%2Fcomments&post=42306"}],"version-history":[{"count":1,"href":"https:\/\/cuernavaca.gob.mx\/index.php?rest_route=\/wp\/v2\/posts\/42306\/revisions"}],"predecessor-version":[{"id":42317,"href":"https:\/\/cuernavaca.gob.mx\/index.php?rest_route=\/wp\/v2\/posts\/42306\/revisions\/42317"}],"wp:featuredmedia":[{"embeddable":true,"href":"https:\/\/cuernavaca.gob.mx\/index.php?rest_route=\/wp\/v2\/media\/42314"}],"wp:attachment":[{"href":"https:\/\/cuernavaca.gob.mx\/index.php?rest_route=%2Fwp%2Fv2%2Fmedia&parent=42306"}],"wp:term":[{"taxonomy":"category","embeddable":true,"href":"https:\/\/cuernavaca.gob.mx\/index.php?rest_route=%2Fwp%2Fv2%2Fcategories&post=42306"},{"taxonomy":"post_tag","embeddable":true,"href":"https:\/\/cuernavaca.gob.mx\/index.php?rest_route=%2Fwp%2Fv2%2Ftags&post=42306"}],"curies":[{"name":"wp","href":"https:\/\/api.w.org\/{rel}","templated":true}]}}