{"id":42328,"date":"2024-07-20T15:05:50","date_gmt":"2024-07-20T21:05:50","guid":{"rendered":"https:\/\/cuernavaca.gob.mx\/?p=42328"},"modified":"2024-07-20T18:34:31","modified_gmt":"2024-07-21T00:34:31","slug":"f846-20-07-24-sigue-la-secretaria-de-proteccion-y-auxilio-ciudadano-de-cuernavaca-con-la-recuperacion-de-vehiculos-con-reporte-de-robo","status":"publish","type":"post","link":"https:\/\/cuernavaca.gob.mx\/?p=42328","title":{"rendered":"F846 20\/07\/24 SIGUE LA SECRETAR\u00cdA DE PROTECCI\u00d3N Y AUXILIO CIUDADANO DE CUERNAVACA CON LA RECUPERACI\u00d3N DE VEH\u00cdCULOS CON REPORTE DE ROBO"},"content":{"rendered":"<p>La Secretar\u00eda de Protecci\u00f3n y Auxilio Ciudadano (SEPRAC) de Cuernavaca contin\u00faa sumando acciones en materia de prevenci\u00f3n del delito y cuidado del patrimonio de la poblaci\u00f3n, registrando del 01 de enero al 14 de julio del 2024 la Unidad de Prevenci\u00f3n al Robo de Veh\u00edculo (UPRV) un total de 126 veh\u00edculos recuperados, entre ellos camionetas de paqueter\u00eda como ocurri\u00f3 la semana pasada.<\/p>\n<p>De acuerdo con el subsecretario de Polic\u00eda Preventiva, Christian M\u00e9ndez Quintana, el 08 de julio en la colonia Adolfo L\u00f3pez Mateos recuperaron veh\u00edculo marca Ford, submarca Transit, color amarillo, n\u00famero de serie 1FTBW1XK8PKB18672 y con placas de circulaci\u00f3n 44J142, de la empresa Mercado Libre que contaba con reporte de robo vigente.<\/p>\n<p>Aunado a ello, el 09 de julio en la colonia Bosques de Chapultepec se recuper\u00f3 un veh\u00edculo marca Nissan de color gris, con placas de circulaci\u00f3n GX7060F, que tambi\u00e9n tiene reporte de robo vigente y el 11 de julio en la colonia M\u00e1rtires del Rio Blanco elementos municipales recuperaron una motocicleta marca Italika, tipo DS125, color rojo con negro, a\u00f1o 2018 y serie 3SCPDTDE1J1010340, que cuenta con reporte de robo vigente de fecha 01 de junio del 2024 relacionado con la carpeta de investigaci\u00f3n FRV01\/16\/2024.<\/p>\n<p>Como parte de las acciones relevantes del 08 al 14 de julio se detuvo a un total de 40 personas, de las cuales tres fueron puestas a disposici\u00f3n del Ministerio P\u00fablico y 37 al Juez C\u00edvico, entre ellas Jes\u00fas Enrique \u201cN\u201d y Valeria \u201cN\u201d que fueron detenidos el 09 de julio en la colonia Las Granjas por delitos contra la salud, asegur\u00e1ndoles 16 bolsitas tipo ziploc que conten\u00edan en su interior una sustancia granulada de color blanco con las caracter\u00edsticas del cristal; adem\u00e1s de una pistola de pl\u00e1stico y una motocicleta marca Veloci, tipo Razzer de color negro, a\u00f1o 2021, serie 3VMA2F2L4M2007609.<\/p>\n<p>El 11 de julio en la colonia La Pradera se detuvo y puso a disposici\u00f3n del Ministerio P\u00fablico a Eduardo \u201cN\u201d por poseer un veh\u00edculo con reporte de robo vigente de fecha 07 de junio de 2024, relacionado con la carpeta de investigaci\u00f3n 42398\/2024\/IUECS. Se le asegur\u00f3 una camioneta marca Chevrolet, submarca Suburban, color blanco, serie 1GNSK9KKD6PR227777 y placas de circulaci\u00f3n PRX257D del estado de Michoac\u00e1n.<\/p>\n\n\t\t<style type=\"text\/css\">\n\t\t\t#gallery-1 {\n\t\t\t\tmargin: auto;\n\t\t\t}\n\t\t\t#gallery-1 .gallery-item {\n\t\t\t\tfloat: left;\n\t\t\t\tmargin-top: 10px;\n\t\t\t\ttext-align: center;\n\t\t\t\twidth: 33%;\n\t\t\t}\n\t\t\t#gallery-1 img {\n\t\t\t\tborder: 2px solid #cfcfcf;\n\t\t\t}\n\t\t\t#gallery-1 .gallery-caption {\n\t\t\t\tmargin-left: 0;\n\t\t\t}\n\t\t\t\/* see gallery_shortcode() in wp-includes\/media.php *\/\n\t\t<\/style>\n\t\t<div id='gallery-1' class='gallery galleryid-42328 gallery-columns-3 gallery-size-thumbnail'><dl class='gallery-item'>\n\t\t\t<dt class='gallery-icon landscape'>\n\t\t\t\t<a href='https:\/\/cuernavaca.gob.mx\/?attachment_id=42329'><img width=\"150\" height=\"150\" src=\"https:\/\/cuernavaca.gob.mx\/wp-content\/uploads\/2024\/07\/SIGUE-LA-SECRETARIA-DE-PROTECCION-Y-AUXILIO-CIUDADANO-DE-CUERNAVACA-CON-LA-RECUPERACION-DE-VEHICULOS-CON-REPORTE-DE-ROBO1-150x150.jpeg\" class=\"attachment-thumbnail size-thumbnail\" alt=\"\" loading=\"lazy\" \/><\/a>\n\t\t\t<\/dt><\/dl><dl class='gallery-item'>\n\t\t\t<dt class='gallery-icon landscape'>\n\t\t\t\t<a href='https:\/\/cuernavaca.gob.mx\/?attachment_id=42330'><img width=\"150\" height=\"150\" src=\"https:\/\/cuernavaca.gob.mx\/wp-content\/uploads\/2024\/07\/SIGUE-LA-SECRETARIA-DE-PROTECCION-Y-AUXILIO-CIUDADANO-DE-CUERNAVACA-CON-LA-RECUPERACION-DE-VEHICULOS-CON-REPORTE-DE-ROBO-2-150x150.jpeg\" class=\"attachment-thumbnail size-thumbnail\" alt=\"\" loading=\"lazy\" \/><\/a>\n\t\t\t<\/dt><\/dl><dl class='gallery-item'>\n\t\t\t<dt class='gallery-icon landscape'>\n\t\t\t\t<a href='https:\/\/cuernavaca.gob.mx\/?attachment_id=42331'><img width=\"150\" height=\"150\" src=\"https:\/\/cuernavaca.gob.mx\/wp-content\/uploads\/2024\/07\/SIGUE-LA-SECRETARIA-DE-PROTECCION-Y-AUXILIO-CIUDADANO-DE-CUERNAVACA-CON-LA-RECUPERACION-DE-VEHICULOS-CON-REPORTE-DE-ROBO-3-150x150.jpeg\" class=\"attachment-thumbnail size-thumbnail\" alt=\"\" loading=\"lazy\" \/><\/a>\n\t\t\t<\/dt><\/dl><br style=\"clear: both\" \/>\n\t\t<\/div>\n\n","protected":false},"excerpt":{"rendered":"<p>La Secretar\u00eda de Protecci\u00f3n y Auxilio Ciudadano (SEPRAC) de Cuernavaca contin\u00faa sumando acciones en materia de prevenci\u00f3n del delito y cuidado del patrimonio de la poblaci\u00f3n, registrando del 01 de enero al 14 de julio del 2024 la Unidad de Prevenci\u00f3n al Robo de Veh\u00edculo (UPRV) un total de 126 veh\u00edculos recuperados, entre ellos camionetas [&hellip;]<\/p>\n","protected":false},"author":1,"featured_media":42331,"comment_status":"closed","ping_status":"open","sticky":false,"template":"","format":"standard","meta":[],"categories":[17],"tags":[2982,121,120,206,141,3235,127,414,125],"aioseo_notices":[],"_links":{"self":[{"href":"https:\/\/cuernavaca.gob.mx\/index.php?rest_route=\/wp\/v2\/posts\/42328"}],"collection":[{"href":"https:\/\/cuernavaca.gob.mx\/index.php?rest_route=\/wp\/v2\/posts"}],"about":[{"href":"https:\/\/cuernavaca.gob.mx\/index.php?rest_route=\/wp\/v2\/types\/post"}],"author":[{"embeddable":true,"href":"https:\/\/cuernavaca.gob.mx\/index.php?rest_route=\/wp\/v2\/users\/1"}],"replies":[{"embeddable":true,"href":"https:\/\/cuernavaca.gob.mx\/index.php?rest_route=%2Fwp%2Fv2%2Fcomments&post=42328"}],"version-history":[{"count":1,"href":"https:\/\/cuernavaca.gob.mx\/index.php?rest_route=\/wp\/v2\/posts\/42328\/revisions"}],"predecessor-version":[{"id":42332,"href":"https:\/\/cuernavaca.gob.mx\/index.php?rest_route=\/wp\/v2\/posts\/42328\/revisions\/42332"}],"wp:featuredmedia":[{"embeddable":true,"href":"https:\/\/cuernavaca.gob.mx\/index.php?rest_route=\/wp\/v2\/media\/42331"}],"wp:attachment":[{"href":"https:\/\/cuernavaca.gob.mx\/index.php?rest_route=%2Fwp%2Fv2%2Fmedia&parent=42328"}],"wp:term":[{"taxonomy":"category","embeddable":true,"href":"https:\/\/cuernavaca.gob.mx\/index.php?rest_route=%2Fwp%2Fv2%2Fcategories&post=42328"},{"taxonomy":"post_tag","embeddable":true,"href":"https:\/\/cuernavaca.gob.mx\/index.php?rest_route=%2Fwp%2Fv2%2Ftags&post=42328"}],"curies":[{"name":"wp","href":"https:\/\/api.w.org\/{rel}","templated":true}]}}