{"id":42333,"date":"2024-07-21T15:00:05","date_gmt":"2024-07-21T21:00:05","guid":{"rendered":"https:\/\/cuernavaca.gob.mx\/?p=42333"},"modified":"2024-07-21T22:43:19","modified_gmt":"2024-07-22T04:43:19","slug":"f849-21-07-24-promueve-en-cuernavaca-prevencion-contra-el-dengue-con-exitosa-carrera-dominical","status":"publish","type":"post","link":"https:\/\/cuernavaca.gob.mx\/?p=42333","title":{"rendered":"F849 21\/07\/24 PROMUEVE EN CUERNAVACA PREVENCI\u00d3N CONTRA EL DENGUE CON EXITOSA CARRERA DOMINICAL"},"content":{"rendered":"<p>El presidente municipal, Jos\u00e9 Luis Uri\u00f3stegui Salgado, encabez\u00f3 este domingo la premiaci\u00f3n de la 1ra. Carrera contra el Dengue organizada por el Instituto Nacional de Salud P\u00fablica (INSP) en conjunto con el Ayuntamiento de Cuernavaca, donde participaron m\u00e1s de 350 corredores de todas las edades, sumandose a las acciones de prevenci\u00f3n contra el dengue que del 2023 al 2024 ha tenido una mayor incidencia a nivel nacional.<\/p>\n<p>Acompa\u00f1ado del director de Salud y Educaci\u00f3n Municipal, Josu\u00e9 Larios Morales; de la Dra. Tania Mej\u00eda, organizadora y representante del INSP, Jos\u00e9 Luis Uri\u00f3stegui resalt\u00f3 la importancia que tienen este tipo de eventos para establecer estrategias de prevenci\u00f3n y sensibilizaci\u00f3n entre la poblaci\u00f3n que logren a trav\u00e9s de la concientizaci\u00f3n comunitaria, la descacharrizaci\u00f3n que es uno de los detonantes para el desarrollo de los mosquitos transmisores, buscando colocar a Cuernavaca como una ciudad saludable.<\/p>\n<p>La carrera forma parte del modelo estrat\u00e9gico integral para el control sostenido del dengue, acci\u00f3n que est\u00e1 realizando el Ayuntamiento de Cuernavaca en conjunto con el INSP, la cual incluy\u00f3 categor\u00edas libre de cinco kil\u00f3metros, libre \u00fanica caminata de tres kil\u00f3metros, master cinco kil\u00f3metros y veteranos cinco kil\u00f3metros, ramas femenil y varonil; adem\u00e1s hubo categor\u00edas infantiles teniendo como sede las calles del primer cuadro de la ciudad.<\/p>\n\n\t\t<style type=\"text\/css\">\n\t\t\t#gallery-1 {\n\t\t\t\tmargin: auto;\n\t\t\t}\n\t\t\t#gallery-1 .gallery-item {\n\t\t\t\tfloat: left;\n\t\t\t\tmargin-top: 10px;\n\t\t\t\ttext-align: center;\n\t\t\t\twidth: 33%;\n\t\t\t}\n\t\t\t#gallery-1 img {\n\t\t\t\tborder: 2px solid #cfcfcf;\n\t\t\t}\n\t\t\t#gallery-1 .gallery-caption {\n\t\t\t\tmargin-left: 0;\n\t\t\t}\n\t\t\t\/* see gallery_shortcode() in wp-includes\/media.php *\/\n\t\t<\/style>\n\t\t<div id='gallery-1' class='gallery galleryid-42333 gallery-columns-3 gallery-size-thumbnail'><dl class='gallery-item'>\n\t\t\t<dt class='gallery-icon landscape'>\n\t\t\t\t<a href='https:\/\/cuernavaca.gob.mx\/?attachment_id=42334'><img width=\"150\" height=\"150\" src=\"https:\/\/cuernavaca.gob.mx\/wp-content\/uploads\/2024\/07\/PROMUEVE-EN-CUERNAVACA-PREVENCION-CONTRA-EL-DENGUE-CON-EXITOSA-CARRERA-DOMINICAL-1-150x150.jpeg\" class=\"attachment-thumbnail size-thumbnail\" alt=\"\" loading=\"lazy\" \/><\/a>\n\t\t\t<\/dt><\/dl><dl class='gallery-item'>\n\t\t\t<dt class='gallery-icon landscape'>\n\t\t\t\t<a href='https:\/\/cuernavaca.gob.mx\/?attachment_id=42335'><img width=\"150\" height=\"150\" src=\"https:\/\/cuernavaca.gob.mx\/wp-content\/uploads\/2024\/07\/PROMUEVE-EN-CUERNAVACA-PREVENCION-CONTRA-EL-DENGUE-CON-EXITOSA-CARRERA-DOMINICAL-2-150x150.jpeg\" class=\"attachment-thumbnail size-thumbnail\" alt=\"\" loading=\"lazy\" \/><\/a>\n\t\t\t<\/dt><\/dl><dl class='gallery-item'>\n\t\t\t<dt class='gallery-icon landscape'>\n\t\t\t\t<a href='https:\/\/cuernavaca.gob.mx\/?attachment_id=42336'><img width=\"150\" height=\"150\" src=\"https:\/\/cuernavaca.gob.mx\/wp-content\/uploads\/2024\/07\/PROMUEVE-EN-CUERNAVACA-PREVENCION-CONTRA-EL-DENGUE-CON-EXITOSA-CARRERA-DOMINICAL-3-150x150.jpeg\" class=\"attachment-thumbnail size-thumbnail\" alt=\"\" loading=\"lazy\" \/><\/a>\n\t\t\t<\/dt><\/dl><br style=\"clear: both\" \/><dl class='gallery-item'>\n\t\t\t<dt class='gallery-icon landscape'>\n\t\t\t\t<a href='https:\/\/cuernavaca.gob.mx\/?attachment_id=42337'><img width=\"150\" height=\"150\" src=\"https:\/\/cuernavaca.gob.mx\/wp-content\/uploads\/2024\/07\/PROMUEVE-EN-CUERNAVACA-PREVENCION-CONTRA-EL-DENGUE-CON-EXITOSA-CARRERA-DOMINICAL-4-150x150.jpeg\" class=\"attachment-thumbnail size-thumbnail\" alt=\"\" loading=\"lazy\" \/><\/a>\n\t\t\t<\/dt><\/dl><dl class='gallery-item'>\n\t\t\t<dt class='gallery-icon landscape'>\n\t\t\t\t<a href='https:\/\/cuernavaca.gob.mx\/?attachment_id=42338'><img width=\"150\" height=\"150\" src=\"https:\/\/cuernavaca.gob.mx\/wp-content\/uploads\/2024\/07\/PROMUEVE-EN-CUERNAVACA-PREVENCION-CONTRA-EL-DENGUE-CON-EXITOSA-CARRERA-DOMINICAL-5-150x150.jpeg\" class=\"attachment-thumbnail size-thumbnail\" alt=\"\" loading=\"lazy\" \/><\/a>\n\t\t\t<\/dt><\/dl><dl class='gallery-item'>\n\t\t\t<dt class='gallery-icon landscape'>\n\t\t\t\t<a href='https:\/\/cuernavaca.gob.mx\/?attachment_id=42339'><img width=\"150\" height=\"150\" src=\"https:\/\/cuernavaca.gob.mx\/wp-content\/uploads\/2024\/07\/PROMUEVE-EN-CUERNAVACA-PREVENCION-CONTRA-EL-DENGUE-CON-EXITOSA-CARRERA-DOMINICAL-6-150x150.jpeg\" class=\"attachment-thumbnail size-thumbnail\" alt=\"\" loading=\"lazy\" \/><\/a>\n\t\t\t<\/dt><\/dl><br style=\"clear: both\" \/><dl class='gallery-item'>\n\t\t\t<dt class='gallery-icon landscape'>\n\t\t\t\t<a href='https:\/\/cuernavaca.gob.mx\/?attachment_id=42340'><img width=\"150\" height=\"150\" src=\"https:\/\/cuernavaca.gob.mx\/wp-content\/uploads\/2024\/07\/PROMUEVE-EN-CUERNAVACA-PREVENCION-CONTRA-EL-DENGUE-CON-EXITOSA-CARRERA-DOMINICAL-7-150x150.jpeg\" class=\"attachment-thumbnail size-thumbnail\" alt=\"\" loading=\"lazy\" \/><\/a>\n\t\t\t<\/dt><\/dl><dl class='gallery-item'>\n\t\t\t<dt class='gallery-icon landscape'>\n\t\t\t\t<a href='https:\/\/cuernavaca.gob.mx\/?attachment_id=42341'><img width=\"150\" height=\"150\" src=\"https:\/\/cuernavaca.gob.mx\/wp-content\/uploads\/2024\/07\/PROMUEVE-EN-CUERNAVACA-PREVENCION-CONTRA-EL-DENGUE-CON-EXITOSA-CARRERA-DOMINICAL-8-150x150.jpeg\" class=\"attachment-thumbnail size-thumbnail\" alt=\"\" loading=\"lazy\" \/><\/a>\n\t\t\t<\/dt><\/dl>\n\t\t\t<br style='clear: both' \/>\n\t\t<\/div>\n\n","protected":false},"excerpt":{"rendered":"<p>El presidente municipal, Jos\u00e9 Luis Uri\u00f3stegui Salgado, encabez\u00f3 este domingo la premiaci\u00f3n de la 1ra. Carrera contra el Dengue organizada por el Instituto Nacional de Salud P\u00fablica (INSP) en conjunto con el Ayuntamiento de Cuernavaca, donde participaron m\u00e1s de 350 corredores de todas las edades, sumandose a las acciones de prevenci\u00f3n contra el dengue que [&hellip;]<\/p>\n","protected":false},"author":1,"featured_media":42335,"comment_status":"closed","ping_status":"open","sticky":false,"template":"","format":"standard","meta":[],"categories":[899],"tags":[310,121,2180,313,120,206,127,154],"aioseo_notices":[],"_links":{"self":[{"href":"https:\/\/cuernavaca.gob.mx\/index.php?rest_route=\/wp\/v2\/posts\/42333"}],"collection":[{"href":"https:\/\/cuernavaca.gob.mx\/index.php?rest_route=\/wp\/v2\/posts"}],"about":[{"href":"https:\/\/cuernavaca.gob.mx\/index.php?rest_route=\/wp\/v2\/types\/post"}],"author":[{"embeddable":true,"href":"https:\/\/cuernavaca.gob.mx\/index.php?rest_route=\/wp\/v2\/users\/1"}],"replies":[{"embeddable":true,"href":"https:\/\/cuernavaca.gob.mx\/index.php?rest_route=%2Fwp%2Fv2%2Fcomments&post=42333"}],"version-history":[{"count":1,"href":"https:\/\/cuernavaca.gob.mx\/index.php?rest_route=\/wp\/v2\/posts\/42333\/revisions"}],"predecessor-version":[{"id":42342,"href":"https:\/\/cuernavaca.gob.mx\/index.php?rest_route=\/wp\/v2\/posts\/42333\/revisions\/42342"}],"wp:featuredmedia":[{"embeddable":true,"href":"https:\/\/cuernavaca.gob.mx\/index.php?rest_route=\/wp\/v2\/media\/42335"}],"wp:attachment":[{"href":"https:\/\/cuernavaca.gob.mx\/index.php?rest_route=%2Fwp%2Fv2%2Fmedia&parent=42333"}],"wp:term":[{"taxonomy":"category","embeddable":true,"href":"https:\/\/cuernavaca.gob.mx\/index.php?rest_route=%2Fwp%2Fv2%2Fcategories&post=42333"},{"taxonomy":"post_tag","embeddable":true,"href":"https:\/\/cuernavaca.gob.mx\/index.php?rest_route=%2Fwp%2Fv2%2Ftags&post=42333"}],"curies":[{"name":"wp","href":"https:\/\/api.w.org\/{rel}","templated":true}]}}