{"id":42518,"date":"2024-07-26T15:05:08","date_gmt":"2024-07-26T21:05:08","guid":{"rendered":"https:\/\/cuernavaca.gob.mx\/?p=42518"},"modified":"2024-07-26T16:24:18","modified_gmt":"2024-07-26T22:24:18","slug":"b1864-26-07-24-convoca-el-alcalde-jose-luis-uriostegui-a-un-pacto-de-civilidad-con-motociclistas-que-transitan-por-cuernavaca","status":"publish","type":"post","link":"https:\/\/cuernavaca.gob.mx\/?p=42518","title":{"rendered":"B1864 26\/07\/24 CONVOCA EL ALCALDE JOS\u00c9 LUIS URI\u00d3STEGUI A UN PACTO DE CIVILIDAD CON MOTOCICLISTAS QUE TRANSITAN POR CUERNAVACA"},"content":{"rendered":"<p><strong>\u2022 En respuesta a las peticiones expuestas en sesi\u00f3n de Cabildo Abierto los exhort\u00f3 a ser respetuosos del Reglamento de Tr\u00e1nsito a cambio de ofrecerles trato cordial para quienes circula en regla<\/strong><\/p>\n<p><strong>\u2022 Aclar\u00f3 que los operativos masivos en la ciudad capital no est\u00e1n a cargo del municipio sino de la Secretar\u00eda de Movilidad y Transporte<\/strong><\/p>\n<p>Ante la petici\u00f3n de conductores de motocicletas que acudieron este viernes a la sesi\u00f3n de Cabildo Abierto para exponer su preocupaci\u00f3n por los operativos que est\u00e1 realizando el Gobierno del Estado en la ciudad y manifestar su intenci\u00f3n de regularizarse, el presidente municipal de Cuernavaca, Jos\u00e9 Luis Uri\u00f3stegui Salgado, los convoc\u00f3 a un pacto de civilidad, en el cual puedan ser responsables en su conducci\u00f3n a cambio ofreci\u00f3 un trato respetuoso a todos aquellos motociclistas que utilizan este medio para generar ingresos l\u00edcitos.<\/p>\n<p>En la Secundaria T\u00e9cnica No. 1 Internado Palmira, Jos\u00e9 Luis Uri\u00f3stegui acompa\u00f1ado de la s\u00edndica municipal, Ver\u00f3nica Atenco P\u00e9rez y de los regidores Wendi Salinas Ruiz, Mireya Delgado Romero, Patricia Torres Rosales, Lucero Cuenca Noria, V\u00edctor Manzo God\u00ednez, Jes\u00fas Rosales Puebla, Adri\u00e1n Mart\u00ednez Terrazas y Debendrenath Salazar Solorio, diferenci\u00f3 los tipos de operativos que realiza la Secretar\u00eda de Protecci\u00f3n y Auxilio Ciudadano (SEPRAC) con los que lleva a cabo la Secretar\u00eda de Movilidad y Transporte del Gobierno del Estado, instruyendo a que sean cuidadosos en el trato con las personas que conducen motocicletas, a quienes exhort\u00f3 a que ser prudentes al momento de conducir por las calles y avenidas de la ciudad.<\/p>\n<p>Lo anterior, al se\u00f1alar el Alcalde que las motocicletas son el medio de transporte y en algunos casos material de trabajo de personas profesionistas como los que se hicieron presentes en la sesi\u00f3n que al ser afectados les impide generar ingresos, aunque precis\u00f3 que contar con permisos expedidos por un municipio del estado de Guerrero y que son vendidos en Cuernavaca, es una irregularidad que abona a un problema que hoy se enfrenta, sumado a la falta de placas en Morelos y solo expedir permisos de circulaci\u00f3n temporal.<\/p>\n<p>Dentro de este ejercicio de participaci\u00f3n ciudadana, el Cabildo de Cuernavaca escuch\u00f3 y atendi\u00f3 tambi\u00e9n peticiones relacionadas a temas como alumbrado p\u00fablico, poda de \u00e1rboles, pavimentaci\u00f3n, la instalaci\u00f3n de c\u00e1maras de videovigilancia, fumigaciones, obra p\u00fablica, as\u00ed como el apoyo del municipio para la escuela secundaria 1 Internado Palmira que, entre otras cosas, se solicit\u00f3 una jornada de limpieza comunitaria para que las ni\u00f1as que aqu\u00ed estudian cuenten con un espacio digno.<\/p>\n<p>Como ha ocurrido en cada sesi\u00f3n de Cabildo Abierto y para hacer vinculantes las peticiones expuestas se cont\u00f3 con la participaci\u00f3n de integrantes del Gabinete que atendieron a vecinos de colonias como Loma Bonita, Para\u00edso de las Flores, Cerritos, Hacienda Tetela, Palmira y el poblado de Santa Mar\u00eda Ahuacatitl\u00e1n.<\/p>\n<p>Estuvieron presentes la presidenta del Sistema Municipal DIF Cuernavaca, Luz Mar\u00eda Zagal Guzm\u00e1n; la secretaria de Protecci\u00f3n y Auxilio Ciudadano (SEPRAC), Alicia V\u00e1zquez Luna; el secretario de Desarrollo Urbano y Obras P\u00fablicas, Demetrio Chavira de la Torre; la directora general de SAPAC, Evelia Flores Hern\u00e1ndez; el director general de Desarrollo Sustentable, Jos\u00e9 Alfredo Rodr\u00edguez San Ciprian; el coordinador del COPLADEMUN, Luis Enrique Mart\u00ednez Catal\u00e1n y el titular del Secretariado Ejecutivo del Consejo Municipal de Seguridad P\u00fablica, Marco Olvera Benedicto.<\/p>\n\n\t\t<style type=\"text\/css\">\n\t\t\t#gallery-1 {\n\t\t\t\tmargin: auto;\n\t\t\t}\n\t\t\t#gallery-1 .gallery-item {\n\t\t\t\tfloat: left;\n\t\t\t\tmargin-top: 10px;\n\t\t\t\ttext-align: center;\n\t\t\t\twidth: 33%;\n\t\t\t}\n\t\t\t#gallery-1 img {\n\t\t\t\tborder: 2px solid #cfcfcf;\n\t\t\t}\n\t\t\t#gallery-1 .gallery-caption {\n\t\t\t\tmargin-left: 0;\n\t\t\t}\n\t\t\t\/* see gallery_shortcode() in wp-includes\/media.php *\/\n\t\t<\/style>\n\t\t<div id='gallery-1' class='gallery galleryid-42518 gallery-columns-3 gallery-size-thumbnail'><dl class='gallery-item'>\n\t\t\t<dt class='gallery-icon landscape'>\n\t\t\t\t<a href='https:\/\/cuernavaca.gob.mx\/?attachment_id=42519'><img width=\"150\" height=\"150\" src=\"https:\/\/cuernavaca.gob.mx\/wp-content\/uploads\/2024\/07\/CONVOCA-EL-ALCALDE-JOSE\u0301-LUIS-URIO\u0301STEGUI-A-UN-PACTO-DE-CIVILIDAD-CON-MOTOCICLISTAS-QUE-TRANSITAN-POR-CUERNAVACA-1-150x150.jpg\" class=\"attachment-thumbnail size-thumbnail\" alt=\"\" loading=\"lazy\" \/><\/a>\n\t\t\t<\/dt><\/dl><dl class='gallery-item'>\n\t\t\t<dt class='gallery-icon landscape'>\n\t\t\t\t<a href='https:\/\/cuernavaca.gob.mx\/?attachment_id=42520'><img width=\"150\" height=\"150\" src=\"https:\/\/cuernavaca.gob.mx\/wp-content\/uploads\/2024\/07\/CONVOCA-EL-ALCALDE-JOSE\u0301-LUIS-URIO\u0301STEGUI-A-UN-PACTO-DE-CIVILIDAD-CON-MOTOCICLISTAS-QUE-TRANSITAN-POR-CUERNAVACA-2-150x150.jpg\" class=\"attachment-thumbnail size-thumbnail\" alt=\"\" loading=\"lazy\" \/><\/a>\n\t\t\t<\/dt><\/dl><dl class='gallery-item'>\n\t\t\t<dt class='gallery-icon landscape'>\n\t\t\t\t<a href='https:\/\/cuernavaca.gob.mx\/?attachment_id=42521'><img width=\"150\" height=\"150\" src=\"https:\/\/cuernavaca.gob.mx\/wp-content\/uploads\/2024\/07\/CONVOCA-EL-ALCALDE-JOSE\u0301-LUIS-URIO\u0301STEGUI-A-UN-PACTO-DE-CIVILIDAD-CON-MOTOCICLISTAS-QUE-TRANSITAN-POR-CUERNAVACA-3-150x150.jpg\" class=\"attachment-thumbnail size-thumbnail\" alt=\"\" loading=\"lazy\" \/><\/a>\n\t\t\t<\/dt><\/dl><br style=\"clear: both\" \/><dl class='gallery-item'>\n\t\t\t<dt class='gallery-icon landscape'>\n\t\t\t\t<a href='https:\/\/cuernavaca.gob.mx\/?attachment_id=42522'><img width=\"150\" height=\"150\" src=\"https:\/\/cuernavaca.gob.mx\/wp-content\/uploads\/2024\/07\/CONVOCA-EL-ALCALDE-JOSE\u0301-LUIS-URIO\u0301STEGUI-A-UN-PACTO-DE-CIVILIDAD-CON-MOTOCICLISTAS-QUE-TRANSITAN-POR-CUERNAVACA-4-150x150.jpg\" class=\"attachment-thumbnail size-thumbnail\" alt=\"\" loading=\"lazy\" \/><\/a>\n\t\t\t<\/dt><\/dl><dl class='gallery-item'>\n\t\t\t<dt class='gallery-icon landscape'>\n\t\t\t\t<a href='https:\/\/cuernavaca.gob.mx\/?attachment_id=42523'><img width=\"150\" height=\"150\" src=\"https:\/\/cuernavaca.gob.mx\/wp-content\/uploads\/2024\/07\/CONVOCA-EL-ALCALDE-JOSE\u0301-LUIS-URIO\u0301STEGUI-A-UN-PACTO-DE-CIVILIDAD-CON-MOTOCICLISTAS-QUE-TRANSITAN-POR-CUERNAVACA-5-150x150.jpg\" class=\"attachment-thumbnail size-thumbnail\" alt=\"\" loading=\"lazy\" \/><\/a>\n\t\t\t<\/dt><\/dl><dl class='gallery-item'>\n\t\t\t<dt class='gallery-icon landscape'>\n\t\t\t\t<a href='https:\/\/cuernavaca.gob.mx\/?attachment_id=42524'><img width=\"150\" height=\"150\" src=\"https:\/\/cuernavaca.gob.mx\/wp-content\/uploads\/2024\/07\/CONVOCA-EL-ALCALDE-JOSE\u0301-LUIS-URIO\u0301STEGUI-A-UN-PACTO-DE-CIVILIDAD-CON-MOTOCICLISTAS-QUE-TRANSITAN-POR-CUERNAVACA-7-150x150.jpg\" class=\"attachment-thumbnail size-thumbnail\" alt=\"\" loading=\"lazy\" \/><\/a>\n\t\t\t<\/dt><\/dl><br style=\"clear: both\" \/><dl class='gallery-item'>\n\t\t\t<dt class='gallery-icon landscape'>\n\t\t\t\t<a href='https:\/\/cuernavaca.gob.mx\/?attachment_id=42525'><img width=\"150\" height=\"150\" src=\"https:\/\/cuernavaca.gob.mx\/wp-content\/uploads\/2024\/07\/CONVOCA-EL-ALCALDE-JOSE\u0301-LUIS-URIO\u0301STEGUI-A-UN-PACTO-DE-CIVILIDAD-CON-MOTOCICLISTAS-QUE-TRANSITAN-POR-CUERNAVACA-8-150x150.jpg\" class=\"attachment-thumbnail size-thumbnail\" alt=\"\" loading=\"lazy\" \/><\/a>\n\t\t\t<\/dt><\/dl><dl class='gallery-item'>\n\t\t\t<dt class='gallery-icon landscape'>\n\t\t\t\t<a href='https:\/\/cuernavaca.gob.mx\/?attachment_id=42526'><img width=\"150\" height=\"150\" src=\"https:\/\/cuernavaca.gob.mx\/wp-content\/uploads\/2024\/07\/CONVOCA-EL-ALCALDE-JOSE\u0301-LUIS-URIO\u0301STEGUI-A-UN-PACTO-DE-CIVILIDAD-CON-MOTOCICLISTAS-QUE-TRANSITAN-POR-CUERNAVACA-9-150x150.jpg\" class=\"attachment-thumbnail size-thumbnail\" alt=\"\" loading=\"lazy\" \/><\/a>\n\t\t\t<\/dt><\/dl><dl class='gallery-item'>\n\t\t\t<dt class='gallery-icon landscape'>\n\t\t\t\t<a href='https:\/\/cuernavaca.gob.mx\/?attachment_id=42527'><img width=\"150\" height=\"150\" src=\"https:\/\/cuernavaca.gob.mx\/wp-content\/uploads\/2024\/07\/CONVOCA-EL-ALCALDE-JOSE\u0301-LUIS-URIO\u0301STEGUI-A-UN-PACTO-DE-CIVILIDAD-CON-MOTOCICLISTAS-QUE-TRANSITAN-POR-CUERNAVACA-10-150x150.jpg\" class=\"attachment-thumbnail size-thumbnail\" alt=\"\" loading=\"lazy\" \/><\/a>\n\t\t\t<\/dt><\/dl><br style=\"clear: both\" \/><dl class='gallery-item'>\n\t\t\t<dt class='gallery-icon landscape'>\n\t\t\t\t<a href='https:\/\/cuernavaca.gob.mx\/?attachment_id=42528'><img width=\"150\" height=\"150\" src=\"https:\/\/cuernavaca.gob.mx\/wp-content\/uploads\/2024\/07\/CONVOCA-EL-ALCALDE-JOSE\u0301-LUIS-URIO\u0301STEGUI-A-UN-PACTO-DE-CIVILIDAD-CON-MOTOCICLISTAS-QUE-TRANSITAN-POR-CUERNAVACA-11-150x150.jpg\" class=\"attachment-thumbnail size-thumbnail\" alt=\"\" loading=\"lazy\" \/><\/a>\n\t\t\t<\/dt><\/dl><dl class='gallery-item'>\n\t\t\t<dt class='gallery-icon landscape'>\n\t\t\t\t<a href='https:\/\/cuernavaca.gob.mx\/?attachment_id=42529'><img width=\"150\" height=\"150\" src=\"https:\/\/cuernavaca.gob.mx\/wp-content\/uploads\/2024\/07\/CONVOCA-EL-ALCALDE-JOSE\u0301-LUIS-URIO\u0301STEGUI-A-UN-PACTO-DE-CIVILIDAD-CON-MOTOCICLISTAS-QUE-TRANSITAN-POR-CUERNAVACA-12-150x150.jpg\" class=\"attachment-thumbnail size-thumbnail\" alt=\"\" loading=\"lazy\" \/><\/a>\n\t\t\t<\/dt><\/dl>\n\t\t\t<br style='clear: both' \/>\n\t\t<\/div>\n\n","protected":false},"excerpt":{"rendered":"<p>\u2022 En respuesta a las peticiones expuestas en sesi\u00f3n de Cabildo Abierto los exhort\u00f3 a ser respetuosos del Reglamento de Tr\u00e1nsito a cambio de ofrecerles trato cordial para quienes circula en regla \u2022 Aclar\u00f3 que los operativos masivos en la ciudad capital no est\u00e1n a cargo del municipio sino de la Secretar\u00eda de Movilidad y [&hellip;]<\/p>\n","protected":false},"author":1,"featured_media":42529,"comment_status":"closed","ping_status":"open","sticky":false,"template":"","format":"standard","meta":[],"categories":[3047],"tags":[158,875,988,121,1929,120,206,1328,127],"aioseo_notices":[],"_links":{"self":[{"href":"https:\/\/cuernavaca.gob.mx\/index.php?rest_route=\/wp\/v2\/posts\/42518"}],"collection":[{"href":"https:\/\/cuernavaca.gob.mx\/index.php?rest_route=\/wp\/v2\/posts"}],"about":[{"href":"https:\/\/cuernavaca.gob.mx\/index.php?rest_route=\/wp\/v2\/types\/post"}],"author":[{"embeddable":true,"href":"https:\/\/cuernavaca.gob.mx\/index.php?rest_route=\/wp\/v2\/users\/1"}],"replies":[{"embeddable":true,"href":"https:\/\/cuernavaca.gob.mx\/index.php?rest_route=%2Fwp%2Fv2%2Fcomments&post=42518"}],"version-history":[{"count":1,"href":"https:\/\/cuernavaca.gob.mx\/index.php?rest_route=\/wp\/v2\/posts\/42518\/revisions"}],"predecessor-version":[{"id":42530,"href":"https:\/\/cuernavaca.gob.mx\/index.php?rest_route=\/wp\/v2\/posts\/42518\/revisions\/42530"}],"wp:featuredmedia":[{"embeddable":true,"href":"https:\/\/cuernavaca.gob.mx\/index.php?rest_route=\/wp\/v2\/media\/42529"}],"wp:attachment":[{"href":"https:\/\/cuernavaca.gob.mx\/index.php?rest_route=%2Fwp%2Fv2%2Fmedia&parent=42518"}],"wp:term":[{"taxonomy":"category","embeddable":true,"href":"https:\/\/cuernavaca.gob.mx\/index.php?rest_route=%2Fwp%2Fv2%2Fcategories&post=42518"},{"taxonomy":"post_tag","embeddable":true,"href":"https:\/\/cuernavaca.gob.mx\/index.php?rest_route=%2Fwp%2Fv2%2Ftags&post=42518"}],"curies":[{"name":"wp","href":"https:\/\/api.w.org\/{rel}","templated":true}]}}