{"id":42674,"date":"2024-07-30T14:00:34","date_gmt":"2024-07-30T20:00:34","guid":{"rendered":"https:\/\/cuernavaca.gob.mx\/?p=42674"},"modified":"2024-07-30T15:11:52","modified_gmt":"2024-07-30T21:11:52","slug":"b1872-30-07-24-encabeza-jose-luis-uriostegui-inicio-de-nueva-obra-para-mejorar-la-dotacion-de-agua-potable-a-vecinos-de-la-colonia-lagunilla","status":"publish","type":"post","link":"https:\/\/cuernavaca.gob.mx\/?p=42674","title":{"rendered":"B1872 30\/07\/24 ENCABEZA JOS\u00c9 LUIS URI\u00d3STEGUI INICIO DE NUEVA OBRA PARA MEJORAR LA DOTACI\u00d3N DE AGUA POTABLE A VECINOS DE LA COLONIA LAGUNILLA"},"content":{"rendered":"<p><strong>\u2022 En esta ocasi\u00f3n se trata de la rehabilitaci\u00f3n de la l\u00ednea de agua potable de tres pulgadas en la privada De la Cruz que beneficiar\u00e1 de manera directa a 360 habitantes<\/strong><\/p>\n<p>Tras a\u00f1os de abandono el Ayuntamiento de Cuernavaca ha invertido recursos sin precedentes para mejorar, no solo la movilidad, sino tambi\u00e9n la calidad de vida de habitantes de la colonia Lagunilla, destinando como \u00faltimo monto 332 mil 698.61 pesos del Fondo de Aportaciones para la Infraestructura Social Municipal (FAISMUN) para la rehabilitaci\u00f3n de la l\u00ednea de agua potable de tres pulgadas en la privada De la Cruz que optimizar\u00e1 la distribuci\u00f3n del vital l\u00edquido a los hogares.<\/p>\n<p>En el arranque de estos trabajos, el presidente municipal, Jos\u00e9 Luis Uri\u00f3stegui Salgado, enfatiz\u00f3 que han procurado que toda la ciudad cuente con alguna obra que remedie las necesidades de la poblaci\u00f3n, siendo dos los temas fundamentales que les han pedido, el agua potable y la seguridad, en los cuales est\u00e1n trabajando sin dejar de lado la obra p\u00fablica que incide de manera directa en la calidad de vida de las personas, como ha ocurrido en la colonia Lagunilla.<\/p>\n<p>Aqu\u00ed, resalt\u00f3 ante vecinas y vecinos, que desde el 2022 han ejecutado distintas obras, mediante las cuales han atendido las peticiones hechas por la poblaci\u00f3n, recibiendo el mantenimiento correspondiente para cuidar la inversi\u00f3n que hizo la autoridad municipal, pero tambi\u00e9n la ciudadan\u00eda a trav\u00e9s de sus contribuciones.<\/p>\n<p>De manera previa, el secretario de Desarrollo Urbano y Obras P\u00fablicas, Demetrio Chavira de la Torre, explic\u00f3 que los trabajos consisten en la instalaci\u00f3n de un tubo PEAD liso hidr\u00e1ulico RD-13.5 de tres pulgadas de di\u00e1metro en 115 metros y la reposici\u00f3n de 18 tomas domiciliarias de 1\/2 pulgada, en tanto para recuperar el empedrado colocar\u00e1n un pavimento de 20 cent\u00edmetros de espesor con mortero cemento arena en 69 metros cuadrados y la har\u00e1n la reparaci\u00f3n de tuber\u00edas da\u00f1adas durante la ejecuci\u00f3n de la obra que consideran ser\u00e1n 12.<\/p>\n<p>En representaci\u00f3n del Cabildo, la s\u00edndica municipal, Catalina Ver\u00f3nica Atenco P\u00e9rez, resalt\u00f3 que desde el Ayuntamiento se siguen haciendo obras integrales que beneficien realmente a la ciudadan\u00eda de distintas colonias y poblados, atendiendo, no solo la pavimentaci\u00f3n, sino tambi\u00e9n el mejoramiento de los servicios b\u00e1sicos, como es el agua potable y drenaje, que hab\u00edan sido olvidado por pasadas administraciones.<\/p>\n<p>A nombre de los colonos, Mariana Garc\u00eda, presidenta del Consejo de Participaci\u00f3n Social de la colonia, agradeci\u00f3 al alcalde Jos\u00e9 Luis Uri\u00f3stegui y a su Cabildo por considerar en cada programa de obra p\u00fablica a la Lagunilla, siendo una obra m\u00e1s que favorecer\u00e1 significativamente la calidad de vida de los vecinos que desde hace varios a\u00f1os le vital l\u00edquido ha sido un problema.<\/p>\n<p>Cabe mencionar que al evento asistieron la regidora Mireya Delgado Romero y el titular de la Delegaci\u00f3n Mariano Matamoros Orive, Rafael Franco Tavira, quien acompa\u00f1aron a los habitantes en este arranque de obra.<\/p>\n\n\t\t<style type=\"text\/css\">\n\t\t\t#gallery-1 {\n\t\t\t\tmargin: auto;\n\t\t\t}\n\t\t\t#gallery-1 .gallery-item {\n\t\t\t\tfloat: left;\n\t\t\t\tmargin-top: 10px;\n\t\t\t\ttext-align: center;\n\t\t\t\twidth: 33%;\n\t\t\t}\n\t\t\t#gallery-1 img {\n\t\t\t\tborder: 2px solid #cfcfcf;\n\t\t\t}\n\t\t\t#gallery-1 .gallery-caption {\n\t\t\t\tmargin-left: 0;\n\t\t\t}\n\t\t\t\/* see gallery_shortcode() in wp-includes\/media.php *\/\n\t\t<\/style>\n\t\t<div id='gallery-1' class='gallery galleryid-42674 gallery-columns-3 gallery-size-thumbnail'><dl class='gallery-item'>\n\t\t\t<dt class='gallery-icon landscape'>\n\t\t\t\t<a href='https:\/\/cuernavaca.gob.mx\/?attachment_id=42675'><img width=\"150\" height=\"150\" src=\"https:\/\/cuernavaca.gob.mx\/wp-content\/uploads\/2024\/07\/ENCABEZA-JOSE\u0301-LUIS-URIO\u0301STEGUI-INICIO-DE-NUEVA-OBRA-PARA-MEJORAR-LA-DOTACIO\u0301N-DE-AGUA-POTABLE-A-VECINOS-DE-LA-COLONIA-LAGUNILLA-1-150x150.jpg\" class=\"attachment-thumbnail size-thumbnail\" alt=\"\" loading=\"lazy\" \/><\/a>\n\t\t\t<\/dt><\/dl><dl class='gallery-item'>\n\t\t\t<dt class='gallery-icon landscape'>\n\t\t\t\t<a href='https:\/\/cuernavaca.gob.mx\/?attachment_id=42676'><img width=\"150\" height=\"150\" src=\"https:\/\/cuernavaca.gob.mx\/wp-content\/uploads\/2024\/07\/ENCABEZA-JOSE\u0301-LUIS-URIO\u0301STEGUI-INICIO-DE-NUEVA-OBRA-PARA-MEJORAR-LA-DOTACIO\u0301N-DE-AGUA-POTABLE-A-VECINOS-DE-LA-COLONIA-LAGUNILLA-2-150x150.jpg\" class=\"attachment-thumbnail size-thumbnail\" alt=\"\" loading=\"lazy\" \/><\/a>\n\t\t\t<\/dt><\/dl><dl class='gallery-item'>\n\t\t\t<dt class='gallery-icon landscape'>\n\t\t\t\t<a href='https:\/\/cuernavaca.gob.mx\/?attachment_id=42677'><img width=\"150\" height=\"150\" src=\"https:\/\/cuernavaca.gob.mx\/wp-content\/uploads\/2024\/07\/ENCABEZA-JOSE\u0301-LUIS-URIO\u0301STEGUI-INICIO-DE-NUEVA-OBRA-PARA-MEJORAR-LA-DOTACIO\u0301N-DE-AGUA-POTABLE-A-VECINOS-DE-LA-COLONIA-LAGUNILLA-3-150x150.jpg\" class=\"attachment-thumbnail size-thumbnail\" alt=\"\" loading=\"lazy\" \/><\/a>\n\t\t\t<\/dt><\/dl><br style=\"clear: both\" \/><dl class='gallery-item'>\n\t\t\t<dt class='gallery-icon landscape'>\n\t\t\t\t<a href='https:\/\/cuernavaca.gob.mx\/?attachment_id=42678'><img width=\"150\" height=\"150\" src=\"https:\/\/cuernavaca.gob.mx\/wp-content\/uploads\/2024\/07\/ENCABEZA-JOSE\u0301-LUIS-URIO\u0301STEGUI-INICIO-DE-NUEVA-OBRA-PARA-MEJORAR-LA-DOTACIO\u0301N-DE-AGUA-POTABLE-A-VECINOS-DE-LA-COLONIA-LAGUNILLA-4-150x150.jpg\" class=\"attachment-thumbnail size-thumbnail\" alt=\"\" loading=\"lazy\" \/><\/a>\n\t\t\t<\/dt><\/dl><dl class='gallery-item'>\n\t\t\t<dt class='gallery-icon landscape'>\n\t\t\t\t<a href='https:\/\/cuernavaca.gob.mx\/?attachment_id=42679'><img width=\"150\" height=\"150\" src=\"https:\/\/cuernavaca.gob.mx\/wp-content\/uploads\/2024\/07\/ENCABEZA-JOSE\u0301-LUIS-URIO\u0301STEGUI-INICIO-DE-NUEVA-OBRA-PARA-MEJORAR-LA-DOTACIO\u0301N-DE-AGUA-POTABLE-A-VECINOS-DE-LA-COLONIA-LAGUNILLA-5-150x150.jpg\" class=\"attachment-thumbnail size-thumbnail\" alt=\"\" loading=\"lazy\" \/><\/a>\n\t\t\t<\/dt><\/dl><dl class='gallery-item'>\n\t\t\t<dt class='gallery-icon landscape'>\n\t\t\t\t<a href='https:\/\/cuernavaca.gob.mx\/?attachment_id=42680'><img width=\"150\" height=\"150\" src=\"https:\/\/cuernavaca.gob.mx\/wp-content\/uploads\/2024\/07\/ENCABEZA-JOSE\u0301-LUIS-URIO\u0301STEGUI-INICIO-DE-NUEVA-OBRA-PARA-MEJORAR-LA-DOTACIO\u0301N-DE-AGUA-POTABLE-A-VECINOS-DE-LA-COLONIA-LAGUNILLA-6-150x150.jpg\" class=\"attachment-thumbnail size-thumbnail\" alt=\"\" loading=\"lazy\" \/><\/a>\n\t\t\t<\/dt><\/dl><br style=\"clear: both\" \/><dl class='gallery-item'>\n\t\t\t<dt class='gallery-icon landscape'>\n\t\t\t\t<a href='https:\/\/cuernavaca.gob.mx\/?attachment_id=42681'><img width=\"150\" height=\"150\" src=\"https:\/\/cuernavaca.gob.mx\/wp-content\/uploads\/2024\/07\/ENCABEZA-JOSE\u0301-LUIS-URIO\u0301STEGUI-INICIO-DE-NUEVA-OBRA-PARA-MEJORAR-LA-DOTACIO\u0301N-DE-AGUA-POTABLE-A-VECINOS-DE-LA-COLONIA-LAGUNILLA-7-150x150.jpg\" class=\"attachment-thumbnail size-thumbnail\" alt=\"\" loading=\"lazy\" \/><\/a>\n\t\t\t<\/dt><\/dl><dl class='gallery-item'>\n\t\t\t<dt class='gallery-icon landscape'>\n\t\t\t\t<a href='https:\/\/cuernavaca.gob.mx\/?attachment_id=42682'><img width=\"150\" height=\"150\" src=\"https:\/\/cuernavaca.gob.mx\/wp-content\/uploads\/2024\/07\/ENCABEZA-JOSE\u0301-LUIS-URIO\u0301STEGUI-INICIO-DE-NUEVA-OBRA-PARA-MEJORAR-LA-DOTACIO\u0301N-DE-AGUA-POTABLE-A-VECINOS-DE-LA-COLONIA-LAGUNILLA-8-150x150.jpg\" class=\"attachment-thumbnail size-thumbnail\" alt=\"\" loading=\"lazy\" \/><\/a>\n\t\t\t<\/dt><\/dl><dl class='gallery-item'>\n\t\t\t<dt class='gallery-icon landscape'>\n\t\t\t\t<a href='https:\/\/cuernavaca.gob.mx\/?attachment_id=42683'><img width=\"150\" height=\"150\" src=\"https:\/\/cuernavaca.gob.mx\/wp-content\/uploads\/2024\/07\/ENCABEZA-JOSE\u0301-LUIS-URIO\u0301STEGUI-INICIO-DE-NUEVA-OBRA-PARA-MEJORAR-LA-DOTACIO\u0301N-DE-AGUA-POTABLE-A-VECINOS-DE-LA-COLONIA-LAGUNILLA-9-150x150.jpg\" class=\"attachment-thumbnail size-thumbnail\" alt=\"\" loading=\"lazy\" \/><\/a>\n\t\t\t<\/dt><\/dl><br style=\"clear: both\" \/><dl class='gallery-item'>\n\t\t\t<dt class='gallery-icon landscape'>\n\t\t\t\t<a href='https:\/\/cuernavaca.gob.mx\/?attachment_id=42684'><img width=\"150\" height=\"150\" src=\"https:\/\/cuernavaca.gob.mx\/wp-content\/uploads\/2024\/07\/ENCABEZA-JOSE\u0301-LUIS-URIO\u0301STEGUI-INICIO-DE-NUEVA-OBRA-PARA-MEJORAR-LA-DOTACIO\u0301N-DE-AGUA-POTABLE-A-VECINOS-DE-LA-COLONIA-LAGUNILLA-10-150x150.jpg\" class=\"attachment-thumbnail size-thumbnail\" alt=\"\" loading=\"lazy\" \/><\/a>\n\t\t\t<\/dt><\/dl><dl class='gallery-item'>\n\t\t\t<dt class='gallery-icon landscape'>\n\t\t\t\t<a href='https:\/\/cuernavaca.gob.mx\/?attachment_id=42685'><img width=\"150\" height=\"150\" src=\"https:\/\/cuernavaca.gob.mx\/wp-content\/uploads\/2024\/07\/ENCABEZA-JOSE\u0301-LUIS-URIO\u0301STEGUI-INICIO-DE-NUEVA-OBRA-PARA-MEJORAR-LA-DOTACIO\u0301N-DE-AGUA-POTABLE-A-VECINOS-DE-LA-COLONIA-LAGUNILLA-11-150x150.jpg\" class=\"attachment-thumbnail size-thumbnail\" alt=\"\" loading=\"lazy\" \/><\/a>\n\t\t\t<\/dt><\/dl><dl class='gallery-item'>\n\t\t\t<dt class='gallery-icon landscape'>\n\t\t\t\t<a href='https:\/\/cuernavaca.gob.mx\/?attachment_id=42686'><img width=\"150\" height=\"150\" src=\"https:\/\/cuernavaca.gob.mx\/wp-content\/uploads\/2024\/07\/ENCABEZA-JOSE\u0301-LUIS-URIO\u0301STEGUI-INICIO-DE-NUEVA-OBRA-PARA-MEJORAR-LA-DOTACIO\u0301N-DE-AGUA-POTABLE-A-VECINOS-DE-LA-COLONIA-LAGUNILLA-12-150x150.jpg\" class=\"attachment-thumbnail size-thumbnail\" alt=\"\" loading=\"lazy\" \/><\/a>\n\t\t\t<\/dt><\/dl><br style=\"clear: both\" \/><dl class='gallery-item'>\n\t\t\t<dt class='gallery-icon landscape'>\n\t\t\t\t<a href='https:\/\/cuernavaca.gob.mx\/?attachment_id=42687'><img width=\"150\" height=\"150\" src=\"https:\/\/cuernavaca.gob.mx\/wp-content\/uploads\/2024\/07\/ENCABEZA-JOSE\u0301-LUIS-URIO\u0301STEGUI-INICIO-DE-NUEVA-OBRA-PARA-MEJORAR-LA-DOTACIO\u0301N-DE-AGUA-POTABLE-A-VECINOS-DE-LA-COLONIA-LAGUNILLA-13-150x150.jpg\" class=\"attachment-thumbnail size-thumbnail\" alt=\"\" loading=\"lazy\" \/><\/a>\n\t\t\t<\/dt><\/dl>\n\t\t\t<br style='clear: both' \/>\n\t\t<\/div>\n\n","protected":false},"excerpt":{"rendered":"<p>\u2022 En esta ocasi\u00f3n se trata de la rehabilitaci\u00f3n de la l\u00ednea de agua potable de tres pulgadas en la privada De la Cruz que beneficiar\u00e1 de manera directa a 360 habitantes Tras a\u00f1os de abandono el Ayuntamiento de Cuernavaca ha invertido recursos sin precedentes para mejorar, no solo la movilidad, sino tambi\u00e9n la calidad [&hellip;]<\/p>\n","protected":false},"author":1,"featured_media":42675,"comment_status":"closed","ping_status":"open","sticky":false,"template":"","format":"standard","meta":[],"categories":[18],"tags":[395,615,916,121,382,120,206,1075,213,127,138],"aioseo_notices":[],"_links":{"self":[{"href":"https:\/\/cuernavaca.gob.mx\/index.php?rest_route=\/wp\/v2\/posts\/42674"}],"collection":[{"href":"https:\/\/cuernavaca.gob.mx\/index.php?rest_route=\/wp\/v2\/posts"}],"about":[{"href":"https:\/\/cuernavaca.gob.mx\/index.php?rest_route=\/wp\/v2\/types\/post"}],"author":[{"embeddable":true,"href":"https:\/\/cuernavaca.gob.mx\/index.php?rest_route=\/wp\/v2\/users\/1"}],"replies":[{"embeddable":true,"href":"https:\/\/cuernavaca.gob.mx\/index.php?rest_route=%2Fwp%2Fv2%2Fcomments&post=42674"}],"version-history":[{"count":1,"href":"https:\/\/cuernavaca.gob.mx\/index.php?rest_route=\/wp\/v2\/posts\/42674\/revisions"}],"predecessor-version":[{"id":42688,"href":"https:\/\/cuernavaca.gob.mx\/index.php?rest_route=\/wp\/v2\/posts\/42674\/revisions\/42688"}],"wp:featuredmedia":[{"embeddable":true,"href":"https:\/\/cuernavaca.gob.mx\/index.php?rest_route=\/wp\/v2\/media\/42675"}],"wp:attachment":[{"href":"https:\/\/cuernavaca.gob.mx\/index.php?rest_route=%2Fwp%2Fv2%2Fmedia&parent=42674"}],"wp:term":[{"taxonomy":"category","embeddable":true,"href":"https:\/\/cuernavaca.gob.mx\/index.php?rest_route=%2Fwp%2Fv2%2Fcategories&post=42674"},{"taxonomy":"post_tag","embeddable":true,"href":"https:\/\/cuernavaca.gob.mx\/index.php?rest_route=%2Fwp%2Fv2%2Ftags&post=42674"}],"curies":[{"name":"wp","href":"https:\/\/api.w.org\/{rel}","templated":true}]}}