{"id":42776,"date":"2024-08-02T15:00:32","date_gmt":"2024-08-02T21:00:32","guid":{"rendered":"https:\/\/cuernavaca.gob.mx\/?p=42776"},"modified":"2024-08-02T15:47:58","modified_gmt":"2024-08-02T21:47:58","slug":"b1879-02-08-24-visitantes-de-todas-partes-siguen-disfrutando-del-tercer-festival-cultural-de-verano-cuernavaca-2024","status":"publish","type":"post","link":"https:\/\/cuernavaca.gob.mx\/?p=42776","title":{"rendered":"B1879 02\/08\/24 VISITANTES DE TODAS PARTES SIGUEN DISFRUTANDO DEL TERCER FESTIVAL CULTURAL DE VERANO CUERNAVACA 2024"},"content":{"rendered":"<p><strong>\u2022 Se est\u00e1 llevando a cabo en el centro de la ciudad y otras 10 sedes donde los asistentes han podido disfrutar de la presentaci\u00f3n de 50 artistas en 31 actividades para toda la familia<\/strong><\/p>\n<p><strong>\u2022 El Festival Cultural de Verano es iniciativa del presidente municipal Jos\u00e9 Luis Uri\u00f3stegui durante esta administraci\u00f3n<\/strong><\/p>\n<p>Familias cuernavaquenses y visitantes disfrutaron de las cerca de 31 actividades que ofrece esta semana el Festival Cultura de Verano Cuernavaca 2024 rumbo a su gran cierre que el domingo 4 de agosto contar\u00e1 con seis conciertos y un impresionante espect\u00e1culo de drones que iluminar\u00e1 el cielo con la historia de la capital morelense.<\/p>\n<p>En esta tercera edici\u00f3n se cont\u00f3 con la participaci\u00f3n de 50 artistas locales, nacionales e internacionales que llenaron de m\u00fasica y color 11 sedes distintas en la ciudad, como fue la presentaci\u00f3n del Grupo Folkl\u00f3rico &#8220;Tradici\u00f3n Tlahuica&#8221; en la explanada de la Ayudant\u00eda del poblado de Chamilpa, el concierto Cuernavaca Tropical II que estuvo integrado por la &#8220;Caravana de Cantantes&#8221; y los grupos musicales &#8220;Los \u00c1ngeles del Amor&#8221; y &#8220;Alta Vista Cumbia Brava&#8221; en el kiosko de Cuernavaca.<\/p>\n<p>Adem\u00e1s, los asistentes pudieron disfrutar de una actividad \u00fanica en la ciudad, la &#8220;Noche de Museos&#8221;, que los invit\u00f3 a vivir el Museo de Arte Sacro de Catedral y por primera ocasi\u00f3n el Museo Regional de los Pueblos de Morelos (Palacio de Cort\u00e9s) de una manera distinta, acercando estos espacios muse\u00edsticos a la poblaci\u00f3n que normalmente no puede acudir por trabajo, escuela u otras actividades.<\/p>\n<p>Algunos de los espacios que los visitantes pudieron disfrutar a trav\u00e9s del Tercer Festival Cultural de Verano fue la colonia Antonio Barona con presentaciones de danza y teatro, la Plazuela del Zacate con el &#8220;Guateque de Bandas&#8221;, el Parque Melchor Ocampo, el Parque Tlaltenango, el Parque Denver, el poblado de San Miguel Acapantzingo y no pod\u00eda faltar el Museo de la Ciudad de Cuernavaca (MuCiC) que alberg\u00f3 distintas disciplinas art\u00edsticas para el gozo de toda la familia.<\/p>\n<p>Para este s\u00e1bado 3 de agosto, a las 12:00 horas en el Museo de la Ciudad de Cuernavaca, se llevar\u00e1 a cabo la presentaci\u00f3n de la m\u00e1s reciente obra literaria de Benito Taibo, \u201cCuatro Veranos\u201d, Una novela en la que todo lo que sucede es real, excepto lo que no es, con la presencia confirmada del escritor, periodista y promotor de la lectura entre los j\u00f3venes.<\/p>\n<p>Esta tercera edici\u00f3n concluir\u00e1 en grande, para lo cual el MuCiC y la explanada del Museo Regional de los Pueblos de Morelos (Palacio de Cort\u00e9s) ser\u00e1n el escenario perfecto para lograrlo, en este \u00faltimo caso a trav\u00e9s de un gran concierto a partir de las 16:30 horas que contar\u00e1 con la presentaci\u00f3n de La Mar\u00eda Cant\u00fa y el espectacular show de drones con la historia de Cuernavaca en punto de las 19:50 horas que estar\u00e1 acompa\u00f1ado de los &#8220;Chinelos M\u00e1gicos de Tlayacapan&#8221;.<\/p>\n<p>Para conocer la cartelera del Festival Cultura de Verano Cuernavaca 2024, iniciativa del presidente municipal Jos\u00e9 Luis Uri\u00f3stegui Salgado en esta administraci\u00f3n, se puede consultar en las redes sociales oficiales del Municipio de Cuernavaca y del Instituto de Cultura de Cuernavaca.<\/p>\n\n\t\t<style type=\"text\/css\">\n\t\t\t#gallery-1 {\n\t\t\t\tmargin: auto;\n\t\t\t}\n\t\t\t#gallery-1 .gallery-item {\n\t\t\t\tfloat: left;\n\t\t\t\tmargin-top: 10px;\n\t\t\t\ttext-align: center;\n\t\t\t\twidth: 33%;\n\t\t\t}\n\t\t\t#gallery-1 img {\n\t\t\t\tborder: 2px solid #cfcfcf;\n\t\t\t}\n\t\t\t#gallery-1 .gallery-caption {\n\t\t\t\tmargin-left: 0;\n\t\t\t}\n\t\t\t\/* see gallery_shortcode() in wp-includes\/media.php *\/\n\t\t<\/style>\n\t\t<div id='gallery-1' class='gallery galleryid-42776 gallery-columns-3 gallery-size-thumbnail'><dl class='gallery-item'>\n\t\t\t<dt class='gallery-icon landscape'>\n\t\t\t\t<a href='https:\/\/cuernavaca.gob.mx\/?attachment_id=42777'><img width=\"150\" height=\"150\" src=\"https:\/\/cuernavaca.gob.mx\/wp-content\/uploads\/2024\/08\/VISITANTES-DE-TODAS-PARTES-SIGUEN-DISFRUTANDO-DEL-TERCER-FESTIVAL-CULTURAL-DE-VERANO-CUERNAVACA-2024-1-150x150.jpg\" class=\"attachment-thumbnail size-thumbnail\" alt=\"\" loading=\"lazy\" \/><\/a>\n\t\t\t<\/dt><\/dl><dl class='gallery-item'>\n\t\t\t<dt class='gallery-icon landscape'>\n\t\t\t\t<a href='https:\/\/cuernavaca.gob.mx\/?attachment_id=42778'><img width=\"150\" height=\"150\" src=\"https:\/\/cuernavaca.gob.mx\/wp-content\/uploads\/2024\/08\/VISITANTES-DE-TODAS-PARTES-SIGUEN-DISFRUTANDO-DEL-TERCER-FESTIVAL-CULTURAL-DE-VERANO-CUERNAVACA-2024-2-150x150.jpg\" class=\"attachment-thumbnail size-thumbnail\" alt=\"\" loading=\"lazy\" \/><\/a>\n\t\t\t<\/dt><\/dl><dl class='gallery-item'>\n\t\t\t<dt class='gallery-icon landscape'>\n\t\t\t\t<a href='https:\/\/cuernavaca.gob.mx\/?attachment_id=42779'><img width=\"150\" height=\"150\" src=\"https:\/\/cuernavaca.gob.mx\/wp-content\/uploads\/2024\/08\/VISITANTES-DE-TODAS-PARTES-SIGUEN-DISFRUTANDO-DEL-TERCER-FESTIVAL-CULTURAL-DE-VERANO-CUERNAVACA-2024-3-150x150.jpg\" class=\"attachment-thumbnail size-thumbnail\" alt=\"\" loading=\"lazy\" \/><\/a>\n\t\t\t<\/dt><\/dl><br style=\"clear: both\" \/><dl class='gallery-item'>\n\t\t\t<dt class='gallery-icon portrait'>\n\t\t\t\t<a href='https:\/\/cuernavaca.gob.mx\/?attachment_id=42780'><img width=\"150\" height=\"150\" src=\"https:\/\/cuernavaca.gob.mx\/wp-content\/uploads\/2024\/08\/VISITANTES-DE-TODAS-PARTES-SIGUEN-DISFRUTANDO-DEL-TERCER-FESTIVAL-CULTURAL-DE-VERANO-CUERNAVACA-2024-4-150x150.jpg\" class=\"attachment-thumbnail size-thumbnail\" alt=\"\" loading=\"lazy\" \/><\/a>\n\t\t\t<\/dt><\/dl><dl class='gallery-item'>\n\t\t\t<dt class='gallery-icon landscape'>\n\t\t\t\t<a href='https:\/\/cuernavaca.gob.mx\/?attachment_id=42781'><img width=\"150\" height=\"150\" src=\"https:\/\/cuernavaca.gob.mx\/wp-content\/uploads\/2024\/08\/VISITANTES-DE-TODAS-PARTES-SIGUEN-DISFRUTANDO-DEL-TERCER-FESTIVAL-CULTURAL-DE-VERANO-CUERNAVACA-2024-5-150x150.jpg\" class=\"attachment-thumbnail size-thumbnail\" alt=\"\" loading=\"lazy\" \/><\/a>\n\t\t\t<\/dt><\/dl><dl class='gallery-item'>\n\t\t\t<dt class='gallery-icon landscape'>\n\t\t\t\t<a href='https:\/\/cuernavaca.gob.mx\/?attachment_id=42782'><img width=\"150\" height=\"150\" src=\"https:\/\/cuernavaca.gob.mx\/wp-content\/uploads\/2024\/08\/VISITANTES-DE-TODAS-PARTES-SIGUEN-DISFRUTANDO-DEL-TERCER-FESTIVAL-CULTURAL-DE-VERANO-CUERNAVACA-2024-6-150x150.jpg\" class=\"attachment-thumbnail size-thumbnail\" alt=\"\" loading=\"lazy\" \/><\/a>\n\t\t\t<\/dt><\/dl><br style=\"clear: both\" \/><dl class='gallery-item'>\n\t\t\t<dt class='gallery-icon landscape'>\n\t\t\t\t<a href='https:\/\/cuernavaca.gob.mx\/?attachment_id=42783'><img width=\"150\" height=\"150\" src=\"https:\/\/cuernavaca.gob.mx\/wp-content\/uploads\/2024\/08\/VISITANTES-DE-TODAS-PARTES-SIGUEN-DISFRUTANDO-DEL-TERCER-FESTIVAL-CULTURAL-DE-VERANO-CUERNAVACA-2024-7-150x150.jpg\" class=\"attachment-thumbnail size-thumbnail\" alt=\"\" loading=\"lazy\" \/><\/a>\n\t\t\t<\/dt><\/dl><dl class='gallery-item'>\n\t\t\t<dt class='gallery-icon landscape'>\n\t\t\t\t<a href='https:\/\/cuernavaca.gob.mx\/?attachment_id=42784'><img width=\"150\" height=\"150\" src=\"https:\/\/cuernavaca.gob.mx\/wp-content\/uploads\/2024\/08\/VISITANTES-DE-TODAS-PARTES-SIGUEN-DISFRUTANDO-DEL-TERCER-FESTIVAL-CULTURAL-DE-VERANO-CUERNAVACA-2024-8-150x150.jpg\" class=\"attachment-thumbnail size-thumbnail\" alt=\"\" loading=\"lazy\" \/><\/a>\n\t\t\t<\/dt><\/dl><dl class='gallery-item'>\n\t\t\t<dt class='gallery-icon landscape'>\n\t\t\t\t<a href='https:\/\/cuernavaca.gob.mx\/?attachment_id=42785'><img width=\"150\" height=\"150\" src=\"https:\/\/cuernavaca.gob.mx\/wp-content\/uploads\/2024\/08\/VISITANTES-DE-TODAS-PARTES-SIGUEN-DISFRUTANDO-DEL-TERCER-FESTIVAL-CULTURAL-DE-VERANO-CUERNAVACA-2024-9-150x150.jpg\" class=\"attachment-thumbnail size-thumbnail\" alt=\"\" loading=\"lazy\" \/><\/a>\n\t\t\t<\/dt><\/dl><br style=\"clear: both\" \/><dl class='gallery-item'>\n\t\t\t<dt class='gallery-icon landscape'>\n\t\t\t\t<a href='https:\/\/cuernavaca.gob.mx\/?attachment_id=42786'><img width=\"150\" height=\"150\" src=\"https:\/\/cuernavaca.gob.mx\/wp-content\/uploads\/2024\/08\/VISITANTES-DE-TODAS-PARTES-SIGUEN-DISFRUTANDO-DEL-TERCER-FESTIVAL-CULTURAL-DE-VERANO-CUERNAVACA-2024-10-150x150.jpg\" class=\"attachment-thumbnail size-thumbnail\" alt=\"\" loading=\"lazy\" \/><\/a>\n\t\t\t<\/dt><\/dl><dl class='gallery-item'>\n\t\t\t<dt class='gallery-icon landscape'>\n\t\t\t\t<a href='https:\/\/cuernavaca.gob.mx\/?attachment_id=42787'><img width=\"150\" height=\"150\" src=\"https:\/\/cuernavaca.gob.mx\/wp-content\/uploads\/2024\/08\/VISITANTES-DE-TODAS-PARTES-SIGUEN-DISFRUTANDO-DEL-TERCER-FESTIVAL-CULTURAL-DE-VERANO-CUERNAVACA-2024-11-150x150.jpg\" class=\"attachment-thumbnail size-thumbnail\" alt=\"\" loading=\"lazy\" \/><\/a>\n\t\t\t<\/dt><\/dl><dl class='gallery-item'>\n\t\t\t<dt class='gallery-icon landscape'>\n\t\t\t\t<a href='https:\/\/cuernavaca.gob.mx\/?attachment_id=42788'><img width=\"150\" height=\"150\" src=\"https:\/\/cuernavaca.gob.mx\/wp-content\/uploads\/2024\/08\/VISITANTES-DE-TODAS-PARTES-SIGUEN-DISFRUTANDO-DEL-TERCER-FESTIVAL-CULTURAL-DE-VERANO-CUERNAVACA-2024-12-150x150.jpg\" class=\"attachment-thumbnail size-thumbnail\" alt=\"\" loading=\"lazy\" \/><\/a>\n\t\t\t<\/dt><\/dl><br style=\"clear: both\" \/><dl class='gallery-item'>\n\t\t\t<dt class='gallery-icon landscape'>\n\t\t\t\t<a href='https:\/\/cuernavaca.gob.mx\/?attachment_id=42789'><img width=\"150\" height=\"150\" src=\"https:\/\/cuernavaca.gob.mx\/wp-content\/uploads\/2024\/08\/VISITANTES-DE-TODAS-PARTES-SIGUEN-DISFRUTANDO-DEL-TERCER-FESTIVAL-CULTURAL-DE-VERANO-CUERNAVACA-2024-13-150x150.jpg\" class=\"attachment-thumbnail size-thumbnail\" alt=\"\" loading=\"lazy\" \/><\/a>\n\t\t\t<\/dt><\/dl><dl class='gallery-item'>\n\t\t\t<dt class='gallery-icon landscape'>\n\t\t\t\t<a href='https:\/\/cuernavaca.gob.mx\/?attachment_id=42790'><img width=\"150\" height=\"150\" src=\"https:\/\/cuernavaca.gob.mx\/wp-content\/uploads\/2024\/08\/VISITANTES-DE-TODAS-PARTES-SIGUEN-DISFRUTANDO-DEL-TERCER-FESTIVAL-CULTURAL-DE-VERANO-CUERNAVACA-2024-14-150x150.jpg\" class=\"attachment-thumbnail size-thumbnail\" alt=\"\" loading=\"lazy\" \/><\/a>\n\t\t\t<\/dt><\/dl><dl class='gallery-item'>\n\t\t\t<dt class='gallery-icon landscape'>\n\t\t\t\t<a href='https:\/\/cuernavaca.gob.mx\/?attachment_id=42791'><img width=\"150\" height=\"150\" src=\"https:\/\/cuernavaca.gob.mx\/wp-content\/uploads\/2024\/08\/VISITANTES-DE-TODAS-PARTES-SIGUEN-DISFRUTANDO-DEL-TERCER-FESTIVAL-CULTURAL-DE-VERANO-CUERNAVACA-2024-15-150x150.jpg\" class=\"attachment-thumbnail size-thumbnail\" alt=\"\" loading=\"lazy\" \/><\/a>\n\t\t\t<\/dt><\/dl><br style=\"clear: both\" \/>\n\t\t<\/div>\n\n<p>&nbsp;<\/p>\n","protected":false},"excerpt":{"rendered":"<p>\u2022 Se est\u00e1 llevando a cabo en el centro de la ciudad y otras 10 sedes donde los asistentes han podido disfrutar de la presentaci\u00f3n de 50 artistas en 31 actividades para toda la familia \u2022 El Festival Cultural de Verano es iniciativa del presidente municipal Jos\u00e9 Luis Uri\u00f3stegui durante esta administraci\u00f3n Familias cuernavaquenses y [&hellip;]<\/p>\n","protected":false},"author":1,"featured_media":42784,"comment_status":"closed","ping_status":"open","sticky":false,"template":"","format":"standard","meta":[],"categories":[2292],"tags":[121,3752,1922,1160,1882,120,206,3399,194],"aioseo_notices":[],"_links":{"self":[{"href":"https:\/\/cuernavaca.gob.mx\/index.php?rest_route=\/wp\/v2\/posts\/42776"}],"collection":[{"href":"https:\/\/cuernavaca.gob.mx\/index.php?rest_route=\/wp\/v2\/posts"}],"about":[{"href":"https:\/\/cuernavaca.gob.mx\/index.php?rest_route=\/wp\/v2\/types\/post"}],"author":[{"embeddable":true,"href":"https:\/\/cuernavaca.gob.mx\/index.php?rest_route=\/wp\/v2\/users\/1"}],"replies":[{"embeddable":true,"href":"https:\/\/cuernavaca.gob.mx\/index.php?rest_route=%2Fwp%2Fv2%2Fcomments&post=42776"}],"version-history":[{"count":1,"href":"https:\/\/cuernavaca.gob.mx\/index.php?rest_route=\/wp\/v2\/posts\/42776\/revisions"}],"predecessor-version":[{"id":42792,"href":"https:\/\/cuernavaca.gob.mx\/index.php?rest_route=\/wp\/v2\/posts\/42776\/revisions\/42792"}],"wp:featuredmedia":[{"embeddable":true,"href":"https:\/\/cuernavaca.gob.mx\/index.php?rest_route=\/wp\/v2\/media\/42784"}],"wp:attachment":[{"href":"https:\/\/cuernavaca.gob.mx\/index.php?rest_route=%2Fwp%2Fv2%2Fmedia&parent=42776"}],"wp:term":[{"taxonomy":"category","embeddable":true,"href":"https:\/\/cuernavaca.gob.mx\/index.php?rest_route=%2Fwp%2Fv2%2Fcategories&post=42776"},{"taxonomy":"post_tag","embeddable":true,"href":"https:\/\/cuernavaca.gob.mx\/index.php?rest_route=%2Fwp%2Fv2%2Ftags&post=42776"}],"curies":[{"name":"wp","href":"https:\/\/api.w.org\/{rel}","templated":true}]}}