{"id":42793,"date":"2024-08-02T16:46:32","date_gmt":"2024-08-02T22:46:32","guid":{"rendered":"https:\/\/cuernavaca.gob.mx\/?p=42793"},"modified":"2024-08-02T16:46:32","modified_gmt":"2024-08-02T22:46:32","slug":"b1880-02-08-24-abandera-alcalde-de-cuernavaca-a-jovenes-rotarios-seleccionados-como-embajadores-de-la-paz-y-buena-voluntad","status":"publish","type":"post","link":"https:\/\/cuernavaca.gob.mx\/?p=42793","title":{"rendered":"B1880 02\/08\/24 ABANDERA ALCALDE DE CUERNAVACA A J\u00d3VENES ROTARIOS SELECCIONADOS COMO EMBAJADORES DE LA PAZ Y BUENA VOLUNTAD"},"content":{"rendered":"<p><strong>\u2022 Los seleccionados cumplieron con la capacitaci\u00f3n del Programa de Intercambios de Rotary Internacional Distrito 4185 Delegaci\u00f3n Morelos<\/strong><\/p>\n<p><strong>\u2022 Representaran al estado y a la ciudad capital en Ruman\u00eda, a Brasil, Finlandia, Francia, Hungr\u00eda y Taiwan<\/strong><\/p>\n<p>El presidente municipal de Cuernavaca, Jos\u00e9 Luis Uri\u00f3stegui Salgado, abander\u00f3 a la delegaci\u00f3n de j\u00f3venes que representar\u00e1n al estado y a la ciudad como Embajadores de la Paz y Buena Voluntad del Programa de Intercambios de Rotary Internacional Distrito 4185 Delegaci\u00f3n Morelos, con la encomienda de llevar un mensaje de esperanza a los pa\u00edses en los que estar\u00e1n.<\/p>\n<p>Ante familias y amistades de estos Embajadores de la Paz y Buena Voluntad reunidos en el Museo de la Ciudad, Jos\u00e9 Luis Uri\u00f3stegui resalt\u00f3 la importancia de que m\u00e1s j\u00f3venes sigan interes\u00e1ndose en participar en estas convocatorias, cumplir con la capacitaci\u00f3n y preparaci\u00f3n para ser seleccionados, llevando a otras naciones y continentes el mensaje de identidad y tradici\u00f3n que en Cuernavaca se preserva, de que se est\u00e1n haciendo bien las cosas, recuperando las condiciones propicias para seguir siendo considerada la ciudad hospitalaria y de bienestar por excelencia para los visitantes.<\/p>\n<p>Agradeci\u00f3 a Beatriz Rubio Mart\u00ednez, Coordinadora de Intercambios del Estado de Morelos para el Distrito 4185 y a Grethel Streber Ram\u00edrez, presidenta saliente del Club Rotary Cuauhn\u00e1huac, por las consideraciones de los representantes de Rotary Internacional, por elegir a Cuernavaca para estos actos protocolarios que dan realce al municipio, que durante esta administraci\u00f3n le ha apostado a reforzar los lazos de hermanamiento con otros pa\u00edses y ciudades, enfocados a intercambios culturales, art\u00edsticos, acad\u00e9micos y comerciales.<\/p>\n<p>Las y los j\u00f3venes embajadores son Carlo Avil\u00e9s Olivera, que viajar\u00e1 a Ruman\u00eda; Liliana Garc\u00eda a Brasil; Saori Morales Alvear estar\u00e1 en Finlandia; Fernanda Gonz\u00e1lez en Francia; Luis Emilio Cisneros Jim\u00e9nez en Hungr\u00eda e Ilse Tinoco Mar\u00edn, su encomienda ser\u00e1 en Taiwan, entre otros m\u00e1s fueron seleccionados para este programa de intercambios.<\/p>\n\n\t\t<style type=\"text\/css\">\n\t\t\t#gallery-1 {\n\t\t\t\tmargin: auto;\n\t\t\t}\n\t\t\t#gallery-1 .gallery-item {\n\t\t\t\tfloat: left;\n\t\t\t\tmargin-top: 10px;\n\t\t\t\ttext-align: center;\n\t\t\t\twidth: 33%;\n\t\t\t}\n\t\t\t#gallery-1 img {\n\t\t\t\tborder: 2px solid #cfcfcf;\n\t\t\t}\n\t\t\t#gallery-1 .gallery-caption {\n\t\t\t\tmargin-left: 0;\n\t\t\t}\n\t\t\t\/* see gallery_shortcode() in wp-includes\/media.php *\/\n\t\t<\/style>\n\t\t<div id='gallery-1' class='gallery galleryid-42793 gallery-columns-3 gallery-size-thumbnail'><dl class='gallery-item'>\n\t\t\t<dt class='gallery-icon landscape'>\n\t\t\t\t<a href='https:\/\/cuernavaca.gob.mx\/?attachment_id=42794'><img width=\"150\" height=\"150\" src=\"https:\/\/cuernavaca.gob.mx\/wp-content\/uploads\/2024\/08\/ABANDERA-ALCALDE-DE-CUERNAVACA-A-JO\u0301VENES-ROTARIOS-SELECCIONADOS-COMO-EMBAJADORES-DE-LA-PAZ-Y-BUENA-VOLUNTAD-1-150x150.jpg\" class=\"attachment-thumbnail size-thumbnail\" alt=\"\" loading=\"lazy\" \/><\/a>\n\t\t\t<\/dt><\/dl><dl class='gallery-item'>\n\t\t\t<dt class='gallery-icon landscape'>\n\t\t\t\t<a href='https:\/\/cuernavaca.gob.mx\/?attachment_id=42795'><img width=\"150\" height=\"150\" src=\"https:\/\/cuernavaca.gob.mx\/wp-content\/uploads\/2024\/08\/ABANDERA-ALCALDE-DE-CUERNAVACA-A-JO\u0301VENES-ROTARIOS-SELECCIONADOS-COMO-EMBAJADORES-DE-LA-PAZ-Y-BUENA-VOLUNTAD-2-150x150.jpg\" class=\"attachment-thumbnail size-thumbnail\" alt=\"\" loading=\"lazy\" \/><\/a>\n\t\t\t<\/dt><\/dl><dl class='gallery-item'>\n\t\t\t<dt class='gallery-icon landscape'>\n\t\t\t\t<a href='https:\/\/cuernavaca.gob.mx\/?attachment_id=42796'><img width=\"150\" height=\"150\" src=\"https:\/\/cuernavaca.gob.mx\/wp-content\/uploads\/2024\/08\/ABANDERA-ALCALDE-DE-CUERNAVACA-A-JO\u0301VENES-ROTARIOS-SELECCIONADOS-COMO-EMBAJADORES-DE-LA-PAZ-Y-BUENA-VOLUNTAD-3-150x150.jpg\" class=\"attachment-thumbnail size-thumbnail\" alt=\"\" loading=\"lazy\" \/><\/a>\n\t\t\t<\/dt><\/dl><br style=\"clear: both\" \/><dl class='gallery-item'>\n\t\t\t<dt class='gallery-icon landscape'>\n\t\t\t\t<a href='https:\/\/cuernavaca.gob.mx\/?attachment_id=42797'><img width=\"150\" height=\"150\" src=\"https:\/\/cuernavaca.gob.mx\/wp-content\/uploads\/2024\/08\/ABANDERA-ALCALDE-DE-CUERNAVACA-A-JO\u0301VENES-ROTARIOS-SELECCIONADOS-COMO-EMBAJADORES-DE-LA-PAZ-Y-BUENA-VOLUNTAD-4-150x150.jpg\" class=\"attachment-thumbnail size-thumbnail\" alt=\"\" loading=\"lazy\" \/><\/a>\n\t\t\t<\/dt><\/dl><dl class='gallery-item'>\n\t\t\t<dt class='gallery-icon landscape'>\n\t\t\t\t<a href='https:\/\/cuernavaca.gob.mx\/?attachment_id=42798'><img width=\"150\" height=\"150\" src=\"https:\/\/cuernavaca.gob.mx\/wp-content\/uploads\/2024\/08\/ABANDERA-ALCALDE-DE-CUERNAVACA-A-JO\u0301VENES-ROTARIOS-SELECCIONADOS-COMO-EMBAJADORES-DE-LA-PAZ-Y-BUENA-VOLUNTAD-5-150x150.jpg\" class=\"attachment-thumbnail size-thumbnail\" alt=\"\" loading=\"lazy\" \/><\/a>\n\t\t\t<\/dt><\/dl><dl class='gallery-item'>\n\t\t\t<dt class='gallery-icon landscape'>\n\t\t\t\t<a href='https:\/\/cuernavaca.gob.mx\/?attachment_id=42799'><img width=\"150\" height=\"150\" src=\"https:\/\/cuernavaca.gob.mx\/wp-content\/uploads\/2024\/08\/ABANDERA-ALCALDE-DE-CUERNAVACA-A-JO\u0301VENES-ROTARIOS-SELECCIONADOS-COMO-EMBAJADORES-DE-LA-PAZ-Y-BUENA-VOLUNTAD-6-150x150.jpg\" class=\"attachment-thumbnail size-thumbnail\" alt=\"\" loading=\"lazy\" \/><\/a>\n\t\t\t<\/dt><\/dl><br style=\"clear: both\" \/><dl class='gallery-item'>\n\t\t\t<dt class='gallery-icon landscape'>\n\t\t\t\t<a href='https:\/\/cuernavaca.gob.mx\/?attachment_id=42800'><img width=\"150\" height=\"150\" src=\"https:\/\/cuernavaca.gob.mx\/wp-content\/uploads\/2024\/08\/ABANDERA-ALCALDE-DE-CUERNAVACA-A-JO\u0301VENES-ROTARIOS-SELECCIONADOS-COMO-EMBAJADORES-DE-LA-PAZ-Y-BUENA-VOLUNTAD-7-150x150.jpg\" class=\"attachment-thumbnail size-thumbnail\" alt=\"\" loading=\"lazy\" \/><\/a>\n\t\t\t<\/dt><\/dl><dl class='gallery-item'>\n\t\t\t<dt class='gallery-icon landscape'>\n\t\t\t\t<a href='https:\/\/cuernavaca.gob.mx\/?attachment_id=42801'><img width=\"150\" height=\"150\" src=\"https:\/\/cuernavaca.gob.mx\/wp-content\/uploads\/2024\/08\/ABANDERA-ALCALDE-DE-CUERNAVACA-A-JO\u0301VENES-ROTARIOS-SELECCIONADOS-COMO-EMBAJADORES-DE-LA-PAZ-Y-BUENA-VOLUNTAD-8-150x150.jpg\" class=\"attachment-thumbnail size-thumbnail\" alt=\"\" loading=\"lazy\" \/><\/a>\n\t\t\t<\/dt><\/dl>\n\t\t\t<br style='clear: both' \/>\n\t\t<\/div>\n\n","protected":false},"excerpt":{"rendered":"<p>\u2022 Los seleccionados cumplieron con la capacitaci\u00f3n del Programa de Intercambios de Rotary Internacional Distrito 4185 Delegaci\u00f3n Morelos \u2022 Representaran al estado y a la ciudad capital en Ruman\u00eda, a Brasil, Finlandia, Francia, Hungr\u00eda y Taiwan El presidente municipal de Cuernavaca, Jos\u00e9 Luis Uri\u00f3stegui Salgado, abander\u00f3 a la delegaci\u00f3n de j\u00f3venes que representar\u00e1n al estado [&hellip;]<\/p>\n","protected":false},"author":1,"featured_media":42800,"comment_status":"closed","ping_status":"open","sticky":false,"template":"","format":"standard","meta":[],"categories":[20],"tags":[3724,121,120,693,206,127],"aioseo_notices":[],"_links":{"self":[{"href":"https:\/\/cuernavaca.gob.mx\/index.php?rest_route=\/wp\/v2\/posts\/42793"}],"collection":[{"href":"https:\/\/cuernavaca.gob.mx\/index.php?rest_route=\/wp\/v2\/posts"}],"about":[{"href":"https:\/\/cuernavaca.gob.mx\/index.php?rest_route=\/wp\/v2\/types\/post"}],"author":[{"embeddable":true,"href":"https:\/\/cuernavaca.gob.mx\/index.php?rest_route=\/wp\/v2\/users\/1"}],"replies":[{"embeddable":true,"href":"https:\/\/cuernavaca.gob.mx\/index.php?rest_route=%2Fwp%2Fv2%2Fcomments&post=42793"}],"version-history":[{"count":1,"href":"https:\/\/cuernavaca.gob.mx\/index.php?rest_route=\/wp\/v2\/posts\/42793\/revisions"}],"predecessor-version":[{"id":42802,"href":"https:\/\/cuernavaca.gob.mx\/index.php?rest_route=\/wp\/v2\/posts\/42793\/revisions\/42802"}],"wp:featuredmedia":[{"embeddable":true,"href":"https:\/\/cuernavaca.gob.mx\/index.php?rest_route=\/wp\/v2\/media\/42800"}],"wp:attachment":[{"href":"https:\/\/cuernavaca.gob.mx\/index.php?rest_route=%2Fwp%2Fv2%2Fmedia&parent=42793"}],"wp:term":[{"taxonomy":"category","embeddable":true,"href":"https:\/\/cuernavaca.gob.mx\/index.php?rest_route=%2Fwp%2Fv2%2Fcategories&post=42793"},{"taxonomy":"post_tag","embeddable":true,"href":"https:\/\/cuernavaca.gob.mx\/index.php?rest_route=%2Fwp%2Fv2%2Ftags&post=42793"}],"curies":[{"name":"wp","href":"https:\/\/api.w.org\/{rel}","templated":true}]}}