{"id":42803,"date":"2024-08-02T16:35:21","date_gmt":"2024-08-02T22:35:21","guid":{"rendered":"https:\/\/cuernavaca.gob.mx\/?p=42803"},"modified":"2024-08-02T17:03:45","modified_gmt":"2024-08-02T23:03:45","slug":"f858-02-08-24-reporta-bomberos-de-cuernavaca-89-servicios-atendidos-por-lluvias-en-la-ultima-semana-de-julio","status":"publish","type":"post","link":"https:\/\/cuernavaca.gob.mx\/?p=42803","title":{"rendered":"F858 02\/08\/24 REPORTA BOMBEROS DE CUERNAVACA 89 SERVICIOS ATENDIDOS POR LLUVIAS EN LA \u00daLTIMA SEMANA DE JULIO"},"content":{"rendered":"<p>Derivado de las lluvias registradas del 22 al 28 de julio, la Secretar\u00eda de Protecci\u00f3n y Auxilio Ciudadano (SEPRAC) de Cuernavaca, a trav\u00e9s de la Direcci\u00f3n de Bomberos, Rescate y Urgencias M\u00e9dicas, atendi\u00f3 un total de 89 servicios.<\/p>\n<p>Mois\u00e9s Ramos Gonz\u00e1lez, encargado de despacho de la Direcci\u00f3n de Bomberos, Rescate y Urgencias M\u00e9dicas, inform\u00f3 que entre los servicios atendidos fueron 14 \u00e1rboles colapsados, dos derrumbes, nueve capturas de animales y nueve inundaciones, en las cuales fueron rescatadas cinco personas que estaban atrapadas en sus veh\u00edculos en las colonias Flores Mag\u00f3n y Sat\u00e9lite.<\/p>\n<p>La Unidad de Rescate se hizo presente en las barrancas de Ampliaci\u00f3n Chipitl\u00e1n y San Ant\u00f3n donde por la fuerza del agua rescataron el cuerpo sin vida de dos personas al parecer en situaci\u00f3n de calle, uno de ellos viv\u00eda en las laderas de la barranca pese al riesgo que representaba.<\/p>\n<p>Mois\u00e9s Ramos reiter\u00f3 el llamado a la poblaci\u00f3n a comunicar cualquier auxilio o reporte a la Central de Emergencias de Cuernavaca, al 777 312 1274 que est\u00e1 disponible las 24 horas del d\u00eda.<\/p>\n\n\t\t<style type=\"text\/css\">\n\t\t\t#gallery-1 {\n\t\t\t\tmargin: auto;\n\t\t\t}\n\t\t\t#gallery-1 .gallery-item {\n\t\t\t\tfloat: left;\n\t\t\t\tmargin-top: 10px;\n\t\t\t\ttext-align: center;\n\t\t\t\twidth: 33%;\n\t\t\t}\n\t\t\t#gallery-1 img {\n\t\t\t\tborder: 2px solid #cfcfcf;\n\t\t\t}\n\t\t\t#gallery-1 .gallery-caption {\n\t\t\t\tmargin-left: 0;\n\t\t\t}\n\t\t\t\/* see gallery_shortcode() in wp-includes\/media.php *\/\n\t\t<\/style>\n\t\t<div id='gallery-1' class='gallery galleryid-42803 gallery-columns-3 gallery-size-thumbnail'><dl class='gallery-item'>\n\t\t\t<dt class='gallery-icon landscape'>\n\t\t\t\t<a href='https:\/\/cuernavaca.gob.mx\/?attachment_id=42804'><img width=\"150\" height=\"150\" src=\"https:\/\/cuernavaca.gob.mx\/wp-content\/uploads\/2024\/08\/REPORTA-BOMBEROS-DE-CUERNAVACA-89-SERVICIOS-ATENDIDOS-POR-LLUVIAS-EN-LA-U\u0301LTIMA-SEMANA-DE-JULIO-1-150x150.jpg\" class=\"attachment-thumbnail size-thumbnail\" alt=\"\" loading=\"lazy\" \/><\/a>\n\t\t\t<\/dt><\/dl><dl class='gallery-item'>\n\t\t\t<dt class='gallery-icon portrait'>\n\t\t\t\t<a href='https:\/\/cuernavaca.gob.mx\/?attachment_id=42805'><img width=\"150\" height=\"150\" src=\"https:\/\/cuernavaca.gob.mx\/wp-content\/uploads\/2024\/08\/REPORTA-BOMBEROS-DE-CUERNAVACA-89-SERVICIOS-ATENDIDOS-POR-LLUVIAS-EN-LA-U\u0301LTIMA-SEMANA-DE-JULIO-2-150x150.jpg\" class=\"attachment-thumbnail size-thumbnail\" alt=\"\" loading=\"lazy\" \/><\/a>\n\t\t\t<\/dt><\/dl><dl class='gallery-item'>\n\t\t\t<dt class='gallery-icon landscape'>\n\t\t\t\t<a href='https:\/\/cuernavaca.gob.mx\/?attachment_id=42806'><img width=\"150\" height=\"150\" src=\"https:\/\/cuernavaca.gob.mx\/wp-content\/uploads\/2024\/08\/REPORTA-BOMBEROS-DE-CUERNAVACA-89-SERVICIOS-ATENDIDOS-POR-LLUVIAS-EN-LA-U\u0301LTIMA-SEMANA-DE-JULIO-3-150x150.jpg\" class=\"attachment-thumbnail size-thumbnail\" alt=\"\" loading=\"lazy\" \/><\/a>\n\t\t\t<\/dt><\/dl><br style=\"clear: both\" \/><dl class='gallery-item'>\n\t\t\t<dt class='gallery-icon landscape'>\n\t\t\t\t<a href='https:\/\/cuernavaca.gob.mx\/?attachment_id=42807'><img width=\"150\" height=\"150\" src=\"https:\/\/cuernavaca.gob.mx\/wp-content\/uploads\/2024\/08\/REPORTA-BOMBEROS-DE-CUERNAVACA-89-SERVICIOS-ATENDIDOS-POR-LLUVIAS-EN-LA-U\u0301LTIMA-SEMANA-DE-JULIO-4-150x150.jpg\" class=\"attachment-thumbnail size-thumbnail\" alt=\"\" loading=\"lazy\" srcset=\"https:\/\/cuernavaca.gob.mx\/wp-content\/uploads\/2024\/08\/REPORTA-BOMBEROS-DE-CUERNAVACA-89-SERVICIOS-ATENDIDOS-POR-LLUVIAS-EN-LA-U\u0301LTIMA-SEMANA-DE-JULIO-4-150x150.jpg 150w, https:\/\/cuernavaca.gob.mx\/wp-content\/uploads\/2024\/08\/REPORTA-BOMBEROS-DE-CUERNAVACA-89-SERVICIOS-ATENDIDOS-POR-LLUVIAS-EN-LA-U\u0301LTIMA-SEMANA-DE-JULIO-4-300x297.jpg 300w\" sizes=\"(max-width: 150px) 100vw, 150px\" \/><\/a>\n\t\t\t<\/dt><\/dl><dl class='gallery-item'>\n\t\t\t<dt class='gallery-icon landscape'>\n\t\t\t\t<a href='https:\/\/cuernavaca.gob.mx\/?attachment_id=42808'><img width=\"150\" height=\"150\" src=\"https:\/\/cuernavaca.gob.mx\/wp-content\/uploads\/2024\/08\/REPORTA-BOMBEROS-DE-CUERNAVACA-89-SERVICIOS-ATENDIDOS-POR-LLUVIAS-EN-LA-U\u0301LTIMA-SEMANA-DE-JULIO-5-150x150.jpg\" class=\"attachment-thumbnail size-thumbnail\" alt=\"\" loading=\"lazy\" \/><\/a>\n\t\t\t<\/dt><\/dl><dl class='gallery-item'>\n\t\t\t<dt class='gallery-icon portrait'>\n\t\t\t\t<a href='https:\/\/cuernavaca.gob.mx\/?attachment_id=42809'><img width=\"150\" height=\"150\" src=\"https:\/\/cuernavaca.gob.mx\/wp-content\/uploads\/2024\/08\/REPORTA-BOMBEROS-DE-CUERNAVACA-89-SERVICIOS-ATENDIDOS-POR-LLUVIAS-EN-LA-U\u0301LTIMA-SEMANA-DE-JULIO-6-150x150.jpg\" class=\"attachment-thumbnail size-thumbnail\" alt=\"\" loading=\"lazy\" \/><\/a>\n\t\t\t<\/dt><\/dl><br style=\"clear: both\" \/><dl class='gallery-item'>\n\t\t\t<dt class='gallery-icon portrait'>\n\t\t\t\t<a href='https:\/\/cuernavaca.gob.mx\/?attachment_id=42810'><img width=\"150\" height=\"150\" src=\"https:\/\/cuernavaca.gob.mx\/wp-content\/uploads\/2024\/08\/REPORTA-BOMBEROS-DE-CUERNAVACA-89-SERVICIOS-ATENDIDOS-POR-LLUVIAS-EN-LA-U\u0301LTIMA-SEMANA-DE-JULIO-7-150x150.jpg\" class=\"attachment-thumbnail size-thumbnail\" alt=\"\" loading=\"lazy\" \/><\/a>\n\t\t\t<\/dt><\/dl><dl class='gallery-item'>\n\t\t\t<dt class='gallery-icon portrait'>\n\t\t\t\t<a href='https:\/\/cuernavaca.gob.mx\/?attachment_id=42811'><img width=\"150\" height=\"150\" src=\"https:\/\/cuernavaca.gob.mx\/wp-content\/uploads\/2024\/08\/REPORTA-BOMBEROS-DE-CUERNAVACA-89-SERVICIOS-ATENDIDOS-POR-LLUVIAS-EN-LA-U\u0301LTIMA-SEMANA-DE-JULIO-8-150x150.jpg\" class=\"attachment-thumbnail size-thumbnail\" alt=\"\" loading=\"lazy\" \/><\/a>\n\t\t\t<\/dt><\/dl>\n\t\t\t<br style='clear: both' \/>\n\t\t<\/div>\n\n<p>&nbsp;<\/p>\n","protected":false},"excerpt":{"rendered":"<p>Derivado de las lluvias registradas del 22 al 28 de julio, la Secretar\u00eda de Protecci\u00f3n y Auxilio Ciudadano (SEPRAC) de Cuernavaca, a trav\u00e9s de la Direcci\u00f3n de Bomberos, Rescate y Urgencias M\u00e9dicas, atendi\u00f3 un total de 89 servicios. Mois\u00e9s Ramos Gonz\u00e1lez, encargado de despacho de la Direcci\u00f3n de Bomberos, Rescate y Urgencias M\u00e9dicas, inform\u00f3 que [&hellip;]<\/p>\n","protected":false},"author":1,"featured_media":42807,"comment_status":"closed","ping_status":"open","sticky":false,"template":"","format":"standard","meta":[],"categories":[2227],"tags":[2162,121,238,120,206,127],"aioseo_notices":[],"_links":{"self":[{"href":"https:\/\/cuernavaca.gob.mx\/index.php?rest_route=\/wp\/v2\/posts\/42803"}],"collection":[{"href":"https:\/\/cuernavaca.gob.mx\/index.php?rest_route=\/wp\/v2\/posts"}],"about":[{"href":"https:\/\/cuernavaca.gob.mx\/index.php?rest_route=\/wp\/v2\/types\/post"}],"author":[{"embeddable":true,"href":"https:\/\/cuernavaca.gob.mx\/index.php?rest_route=\/wp\/v2\/users\/1"}],"replies":[{"embeddable":true,"href":"https:\/\/cuernavaca.gob.mx\/index.php?rest_route=%2Fwp%2Fv2%2Fcomments&post=42803"}],"version-history":[{"count":1,"href":"https:\/\/cuernavaca.gob.mx\/index.php?rest_route=\/wp\/v2\/posts\/42803\/revisions"}],"predecessor-version":[{"id":42812,"href":"https:\/\/cuernavaca.gob.mx\/index.php?rest_route=\/wp\/v2\/posts\/42803\/revisions\/42812"}],"wp:featuredmedia":[{"embeddable":true,"href":"https:\/\/cuernavaca.gob.mx\/index.php?rest_route=\/wp\/v2\/media\/42807"}],"wp:attachment":[{"href":"https:\/\/cuernavaca.gob.mx\/index.php?rest_route=%2Fwp%2Fv2%2Fmedia&parent=42803"}],"wp:term":[{"taxonomy":"category","embeddable":true,"href":"https:\/\/cuernavaca.gob.mx\/index.php?rest_route=%2Fwp%2Fv2%2Fcategories&post=42803"},{"taxonomy":"post_tag","embeddable":true,"href":"https:\/\/cuernavaca.gob.mx\/index.php?rest_route=%2Fwp%2Fv2%2Ftags&post=42803"}],"curies":[{"name":"wp","href":"https:\/\/api.w.org\/{rel}","templated":true}]}}