{"id":42816,"date":"2024-08-03T16:00:25","date_gmt":"2024-08-03T22:00:25","guid":{"rendered":"https:\/\/cuernavaca.gob.mx\/?p=42816"},"modified":"2024-08-03T17:32:42","modified_gmt":"2024-08-03T23:32:42","slug":"b1882-03-08-24-presenta-el-escritor-y-periodista-benito-taibo-su-mas-reciente-obra-cuatro-veranos-en-el-festival-cultural-de-verano-cuernavaca-2024","status":"publish","type":"post","link":"https:\/\/cuernavaca.gob.mx\/?p=42816","title":{"rendered":"B1882 03\/08\/24 PRESENTA EL ESCRITOR Y PERIODISTA BENITO TAIBO SU M\u00c1S RECIENTE OBRA \u201cCUATRO VERANOS\u201d EN EL FESTIVAL CULTURAL DE VERANO CUERNAVACA 2024"},"content":{"rendered":"<div>\u2022 El novelista y poeta tuvo una entregada interacci\u00f3n con el p\u00fablico asistente integrado por j\u00f3venes y adultos en el Museo de la Ciudad<\/div>\n<div><\/div>\n<div>Con su carism\u00e1tica y caracter\u00edstica conexi\u00f3n con sus lectores y p\u00fablico en general, el escritor y periodista, Benito Taibo, present\u00f3 con gran \u00e9xito su m\u00e1s reciente obra \u201cCuatro Veranos\u201d como parte de las magnas presentaciones que se realizan en el marco del Tercer Festival Cultural de Verano Cuernavaca 2024 en el Museo de la Ciudad.<\/div>\n<div><\/div>\n<div>Teniendo una gran asistencia de j\u00f3venes y adultos, incluso infancias, este s\u00e1bado Benito Taibo abordo aspectos importantes de \u201cCuatro Veranos\u201d, asegurando que es justo esa estaci\u00f3n del a\u00f1o la que m\u00e1s le gusta y que le ha inspirado para escribir este libro, de bas\u00e1ndose en sucesos registrados en las diferentes etapas de su vida, una de estas en Cuernavaca, donde junto con su madre y hermanos residieron por varios a\u00f1os.<\/div>\n<div><\/div>\n<div>En una abierta y entretenida interacci\u00f3n con el p\u00fablico, Benito Taibo refiri\u00f3 que para este libro en varias ocasiones tuvo que recurrir a su familia y amigos para recordar aspectos importantes de los momentos veraniegos que plasma en su obra, en uno de los trabajos m\u00e1s sinceros que ha realizado para referirse al amor, la poes\u00eda, el autodescubrimiento, la belleza de lo cotidiano, aventuras y las lecciones que marcan la vida.<\/div>\n<div><\/div>\n<div>Tras escuchar, responder e intercambiar puntos de vista y experiencias que llevaron a realizar su obra \u201cCuatro Veranos\u201d, Benito Taibo recibi\u00f3 un reconocimiento por su participaci\u00f3n en el Tercer Festival Cultural de Verano Cuernavaca 2024 y un mensaje de agradecimiento de parte del presidente municipal Jos\u00e9 Luis Uri\u00f3stegui Salgado y de Laura Hern\u00e1ndez Cruz, secretaria de Desarrollo Humano y Participaci\u00f3n Social a trav\u00e9s del director del Instituto de Cultura, Juan Contreras de Oteyza.<\/div>\n<div><\/div>\n<div>Y como lo acostumbra en sus presentaciones, Benito Taibo se dio el tiempo de firmar y dedicar varios de los libros de su autor\u00eda que llevaban los asistentes, no sin antes agradecer la invitaci\u00f3n para ser parte del programa del Festival Cultural de Verano y la oportunidad de regresar a la ciudad de Cuernavaca, que fue su hogar y de su familia.<\/div>\n<div>\n\n\t\t<style type=\"text\/css\">\n\t\t\t#gallery-1 {\n\t\t\t\tmargin: auto;\n\t\t\t}\n\t\t\t#gallery-1 .gallery-item {\n\t\t\t\tfloat: left;\n\t\t\t\tmargin-top: 10px;\n\t\t\t\ttext-align: center;\n\t\t\t\twidth: 33%;\n\t\t\t}\n\t\t\t#gallery-1 img {\n\t\t\t\tborder: 2px solid #cfcfcf;\n\t\t\t}\n\t\t\t#gallery-1 .gallery-caption {\n\t\t\t\tmargin-left: 0;\n\t\t\t}\n\t\t\t\/* see gallery_shortcode() in wp-includes\/media.php *\/\n\t\t<\/style>\n\t\t<div id='gallery-1' class='gallery galleryid-42816 gallery-columns-3 gallery-size-thumbnail'><dl class='gallery-item'>\n\t\t\t<dt class='gallery-icon landscape'>\n\t\t\t\t<a href='https:\/\/cuernavaca.gob.mx\/?attachment_id=42817'><img width=\"150\" height=\"150\" src=\"https:\/\/cuernavaca.gob.mx\/wp-content\/uploads\/2024\/08\/PRESENTA-EL-ESCRITOR-Y-PERIODISTA-BENITO-TAIBO-SU-MAS-RECIENTE-OBRA-CUATRO-VERANOS-EN-EL-FESTIVAL-CULTURAL-DE-VERANO-CUERNAVACA-2024-1-150x150.jpeg\" class=\"attachment-thumbnail size-thumbnail\" alt=\"\" loading=\"lazy\" \/><\/a>\n\t\t\t<\/dt><\/dl><dl class='gallery-item'>\n\t\t\t<dt class='gallery-icon landscape'>\n\t\t\t\t<a href='https:\/\/cuernavaca.gob.mx\/?attachment_id=42818'><img width=\"150\" height=\"150\" src=\"https:\/\/cuernavaca.gob.mx\/wp-content\/uploads\/2024\/08\/PRESENTA-EL-ESCRITOR-Y-PERIODISTA-BENITO-TAIBO-SU-MAS-RECIENTE-OBRA-CUATRO-VERANOS-EN-EL-FESTIVAL-CULTURAL-DE-VERANO-CUERNAVACA-2024-2-150x150.jpeg\" class=\"attachment-thumbnail size-thumbnail\" alt=\"\" loading=\"lazy\" \/><\/a>\n\t\t\t<\/dt><\/dl><dl class='gallery-item'>\n\t\t\t<dt class='gallery-icon landscape'>\n\t\t\t\t<a href='https:\/\/cuernavaca.gob.mx\/?attachment_id=42819'><img width=\"150\" height=\"150\" src=\"https:\/\/cuernavaca.gob.mx\/wp-content\/uploads\/2024\/08\/PRESENTA-EL-ESCRITOR-Y-PERIODISTA-BENITO-TAIBO-SU-MAS-RECIENTE-OBRA-CUATRO-VERANOS-EN-EL-FESTIVAL-CULTURAL-DE-VERANO-CUERNAVACA-2024-3-150x150.jpeg\" class=\"attachment-thumbnail size-thumbnail\" alt=\"\" loading=\"lazy\" \/><\/a>\n\t\t\t<\/dt><\/dl><br style=\"clear: both\" \/><dl class='gallery-item'>\n\t\t\t<dt class='gallery-icon landscape'>\n\t\t\t\t<a href='https:\/\/cuernavaca.gob.mx\/?attachment_id=42820'><img width=\"150\" height=\"150\" src=\"https:\/\/cuernavaca.gob.mx\/wp-content\/uploads\/2024\/08\/PRESENTA-EL-ESCRITOR-Y-PERIODISTA-BENITO-TAIBO-SU-MAS-RECIENTE-OBRA-CUATRO-VERANOS-EN-EL-FESTIVAL-CULTURAL-DE-VERANO-CUERNAVACA-2024-4-150x150.jpeg\" class=\"attachment-thumbnail size-thumbnail\" alt=\"\" loading=\"lazy\" \/><\/a>\n\t\t\t<\/dt><\/dl><dl class='gallery-item'>\n\t\t\t<dt class='gallery-icon landscape'>\n\t\t\t\t<a href='https:\/\/cuernavaca.gob.mx\/?attachment_id=42821'><img width=\"150\" height=\"150\" src=\"https:\/\/cuernavaca.gob.mx\/wp-content\/uploads\/2024\/08\/PRESENTA-EL-ESCRITOR-Y-PERIODISTA-BENITO-TAIBO-SU-MAS-RECIENTE-OBRA-CUATRO-VERANOS-EN-EL-FESTIVAL-CULTURAL-DE-VERANO-CUERNAVACA-2024-5-150x150.jpeg\" class=\"attachment-thumbnail size-thumbnail\" alt=\"\" loading=\"lazy\" \/><\/a>\n\t\t\t<\/dt><\/dl><dl class='gallery-item'>\n\t\t\t<dt class='gallery-icon landscape'>\n\t\t\t\t<a href='https:\/\/cuernavaca.gob.mx\/?attachment_id=42822'><img width=\"150\" height=\"150\" src=\"https:\/\/cuernavaca.gob.mx\/wp-content\/uploads\/2024\/08\/PRESENTA-EL-ESCRITOR-Y-PERIODISTA-BENITO-TAIBO-SU-MAS-RECIENTE-OBRA-CUATRO-VERANOS-EN-EL-FESTIVAL-CULTURAL-DE-VERANO-CUERNAVACA-2024-6-150x150.jpeg\" class=\"attachment-thumbnail size-thumbnail\" alt=\"\" loading=\"lazy\" \/><\/a>\n\t\t\t<\/dt><\/dl><br style=\"clear: both\" \/><dl class='gallery-item'>\n\t\t\t<dt class='gallery-icon landscape'>\n\t\t\t\t<a href='https:\/\/cuernavaca.gob.mx\/?attachment_id=42823'><img width=\"150\" height=\"150\" src=\"https:\/\/cuernavaca.gob.mx\/wp-content\/uploads\/2024\/08\/PRESENTA-EL-ESCRITOR-Y-PERIODISTA-BENITO-TAIBO-SU-MAS-RECIENTE-OBRA-CUATRO-VERANOS-EN-EL-FESTIVAL-CULTURAL-DE-VERANO-CUERNAVACA-2024-7-150x150.jpeg\" class=\"attachment-thumbnail size-thumbnail\" alt=\"\" loading=\"lazy\" \/><\/a>\n\t\t\t<\/dt><\/dl><dl class='gallery-item'>\n\t\t\t<dt class='gallery-icon landscape'>\n\t\t\t\t<a href='https:\/\/cuernavaca.gob.mx\/?attachment_id=42824'><img width=\"150\" height=\"150\" src=\"https:\/\/cuernavaca.gob.mx\/wp-content\/uploads\/2024\/08\/PRESENTA-EL-ESCRITOR-Y-PERIODISTA-BENITO-TAIBO-SU-MAS-RECIENTE-OBRA-CUATRO-VERANOS-EN-EL-FESTIVAL-CULTURAL-DE-VERANO-CUERNAVACA-2024-8-150x150.jpeg\" class=\"attachment-thumbnail size-thumbnail\" alt=\"\" loading=\"lazy\" \/><\/a>\n\t\t\t<\/dt><\/dl>\n\t\t\t<br style='clear: both' \/>\n\t\t<\/div>\n\n<\/div>\n","protected":false},"excerpt":{"rendered":"<p>\u2022 El novelista y poeta tuvo una entregada interacci\u00f3n con el p\u00fablico asistente integrado por j\u00f3venes y adultos en el Museo de la Ciudad Con su carism\u00e1tica y caracter\u00edstica conexi\u00f3n con sus lectores y p\u00fablico en general, el escritor y periodista, Benito Taibo, present\u00f3 con gran \u00e9xito su m\u00e1s reciente obra \u201cCuatro Veranos\u201d como parte [&hellip;]<\/p>\n","protected":false},"author":1,"featured_media":42817,"comment_status":"closed","ping_status":"open","sticky":false,"template":"","format":"standard","meta":[],"categories":[2292],"tags":[3754,121,190,1882,120,503,206,3753,127],"aioseo_notices":[],"_links":{"self":[{"href":"https:\/\/cuernavaca.gob.mx\/index.php?rest_route=\/wp\/v2\/posts\/42816"}],"collection":[{"href":"https:\/\/cuernavaca.gob.mx\/index.php?rest_route=\/wp\/v2\/posts"}],"about":[{"href":"https:\/\/cuernavaca.gob.mx\/index.php?rest_route=\/wp\/v2\/types\/post"}],"author":[{"embeddable":true,"href":"https:\/\/cuernavaca.gob.mx\/index.php?rest_route=\/wp\/v2\/users\/1"}],"replies":[{"embeddable":true,"href":"https:\/\/cuernavaca.gob.mx\/index.php?rest_route=%2Fwp%2Fv2%2Fcomments&post=42816"}],"version-history":[{"count":1,"href":"https:\/\/cuernavaca.gob.mx\/index.php?rest_route=\/wp\/v2\/posts\/42816\/revisions"}],"predecessor-version":[{"id":42825,"href":"https:\/\/cuernavaca.gob.mx\/index.php?rest_route=\/wp\/v2\/posts\/42816\/revisions\/42825"}],"wp:featuredmedia":[{"embeddable":true,"href":"https:\/\/cuernavaca.gob.mx\/index.php?rest_route=\/wp\/v2\/media\/42817"}],"wp:attachment":[{"href":"https:\/\/cuernavaca.gob.mx\/index.php?rest_route=%2Fwp%2Fv2%2Fmedia&parent=42816"}],"wp:term":[{"taxonomy":"category","embeddable":true,"href":"https:\/\/cuernavaca.gob.mx\/index.php?rest_route=%2Fwp%2Fv2%2Fcategories&post=42816"},{"taxonomy":"post_tag","embeddable":true,"href":"https:\/\/cuernavaca.gob.mx\/index.php?rest_route=%2Fwp%2Fv2%2Ftags&post=42816"}],"curies":[{"name":"wp","href":"https:\/\/api.w.org\/{rel}","templated":true}]}}