{"id":42826,"date":"2024-08-03T16:50:38","date_gmt":"2024-08-03T22:50:38","guid":{"rendered":"https:\/\/cuernavaca.gob.mx\/?p=42826"},"modified":"2024-08-03T17:43:34","modified_gmt":"2024-08-03T23:43:34","slug":"b1883-03-08-24","status":"publish","type":"post","link":"https:\/\/cuernavaca.gob.mx\/?p=42826","title":{"rendered":"B1883 03\/08\/24 CONTINUA SEPRAC COORDIN\u00c1NDOSE CON INSTITUCIONES PARA REFORZAR ACCIONES PREVENTIVAS DEL DELITO"},"content":{"rendered":"<div><strong>\u2022 Se realiza marcha exploratoria a las afueras del campus Chamilpa de la UAEM para detectar riesgos y plasmar soluciones que sigan garantizando la seguridad de la comunidad universitaria<\/strong><\/div>\n<div><\/div>\n<div>Como parte de la coordinaci\u00f3n interinstitucional que ha mantenido el Ayuntamiento de Cuernavaca para brindar mejores condiciones de seguridad, la Secretar\u00eda de Protecci\u00f3n y Auxilio Ciudadano (SEPRAC) particip\u00f3 en una marcha exploratoria en el campus Chamilpa de la Universidad Aut\u00f3noma del Estado de Morelos (UAEM), con el objetivo de prevenir que la comunidad universitaria corra alg\u00fan riesgo, con mayor presencia en los tramos que conectan a la puerta 2 con la autopista Cuernavaca-Acapulco a trav\u00e9s de la sustituci\u00f3n de luminarias, de poda de \u00e1rboles y la presencia de m\u00e1s elementos de la polic\u00eda vial y preventiva.<\/div>\n<div><\/div>\n<div>A esta marcha exploratoria asistieron personal de Participaci\u00f3n Ciudadana, Impacto Vial de la UAEM, el Secretariado Ejecutivo del Consejo Municipal de Seguridad P\u00fablica, la Delegaci\u00f3n Emiliano Zapata Salazar, secretarios administrativos de la UAEM, acad\u00e9micos de la UNAM, SAPAC, la Secretar\u00eda de Desarrollo Sustentable y Servicios P\u00fablicos, la Secretar\u00eda de Desarrollo Urbano y Obras P\u00fablicas de Cuernavaca, as\u00ed como el representante de Bienes Comunales de Chamilpa.<\/div>\n<div><\/div>\n<div>Por otra parte, la SEPRAC informa que del 22 al 28 de julio detuvieron a 32 personas, de las cuales una fue puesta a disposici\u00f3n del Ministerio P\u00fablico y 31 al Juez C\u00edvico por diversos delitos y faltas administrativas, sumando adem\u00e1s a las acciones preventivas su participaci\u00f3n en una marcha exploratoria en el campus Chamilpa de la Universidad Aut\u00f3noma del Estado de Morelos (UAEM) que busca salvaguardar la seguridad de la comunidad universitaria.<\/div>\n<div><\/div>\n<div>De acuerdo al reporte encabezado por el subsecretario de la Polic\u00eda Preventiva, Christian M\u00e9ndez Quintana, el 26 de julio en la colonia Revoluci\u00f3n se detuvo y puso a disposici\u00f3n del Ministerio P\u00fablico a Eduardo \u201cN\u201d por su probable participaci\u00f3n en el delito de lesiones en agravio de una persona del sexo masculino derivado de un hecho de tr\u00e1nsito, a quien le aseguraron un veh\u00edculo marca Nissan, submarca Versa, color gris, con placas de circulaci\u00f3n PYH285E del estado de Morelos.<\/div>\n<div><\/div>\n<div>Este mismo d\u00eda, pero en la colonia Lomas de Acapantzingo se recuper\u00f3 un veh\u00edculo con reporte de robo vigente de fecha 24 de julio del 2024 relacionado con la carpeta de investigaci\u00f3n FRV01\/1763\/2024, el veh\u00edculo en cuesti\u00f3n fue una Van marca Toyota, submarca Hiace, color blanco, a\u00f1o 2025 y placas de circulaci\u00f3n 01KYA72.<\/div>\n<div><\/div>\n<div>Aunado a ello, la Direcci\u00f3n de Polic\u00eda Vial de Cuernavaca registr\u00f3 22 accidentes viales, que, si bien present\u00f3 una disminuci\u00f3n casi del 50 por ciento en comparaci\u00f3n con otras semanas, el d\u00eda con mayor incidencia fue el domingo 28 con un total de seis accidentes, aunque se atribuyen a la intensa lluvia registrada.<\/div>\n<div><\/div>\n<div>Ante ello, la SEPRAC reiter\u00f3 la importancia de respetar los l\u00edmites de velocidad y los sem\u00e1foros, de utilizar el cintur\u00f3n de seguridad y evitar conducir a exceso de velocidad o bajo los influjos del alcohol para cuidar su integridad y la de terceros.<\/div>\n<div>\n\n\t\t<style type=\"text\/css\">\n\t\t\t#gallery-1 {\n\t\t\t\tmargin: auto;\n\t\t\t}\n\t\t\t#gallery-1 .gallery-item {\n\t\t\t\tfloat: left;\n\t\t\t\tmargin-top: 10px;\n\t\t\t\ttext-align: center;\n\t\t\t\twidth: 33%;\n\t\t\t}\n\t\t\t#gallery-1 img {\n\t\t\t\tborder: 2px solid #cfcfcf;\n\t\t\t}\n\t\t\t#gallery-1 .gallery-caption {\n\t\t\t\tmargin-left: 0;\n\t\t\t}\n\t\t\t\/* see gallery_shortcode() in wp-includes\/media.php *\/\n\t\t<\/style>\n\t\t<div id='gallery-1' class='gallery galleryid-42826 gallery-columns-3 gallery-size-thumbnail'><dl class='gallery-item'>\n\t\t\t<dt class='gallery-icon landscape'>\n\t\t\t\t<a href='https:\/\/cuernavaca.gob.mx\/?attachment_id=42827'><img width=\"150\" height=\"150\" src=\"https:\/\/cuernavaca.gob.mx\/wp-content\/uploads\/2024\/08\/CONTINUA-SEPRAC-COORDINANDOSE-CON-INSTITUCIONES-PARA-REFORZAR-ACCIONES-PREVENTIVAS-DEL-DELITO-1-150x150.jpeg\" class=\"attachment-thumbnail size-thumbnail\" alt=\"\" loading=\"lazy\" \/><\/a>\n\t\t\t<\/dt><\/dl>\n\t\t\t<br style='clear: both' \/>\n\t\t<\/div>\n\n<\/div>\n","protected":false},"excerpt":{"rendered":"<p>\u2022 Se realiza marcha exploratoria a las afueras del campus Chamilpa de la UAEM para detectar riesgos y plasmar soluciones que sigan garantizando la seguridad de la comunidad universitaria Como parte de la coordinaci\u00f3n interinstitucional que ha mantenido el Ayuntamiento de Cuernavaca para brindar mejores condiciones de seguridad, la Secretar\u00eda de Protecci\u00f3n y Auxilio Ciudadano [&hellip;]<\/p>\n","protected":false},"author":1,"featured_media":42827,"comment_status":"closed","ping_status":"open","sticky":false,"template":"","format":"standard","meta":[],"categories":[1],"tags":[121,120,206,141,3235,127,414,125],"aioseo_notices":[],"_links":{"self":[{"href":"https:\/\/cuernavaca.gob.mx\/index.php?rest_route=\/wp\/v2\/posts\/42826"}],"collection":[{"href":"https:\/\/cuernavaca.gob.mx\/index.php?rest_route=\/wp\/v2\/posts"}],"about":[{"href":"https:\/\/cuernavaca.gob.mx\/index.php?rest_route=\/wp\/v2\/types\/post"}],"author":[{"embeddable":true,"href":"https:\/\/cuernavaca.gob.mx\/index.php?rest_route=\/wp\/v2\/users\/1"}],"replies":[{"embeddable":true,"href":"https:\/\/cuernavaca.gob.mx\/index.php?rest_route=%2Fwp%2Fv2%2Fcomments&post=42826"}],"version-history":[{"count":2,"href":"https:\/\/cuernavaca.gob.mx\/index.php?rest_route=\/wp\/v2\/posts\/42826\/revisions"}],"predecessor-version":[{"id":42829,"href":"https:\/\/cuernavaca.gob.mx\/index.php?rest_route=\/wp\/v2\/posts\/42826\/revisions\/42829"}],"wp:featuredmedia":[{"embeddable":true,"href":"https:\/\/cuernavaca.gob.mx\/index.php?rest_route=\/wp\/v2\/media\/42827"}],"wp:attachment":[{"href":"https:\/\/cuernavaca.gob.mx\/index.php?rest_route=%2Fwp%2Fv2%2Fmedia&parent=42826"}],"wp:term":[{"taxonomy":"category","embeddable":true,"href":"https:\/\/cuernavaca.gob.mx\/index.php?rest_route=%2Fwp%2Fv2%2Fcategories&post=42826"},{"taxonomy":"post_tag","embeddable":true,"href":"https:\/\/cuernavaca.gob.mx\/index.php?rest_route=%2Fwp%2Fv2%2Ftags&post=42826"}],"curies":[{"name":"wp","href":"https:\/\/api.w.org\/{rel}","templated":true}]}}