{"id":42841,"date":"2024-08-04T12:00:28","date_gmt":"2024-08-04T18:00:28","guid":{"rendered":"https:\/\/cuernavaca.gob.mx\/?p=42841"},"modified":"2024-08-04T23:06:26","modified_gmt":"2024-08-05T05:06:26","slug":"b1884-04-08-24-cierra-filas-jose-luis-uriostegui-con-el-comercio-establecido-a-favor-del-desarrollo-integral-de-cuernavaca","status":"publish","type":"post","link":"https:\/\/cuernavaca.gob.mx\/?p=42841","title":{"rendered":"B1884 04\/08\/24 CIERRA FILAS JOS\u00c9 LUIS URI\u00d3STEGUI CON EL COMERCIO ESTABLECIDO A FAVOR DEL DESARROLLO INTEGRAL DE CUERNAVACA"},"content":{"rendered":"<div><strong>\u2022 El presidente municipal particip\u00f3 como invitado especial en la sesi\u00f3n del Consejo de la Canaco- Servytur donde estableci\u00f3 propuestas que impulsen la reactivaci\u00f3n econ\u00f3mica de la ciudad capital<\/strong><\/div>\n<div><\/div>\n<div>El presidente municipal de Cuernavaca, Jos\u00e9 Luis Uri\u00f3stegui Salgado y consejeros de la C\u00e1mara Nacional de Comercio y Servicios Tur\u00edsticos de Cuernavaca (Canaco- Servytur) cerraron filas para continuar transformando a la capital morelense en proyectos que impulsen la reactivaci\u00f3n econ\u00f3mica y el desarrollo integral de los cuernavaquenses.<\/div>\n<div><\/div>\n<div>Al participar en la sesi\u00f3n del consejo, Jos\u00e9 Luis Uri\u00f3stegui enfatiz\u00f3 la importancia de mantener y fortalecer los lazos entre el gobierno municipal y la iniciativa privada como ha ocurrido en su administraci\u00f3n, por lo cual los invit\u00f3 a participar en los programas y proyectos que est\u00e1n impulsando desde el Ayuntamiento a trav\u00e9s de las licitaciones que est\u00e1n emitiendo para adquirir material, mano de obra y en general apoyo para continuar con los beneficios a la poblaci\u00f3n.<\/div>\n<div><\/div>\n<div>En materia de seguridad, expuesto los avances que se han tenido en Cuernavaca con la creaci\u00f3n del C4 de la Secretar\u00eda de Protecci\u00f3n y Auxilio Ciudadano (SEPRAC) y la dignificaci\u00f3n de la labor policial, solicit\u00e1ndoles la suma de esfuerzos en distintas acciones, como permitirles instalar c\u00e1maras de videovigilancia conectadas al C4 al exterior de sus establecimientos para abarcar un mayor per\u00edmetro de monitoreo.<\/div>\n<div><\/div>\n<div>Aunado a ello, les inform\u00f3 sobre los avances financieros que se han tenido en casi tres a\u00f1os de administraci\u00f3n, reduciendo significativamente la deuda p\u00fablica heredada por pasadas administraci\u00f3n, lo que les permitir\u00e1 generar m\u00e1s obras y proyectos, as\u00ed como respaldar aquellos que impulsen el desarrollo econ\u00f3mico de la capital morelense, destacando el caso del Festival \u201cSabor Es Morelos\u201d que ha posicionado a Cuernavaca en un plano internacional.<\/div>\n<div><\/div>\n<div>El presidente de Canaco- Servytur Cuernavaca, David Ricardo L\u00f3pez Jim\u00e9nez, refrend\u00f3 el compromiso del comercio establecido para seguir acompa\u00f1ando a la administraci\u00f3n municipal en todas las acciones que beneficien al sector, promoviendo el desarrollo y la llegada de inversi\u00f3n a la ciudad.<\/div>\n<div><\/div>\n<div>Tras escuchar algunas de las propuestas de los consejeros que le externaron su apoyo para regularizar al comercio en la v\u00eda p\u00fablica y posicionar la digitalizaci\u00f3n administrativa, el alcalde Jos\u00e9 Luis Uri\u00f3stegui, los conmin\u00f3 a aprovechar las diversas campa\u00f1as de descuentos que est\u00e1 impulsando el Cabildo, no solo en multas y recargos por el pago del impuesto predial y servicios p\u00fablicos municipales, sino tambi\u00e9n en materia de licencias de funcionamiento, infracciones de tr\u00e1nsito, entre otros rubros, que tienen como objeto regularizar a los contribuyentes, cuidando la econom\u00eda familiar.<\/div>\n<div>\n\n\t\t<style type=\"text\/css\">\n\t\t\t#gallery-1 {\n\t\t\t\tmargin: auto;\n\t\t\t}\n\t\t\t#gallery-1 .gallery-item {\n\t\t\t\tfloat: left;\n\t\t\t\tmargin-top: 10px;\n\t\t\t\ttext-align: center;\n\t\t\t\twidth: 33%;\n\t\t\t}\n\t\t\t#gallery-1 img {\n\t\t\t\tborder: 2px solid #cfcfcf;\n\t\t\t}\n\t\t\t#gallery-1 .gallery-caption {\n\t\t\t\tmargin-left: 0;\n\t\t\t}\n\t\t\t\/* see gallery_shortcode() in wp-includes\/media.php *\/\n\t\t<\/style>\n\t\t<div id='gallery-1' class='gallery galleryid-42841 gallery-columns-3 gallery-size-thumbnail'><dl class='gallery-item'>\n\t\t\t<dt class='gallery-icon landscape'>\n\t\t\t\t<a href='https:\/\/cuernavaca.gob.mx\/?attachment_id=42842'><img width=\"150\" height=\"150\" src=\"https:\/\/cuernavaca.gob.mx\/wp-content\/uploads\/2024\/08\/CIERRA-FILAS-JOSE-LUIS-URIOSTEGUI-CON-EL-COMERCIO-ESTABLECIDO-A-FAVOR-DEL-DESARROLLO-INTEGRAL-DE-CUERNAVACA-1-150x150.jpeg\" class=\"attachment-thumbnail size-thumbnail\" alt=\"\" loading=\"lazy\" \/><\/a>\n\t\t\t<\/dt><\/dl><dl class='gallery-item'>\n\t\t\t<dt class='gallery-icon landscape'>\n\t\t\t\t<a href='https:\/\/cuernavaca.gob.mx\/?attachment_id=42843'><img width=\"150\" height=\"150\" src=\"https:\/\/cuernavaca.gob.mx\/wp-content\/uploads\/2024\/08\/CIERRA-FILAS-JOSE-LUIS-URIOSTEGUI-CON-EL-COMERCIO-ESTABLECIDO-A-FAVOR-DEL-DESARROLLO-INTEGRAL-DE-CUERNAVACA-2-150x150.jpeg\" class=\"attachment-thumbnail size-thumbnail\" alt=\"\" loading=\"lazy\" \/><\/a>\n\t\t\t<\/dt><\/dl><dl class='gallery-item'>\n\t\t\t<dt class='gallery-icon landscape'>\n\t\t\t\t<a href='https:\/\/cuernavaca.gob.mx\/?attachment_id=42844'><img width=\"150\" height=\"150\" src=\"https:\/\/cuernavaca.gob.mx\/wp-content\/uploads\/2024\/08\/CIERRA-FILAS-JOSE-LUIS-URIOSTEGUI-CON-EL-COMERCIO-ESTABLECIDO-A-FAVOR-DEL-DESARROLLO-INTEGRAL-DE-CUERNAVACA-3-150x150.jpeg\" class=\"attachment-thumbnail size-thumbnail\" alt=\"\" loading=\"lazy\" \/><\/a>\n\t\t\t<\/dt><\/dl><br style=\"clear: both\" \/><dl class='gallery-item'>\n\t\t\t<dt class='gallery-icon landscape'>\n\t\t\t\t<a href='https:\/\/cuernavaca.gob.mx\/?attachment_id=42845'><img width=\"150\" height=\"150\" src=\"https:\/\/cuernavaca.gob.mx\/wp-content\/uploads\/2024\/08\/CIERRA-FILAS-JOSE-LUIS-URIOSTEGUI-CON-EL-COMERCIO-ESTABLECIDO-A-FAVOR-DEL-DESARROLLO-INTEGRAL-DE-CUERNAVACA-4-150x150.jpeg\" class=\"attachment-thumbnail size-thumbnail\" alt=\"\" loading=\"lazy\" \/><\/a>\n\t\t\t<\/dt><\/dl><dl class='gallery-item'>\n\t\t\t<dt class='gallery-icon landscape'>\n\t\t\t\t<a href='https:\/\/cuernavaca.gob.mx\/?attachment_id=42846'><img width=\"150\" height=\"150\" src=\"https:\/\/cuernavaca.gob.mx\/wp-content\/uploads\/2024\/08\/CIERRA-FILAS-JOSE-LUIS-URIOSTEGUI-CON-EL-COMERCIO-ESTABLECIDO-A-FAVOR-DEL-DESARROLLO-INTEGRAL-DE-CUERNAVACA-5-150x150.jpeg\" class=\"attachment-thumbnail size-thumbnail\" alt=\"\" loading=\"lazy\" \/><\/a>\n\t\t\t<\/dt><\/dl><dl class='gallery-item'>\n\t\t\t<dt class='gallery-icon landscape'>\n\t\t\t\t<a href='https:\/\/cuernavaca.gob.mx\/?attachment_id=42847'><img width=\"150\" height=\"150\" src=\"https:\/\/cuernavaca.gob.mx\/wp-content\/uploads\/2024\/08\/CIERRA-FILAS-JOSE-LUIS-URIOSTEGUI-CON-EL-COMERCIO-ESTABLECIDO-A-FAVOR-DEL-DESARROLLO-INTEGRAL-DE-CUERNAVACA-6-150x150.jpeg\" class=\"attachment-thumbnail size-thumbnail\" alt=\"\" loading=\"lazy\" \/><\/a>\n\t\t\t<\/dt><\/dl><br style=\"clear: both\" \/><dl class='gallery-item'>\n\t\t\t<dt class='gallery-icon landscape'>\n\t\t\t\t<a href='https:\/\/cuernavaca.gob.mx\/?attachment_id=42848'><img width=\"150\" height=\"150\" src=\"https:\/\/cuernavaca.gob.mx\/wp-content\/uploads\/2024\/08\/CIERRA-FILAS-JOSE-LUIS-URIOSTEGUI-CON-EL-COMERCIO-ESTABLECIDO-A-FAVOR-DEL-DESARROLLO-INTEGRAL-DE-CUERNAVACA-8-150x150.jpeg\" class=\"attachment-thumbnail size-thumbnail\" alt=\"\" loading=\"lazy\" \/><\/a>\n\t\t\t<\/dt><\/dl><dl class='gallery-item'>\n\t\t\t<dt class='gallery-icon landscape'>\n\t\t\t\t<a href='https:\/\/cuernavaca.gob.mx\/?attachment_id=42849'><img width=\"150\" height=\"150\" src=\"https:\/\/cuernavaca.gob.mx\/wp-content\/uploads\/2024\/08\/CIERRA-FILAS-JOSE-LUIS-URIOSTEGUI-CON-EL-COMERCIO-ESTABLECIDO-A-FAVOR-DEL-DESARROLLO-INTEGRAL-DE-CUERNAVACA-9-150x150.jpeg\" class=\"attachment-thumbnail size-thumbnail\" alt=\"\" loading=\"lazy\" \/><\/a>\n\t\t\t<\/dt><\/dl><dl class='gallery-item'>\n\t\t\t<dt class='gallery-icon landscape'>\n\t\t\t\t<a href='https:\/\/cuernavaca.gob.mx\/?attachment_id=42850'><img width=\"150\" height=\"150\" src=\"https:\/\/cuernavaca.gob.mx\/wp-content\/uploads\/2024\/08\/CIERRA-FILAS-JOSE-LUIS-URIOSTEGUI-CON-EL-COMERCIO-ESTABLECIDO-A-FAVOR-DEL-DESARROLLO-INTEGRAL-DE-CUERNAVACA-150x150.jpeg\" class=\"attachment-thumbnail size-thumbnail\" alt=\"\" loading=\"lazy\" \/><\/a>\n\t\t\t<\/dt><\/dl><br style=\"clear: both\" \/>\n\t\t<\/div>\n\n<\/div>\n","protected":false},"excerpt":{"rendered":"<p>\u2022 El presidente municipal particip\u00f3 como invitado especial en la sesi\u00f3n del Consejo de la Canaco- Servytur donde estableci\u00f3 propuestas que impulsen la reactivaci\u00f3n econ\u00f3mica de la ciudad capital El presidente municipal de Cuernavaca, Jos\u00e9 Luis Uri\u00f3stegui Salgado y consejeros de la C\u00e1mara Nacional de Comercio y Servicios Tur\u00edsticos de Cuernavaca (Canaco- Servytur) cerraron filas [&hellip;]<\/p>\n","protected":false},"author":1,"featured_media":42850,"comment_status":"closed","ping_status":"open","sticky":false,"template":"","format":"standard","meta":[],"categories":[2294],"tags":[121,3756,489,120,206,127],"aioseo_notices":[],"_links":{"self":[{"href":"https:\/\/cuernavaca.gob.mx\/index.php?rest_route=\/wp\/v2\/posts\/42841"}],"collection":[{"href":"https:\/\/cuernavaca.gob.mx\/index.php?rest_route=\/wp\/v2\/posts"}],"about":[{"href":"https:\/\/cuernavaca.gob.mx\/index.php?rest_route=\/wp\/v2\/types\/post"}],"author":[{"embeddable":true,"href":"https:\/\/cuernavaca.gob.mx\/index.php?rest_route=\/wp\/v2\/users\/1"}],"replies":[{"embeddable":true,"href":"https:\/\/cuernavaca.gob.mx\/index.php?rest_route=%2Fwp%2Fv2%2Fcomments&post=42841"}],"version-history":[{"count":1,"href":"https:\/\/cuernavaca.gob.mx\/index.php?rest_route=\/wp\/v2\/posts\/42841\/revisions"}],"predecessor-version":[{"id":42851,"href":"https:\/\/cuernavaca.gob.mx\/index.php?rest_route=\/wp\/v2\/posts\/42841\/revisions\/42851"}],"wp:featuredmedia":[{"embeddable":true,"href":"https:\/\/cuernavaca.gob.mx\/index.php?rest_route=\/wp\/v2\/media\/42850"}],"wp:attachment":[{"href":"https:\/\/cuernavaca.gob.mx\/index.php?rest_route=%2Fwp%2Fv2%2Fmedia&parent=42841"}],"wp:term":[{"taxonomy":"category","embeddable":true,"href":"https:\/\/cuernavaca.gob.mx\/index.php?rest_route=%2Fwp%2Fv2%2Fcategories&post=42841"},{"taxonomy":"post_tag","embeddable":true,"href":"https:\/\/cuernavaca.gob.mx\/index.php?rest_route=%2Fwp%2Fv2%2Ftags&post=42841"}],"curies":[{"name":"wp","href":"https:\/\/api.w.org\/{rel}","templated":true}]}}