{"id":42924,"date":"2024-08-06T17:00:19","date_gmt":"2024-08-06T23:00:19","guid":{"rendered":"https:\/\/cuernavaca.gob.mx\/?p=42924"},"modified":"2024-08-06T17:21:11","modified_gmt":"2024-08-06T23:21:11","slug":"b1887-06-08-24-cumple-jose-luis-uriostegui-con-la-entrega-de-nueva-flota-de-vehiculos-operativos-para-el-mantenimiento-de-los-espacios-publicos-de-cuernavaca","status":"publish","type":"post","link":"https:\/\/cuernavaca.gob.mx\/?p=42924","title":{"rendered":"B1887 06\/08\/24 CUMPLE JOS\u00c9 LUIS URI\u00d3STEGUI CON LA ENTREGA DE NUEVA FLOTA DE VEH\u00cdCULOS OPERATIVOS PARA EL MANTENIMIENTO DE LOS ESPACIOS P\u00daBLICOS DE CUERNAVACA"},"content":{"rendered":"<p><strong>\u2022 El presidente municipal encabez\u00f3 la entrega de dos gr\u00faas y tres camionetas que agilizar\u00e1n el trabajo diario de las \u00e1reas de Alumbrado P\u00fablico, Parques y Jardines, Aseo Urbano y la Brigada de Acci\u00f3n Inmediata (SAI)<\/strong><\/p>\n<p><strong>\u2022 Los veh\u00edculos no son arrendados y ya forman parte del parque vehicular del Ayuntamiento para las diferentes labores que se requieran para la preservaci\u00f3n y cuidado de la ciudad<\/strong><\/p>\n<p>Un resultado m\u00e1s de la eficiencia administrativa que ha caracterizado al Ayuntamiento de Cuernavaca, el presidente municipal, Jos\u00e9 Luis Uri\u00f3stegui Salgado, hizo entrega este martes de dos gr\u00faas telesc\u00f3picas y articuladas, as\u00ed como tres camionetas que mejorar\u00e1n el cuidado, mantenimiento y preservaci\u00f3n de los espacios p\u00fablicos de la ciudad por parte de la Secretar\u00eda de Desarrollo Sustentable y Servicios P\u00fablicos, garantizando la seguridad del personal operativo.<\/p>\n<p>En la explanada del parque Alameda Solidaridad, Jos\u00e9 Luis Uri\u00f3stegui puntualiz\u00f3 que para esta flota de veh\u00edculos invirtieron aproximadamente ocho millones de pesos que, no solo generar\u00e1n un ahorro anual de casi tres millones de pesos, sino tambi\u00e9n que al formar parte ya del patrimonio del municipio y estar disponibles todo el a\u00f1o para agilizar el trabajo operativo que permitir\u00e1 seguir transformando la imagen de Cuernavaca, alcanzando las metas que la gente espera de la administraci\u00f3n.<\/p>\n<p>En este sentido, agradeci\u00f3 el trabajo que hace diariamente el personal de las \u00e1reas de Alumbrado P\u00fablico, Parques y Jardines, Aseo Urbano y la Brigada de Acci\u00f3n Inmediata (SAI) para que la ciudad de Cuernavaca este en mejores condiciones, atendiendo las peticiones y necesidades de la ciudadan\u00eda que desean tener una ciudad iluminada, con espacios de esparcimiento p\u00fablico y calles limpios, con menos baches y m\u00e1s segura para todos.<\/p>\n<p>Durante la presentaci\u00f3n del parque vehicular, el secretario de Desarrollo Sustentable y Servicios P\u00fablicos, Israel Albavera V\u00e1zquez, acompa\u00f1ado de los titulares de las diferentes Direcciones, destac\u00f3 el compromiso mostrado de manera permanente por el presidente municipal que ha priorizado proporcionar las condiciones dignas al personal que labora d\u00eda con d\u00eda, siendo en esta ocasi\u00f3n en un tema de suma relevancia como son veh\u00edculos necesarios para las \u00e1reas operativas y que no se hab\u00eda renovado por pasadas administraciones.<\/p>\n<p>Detall\u00f3 que las dos gr\u00faas, una telesc\u00f3pica de 11 metros y una articulada de 13 metros ser\u00e1n para el \u00e1rea de Alumbrado P\u00fablico, la camioneta de tres y media para Parques y Jardines, y las dos camionetas tipo estaquitas para la brigada SAI y Aseo Urbano, lo que representa un desahogo para las labores que realizan diariamente y seguridad para los trabajadores.<\/p>\n<p>Cabe mencionar que en esta entrega participaron el director de Servicios P\u00fablicos, Gerardo Abarca Pe\u00f1a, as\u00ed como Carlos Enrique P\u00e9rez S\u00e1nchez, titular de de Servicio Urbano; Henri Garc\u00eda Enguilo, de Aseo Urbano, Eduardo Lenin Zavala Guadarrama, de Parques y Jardines y Juan Carlos Camacho Manjarrez, de la Brigada de Acci\u00f3n Inmediata de la Secretar\u00eda de Desarrollo Sustentable y Servicios P\u00fablicos.<\/p>\n\n\t\t<style type=\"text\/css\">\n\t\t\t#gallery-1 {\n\t\t\t\tmargin: auto;\n\t\t\t}\n\t\t\t#gallery-1 .gallery-item {\n\t\t\t\tfloat: left;\n\t\t\t\tmargin-top: 10px;\n\t\t\t\ttext-align: center;\n\t\t\t\twidth: 33%;\n\t\t\t}\n\t\t\t#gallery-1 img {\n\t\t\t\tborder: 2px solid #cfcfcf;\n\t\t\t}\n\t\t\t#gallery-1 .gallery-caption {\n\t\t\t\tmargin-left: 0;\n\t\t\t}\n\t\t\t\/* see gallery_shortcode() in wp-includes\/media.php *\/\n\t\t<\/style>\n\t\t<div id='gallery-1' class='gallery galleryid-42924 gallery-columns-3 gallery-size-thumbnail'><dl class='gallery-item'>\n\t\t\t<dt class='gallery-icon landscape'>\n\t\t\t\t<a href='https:\/\/cuernavaca.gob.mx\/?attachment_id=42925'><img width=\"150\" height=\"150\" src=\"https:\/\/cuernavaca.gob.mx\/wp-content\/uploads\/2024\/08\/CUMPLE-JOSE\u0301-LUIS-URIO\u0301STEGUI-CON-LA-ENTREGA-DE-NUEVA-FLOTA-DE-VEHI\u0301CULOS-OPERATIVOS-PARA-EL-MANTENIMIENTO-DE-LOS-ESPACIOS-PU\u0301BLICOS-DE-CUERNAVACA-1-150x150.jpg\" class=\"attachment-thumbnail size-thumbnail\" alt=\"\" loading=\"lazy\" \/><\/a>\n\t\t\t<\/dt><\/dl><dl class='gallery-item'>\n\t\t\t<dt class='gallery-icon landscape'>\n\t\t\t\t<a href='https:\/\/cuernavaca.gob.mx\/?attachment_id=42926'><img width=\"150\" height=\"150\" src=\"https:\/\/cuernavaca.gob.mx\/wp-content\/uploads\/2024\/08\/CUMPLE-JOSE\u0301-LUIS-URIO\u0301STEGUI-CON-LA-ENTREGA-DE-NUEVA-FLOTA-DE-VEHI\u0301CULOS-OPERATIVOS-PARA-EL-MANTENIMIENTO-DE-LOS-ESPACIOS-PU\u0301BLICOS-DE-CUERNAVACA-2-150x150.jpg\" class=\"attachment-thumbnail size-thumbnail\" alt=\"\" loading=\"lazy\" \/><\/a>\n\t\t\t<\/dt><\/dl><dl class='gallery-item'>\n\t\t\t<dt class='gallery-icon landscape'>\n\t\t\t\t<a href='https:\/\/cuernavaca.gob.mx\/?attachment_id=42927'><img width=\"150\" height=\"150\" src=\"https:\/\/cuernavaca.gob.mx\/wp-content\/uploads\/2024\/08\/CUMPLE-JOSE\u0301-LUIS-URIO\u0301STEGUI-CON-LA-ENTREGA-DE-NUEVA-FLOTA-DE-VEHI\u0301CULOS-OPERATIVOS-PARA-EL-MANTENIMIENTO-DE-LOS-ESPACIOS-PU\u0301BLICOS-DE-CUERNAVACA-3-150x150.jpg\" class=\"attachment-thumbnail size-thumbnail\" alt=\"\" loading=\"lazy\" \/><\/a>\n\t\t\t<\/dt><\/dl><br style=\"clear: both\" \/><dl class='gallery-item'>\n\t\t\t<dt class='gallery-icon landscape'>\n\t\t\t\t<a href='https:\/\/cuernavaca.gob.mx\/?attachment_id=42928'><img width=\"150\" height=\"150\" src=\"https:\/\/cuernavaca.gob.mx\/wp-content\/uploads\/2024\/08\/CUMPLE-JOSE\u0301-LUIS-URIO\u0301STEGUI-CON-LA-ENTREGA-DE-NUEVA-FLOTA-DE-VEHI\u0301CULOS-OPERATIVOS-PARA-EL-MANTENIMIENTO-DE-LOS-ESPACIOS-PU\u0301BLICOS-DE-CUERNAVACA-4-150x150.jpg\" class=\"attachment-thumbnail size-thumbnail\" alt=\"\" loading=\"lazy\" \/><\/a>\n\t\t\t<\/dt><\/dl><dl class='gallery-item'>\n\t\t\t<dt class='gallery-icon landscape'>\n\t\t\t\t<a href='https:\/\/cuernavaca.gob.mx\/?attachment_id=42929'><img width=\"150\" height=\"150\" src=\"https:\/\/cuernavaca.gob.mx\/wp-content\/uploads\/2024\/08\/CUMPLE-JOSE\u0301-LUIS-URIO\u0301STEGUI-CON-LA-ENTREGA-DE-NUEVA-FLOTA-DE-VEHI\u0301CULOS-OPERATIVOS-PARA-EL-MANTENIMIENTO-DE-LOS-ESPACIOS-PU\u0301BLICOS-DE-CUERNAVACA-5-150x150.jpg\" class=\"attachment-thumbnail size-thumbnail\" alt=\"\" loading=\"lazy\" \/><\/a>\n\t\t\t<\/dt><\/dl><dl class='gallery-item'>\n\t\t\t<dt class='gallery-icon landscape'>\n\t\t\t\t<a href='https:\/\/cuernavaca.gob.mx\/?attachment_id=42930'><img width=\"150\" height=\"150\" src=\"https:\/\/cuernavaca.gob.mx\/wp-content\/uploads\/2024\/08\/CUMPLE-JOSE\u0301-LUIS-URIO\u0301STEGUI-CON-LA-ENTREGA-DE-NUEVA-FLOTA-DE-VEHI\u0301CULOS-OPERATIVOS-PARA-EL-MANTENIMIENTO-DE-LOS-ESPACIOS-PU\u0301BLICOS-DE-CUERNAVACA-6-150x150.jpg\" class=\"attachment-thumbnail size-thumbnail\" alt=\"\" loading=\"lazy\" \/><\/a>\n\t\t\t<\/dt><\/dl><br style=\"clear: both\" \/><dl class='gallery-item'>\n\t\t\t<dt class='gallery-icon landscape'>\n\t\t\t\t<a href='https:\/\/cuernavaca.gob.mx\/?attachment_id=42931'><img width=\"150\" height=\"150\" src=\"https:\/\/cuernavaca.gob.mx\/wp-content\/uploads\/2024\/08\/CUMPLE-JOSE\u0301-LUIS-URIO\u0301STEGUI-CON-LA-ENTREGA-DE-NUEVA-FLOTA-DE-VEHI\u0301CULOS-OPERATIVOS-PARA-EL-MANTENIMIENTO-DE-LOS-ESPACIOS-PU\u0301BLICOS-DE-CUERNAVACA-7-150x150.jpg\" class=\"attachment-thumbnail size-thumbnail\" alt=\"\" loading=\"lazy\" \/><\/a>\n\t\t\t<\/dt><\/dl><dl class='gallery-item'>\n\t\t\t<dt class='gallery-icon landscape'>\n\t\t\t\t<a href='https:\/\/cuernavaca.gob.mx\/?attachment_id=42932'><img width=\"150\" height=\"150\" src=\"https:\/\/cuernavaca.gob.mx\/wp-content\/uploads\/2024\/08\/CUMPLE-JOSE\u0301-LUIS-URIO\u0301STEGUI-CON-LA-ENTREGA-DE-NUEVA-FLOTA-DE-VEHI\u0301CULOS-OPERATIVOS-PARA-EL-MANTENIMIENTO-DE-LOS-ESPACIOS-PU\u0301BLICOS-DE-CUERNAVACA-8-150x150.jpg\" class=\"attachment-thumbnail size-thumbnail\" alt=\"\" loading=\"lazy\" \/><\/a>\n\t\t\t<\/dt><\/dl>\n\t\t\t<br style='clear: both' \/>\n\t\t<\/div>\n\n","protected":false},"excerpt":{"rendered":"<p>\u2022 El presidente municipal encabez\u00f3 la entrega de dos gr\u00faas y tres camionetas que agilizar\u00e1n el trabajo diario de las \u00e1reas de Alumbrado P\u00fablico, Parques y Jardines, Aseo Urbano y la Brigada de Acci\u00f3n Inmediata (SAI) \u2022 Los veh\u00edculos no son arrendados y ya forman parte del parque vehicular del Ayuntamiento para las diferentes labores [&hellip;]<\/p>\n","protected":false},"author":1,"featured_media":42931,"comment_status":"closed","ping_status":"open","sticky":false,"template":"","format":"standard","meta":[],"categories":[208],"tags":[2368,121,3684,3266,120,2517,206,127,138,372],"aioseo_notices":[],"_links":{"self":[{"href":"https:\/\/cuernavaca.gob.mx\/index.php?rest_route=\/wp\/v2\/posts\/42924"}],"collection":[{"href":"https:\/\/cuernavaca.gob.mx\/index.php?rest_route=\/wp\/v2\/posts"}],"about":[{"href":"https:\/\/cuernavaca.gob.mx\/index.php?rest_route=\/wp\/v2\/types\/post"}],"author":[{"embeddable":true,"href":"https:\/\/cuernavaca.gob.mx\/index.php?rest_route=\/wp\/v2\/users\/1"}],"replies":[{"embeddable":true,"href":"https:\/\/cuernavaca.gob.mx\/index.php?rest_route=%2Fwp%2Fv2%2Fcomments&post=42924"}],"version-history":[{"count":1,"href":"https:\/\/cuernavaca.gob.mx\/index.php?rest_route=\/wp\/v2\/posts\/42924\/revisions"}],"predecessor-version":[{"id":42933,"href":"https:\/\/cuernavaca.gob.mx\/index.php?rest_route=\/wp\/v2\/posts\/42924\/revisions\/42933"}],"wp:featuredmedia":[{"embeddable":true,"href":"https:\/\/cuernavaca.gob.mx\/index.php?rest_route=\/wp\/v2\/media\/42931"}],"wp:attachment":[{"href":"https:\/\/cuernavaca.gob.mx\/index.php?rest_route=%2Fwp%2Fv2%2Fmedia&parent=42924"}],"wp:term":[{"taxonomy":"category","embeddable":true,"href":"https:\/\/cuernavaca.gob.mx\/index.php?rest_route=%2Fwp%2Fv2%2Fcategories&post=42924"},{"taxonomy":"post_tag","embeddable":true,"href":"https:\/\/cuernavaca.gob.mx\/index.php?rest_route=%2Fwp%2Fv2%2Ftags&post=42924"}],"curies":[{"name":"wp","href":"https:\/\/api.w.org\/{rel}","templated":true}]}}