{"id":42999,"date":"2024-08-08T18:00:22","date_gmt":"2024-08-09T00:00:22","guid":{"rendered":"https:\/\/cuernavaca.gob.mx\/?p=42999"},"modified":"2024-08-08T21:15:51","modified_gmt":"2024-08-09T03:15:51","slug":"b1893-08-08-24-realza-jose-luis-uriostegui-la-preservacion-de-los-ideales-del-general-emiliano-zapata-salazar","status":"publish","type":"post","link":"https:\/\/cuernavaca.gob.mx\/?p=42999","title":{"rendered":"B1893 08\/08\/24 REALZA JOS\u00c9 LUIS URI\u00d3STEGUI LA PRESERVACI\u00d3N DE LOS IDEALES DEL GENERAL EMILIANO ZAPATA SALAZAR"},"content":{"rendered":"<div><strong>\u2022 El presidente municipal de Cuernavaca particip\u00f3 como invitado en la tradicional XXV Cabalgata Zapatista con motivo del 145 aniversario del natalicio del General Emiliano Zapata Salazar\u00a0<\/strong><\/div>\n<div><\/div>\n<div><strong>\u2022 Resalt\u00f3 que este encuentro fomenta entre la poblaci\u00f3n la preservaci\u00f3n de los movimientos hist\u00f3ricos que no deben perderse en el olvido<\/strong><\/div>\n<div><\/div>\n<div>Concebida como un homenaje a uno de los h\u00e9roes m\u00e1s emblem\u00e1ticos de M\u00e9xico, lanzando un mensaje a la sociedad de que estos movimientos hist\u00f3ricos no deben perderse en el olvido, sino ser refrendados, el presidente municipal de Cuernavaca, Jos\u00e9 Luis Uri\u00f3stegui Salgado, particip\u00f3 este jueves como invitado en la tradicional XXV Cabalgata Zapatista con motivo del 145 aniversario del natalicio del General Emiliano Zapata Salazar en Anenecuilco, municipio de Ayala.<\/div>\n<div><\/div>\n<div>Acompa\u00f1ado de los regidores V\u00edctor Hugo Manzo God\u00ednez, Christian Michel P\u00e9rez Jaimes y Debendrenath Salazar Solorio, as\u00ed como del secretario del Ayuntamiento, Carlos de la Rosa Segura y del Coordinador del Consejo Consultivo de Turismo, Marcos Manuel Suarez Gerard, el alcalde de Cuernavaca se sum\u00f3 a este encuentro que desde hace un cuarto de siglo se lleva a cabo para rendir homenaje en el lugar que lo vio nacer a uno de los h\u00e9roes m\u00e1s emblem\u00e1ticos de M\u00e9xico y a nivel internacional, s\u00edmbolo de la resistencia campesina e impulsor del Plan de Ayala, organizado por el Ejido de Anenecuilco.<\/div>\n<div><\/div>\n<div>Jos\u00e9 Luis Uri\u00f3stegui subray\u00f3 la trascendencia que tiene esta cabalgata para impulsar entre la poblaci\u00f3n la preservaci\u00f3n de estos movimientos hist\u00f3ricos que no deben perderse en el olvido, sino ser refrendados a trav\u00e9s de actos que convoquen a cientos o miles de personas, como ocurri\u00f3 este jueves donde hombres, mujeres, ni\u00f1as y ni\u00f1os se hicieron presentes a caballo para recorrer los mismos caminos que el Caudillo del Sur.<\/div>\n<div><\/div>\n<div>Resalt\u00f3 que adem\u00e1s la cabalgata Zapatista rememora la importancia que tuvieron los caballos en el Movimiento Revolucionario, siendo parte de la identidad y econom\u00eda que tiene el estado y que se fortalece con estos encuentros que generan derrama econ\u00f3mica al aglomerar a cientos de personas, no solo de Morelos, sino tambi\u00e9n de otros estados.<\/div>\n<div><\/div>\n<div>La cabalgata zapatista parti\u00f3 del acceso principal a Anenecuilco pasando por el Museo Casa Zapata donde naci\u00f3 el General Emiliano Zapata en direcci\u00f3n al primer ejido que se decret\u00f3 por la Presidencia de la Rep\u00fablica en cumplimento a los ideales del Movimiento Zapatista hasta llegar a la tienda de Raya donde los asistentes, entre ellos autoridades municipales, senadores, diputados federales, dirigentes sociales y de organizaciones campesinas, as\u00ed como empresarios, compartieron el pan y la sal.<\/div>\n<div>\n\n\t\t<style type=\"text\/css\">\n\t\t\t#gallery-1 {\n\t\t\t\tmargin: auto;\n\t\t\t}\n\t\t\t#gallery-1 .gallery-item {\n\t\t\t\tfloat: left;\n\t\t\t\tmargin-top: 10px;\n\t\t\t\ttext-align: center;\n\t\t\t\twidth: 33%;\n\t\t\t}\n\t\t\t#gallery-1 img {\n\t\t\t\tborder: 2px solid #cfcfcf;\n\t\t\t}\n\t\t\t#gallery-1 .gallery-caption {\n\t\t\t\tmargin-left: 0;\n\t\t\t}\n\t\t\t\/* see gallery_shortcode() in wp-includes\/media.php *\/\n\t\t<\/style>\n\t\t<div id='gallery-1' class='gallery galleryid-42999 gallery-columns-3 gallery-size-thumbnail'><dl class='gallery-item'>\n\t\t\t<dt class='gallery-icon landscape'>\n\t\t\t\t<a href='https:\/\/cuernavaca.gob.mx\/?attachment_id=43000'><img width=\"150\" height=\"150\" src=\"https:\/\/cuernavaca.gob.mx\/wp-content\/uploads\/2024\/08\/REALZA-JOSE-LUIS-URIOSTEGUI-LA-PRESERVACION-DE-LOS-IDEALES-DEL-GENERAL-EMILIANO-ZAPATA-SALAZAR-1-150x150.jpeg\" class=\"attachment-thumbnail size-thumbnail\" alt=\"\" loading=\"lazy\" \/><\/a>\n\t\t\t<\/dt><\/dl><dl class='gallery-item'>\n\t\t\t<dt class='gallery-icon landscape'>\n\t\t\t\t<a href='https:\/\/cuernavaca.gob.mx\/?attachment_id=43001'><img width=\"150\" height=\"150\" src=\"https:\/\/cuernavaca.gob.mx\/wp-content\/uploads\/2024\/08\/REALZA-JOSE-LUIS-URIOSTEGUI-LA-PRESERVACION-DE-LOS-IDEALES-DEL-GENERAL-EMILIANO-ZAPATA-SALAZAR-2-150x150.jpeg\" class=\"attachment-thumbnail size-thumbnail\" alt=\"\" loading=\"lazy\" \/><\/a>\n\t\t\t<\/dt><\/dl><dl class='gallery-item'>\n\t\t\t<dt class='gallery-icon landscape'>\n\t\t\t\t<a href='https:\/\/cuernavaca.gob.mx\/?attachment_id=43002'><img width=\"150\" height=\"150\" src=\"https:\/\/cuernavaca.gob.mx\/wp-content\/uploads\/2024\/08\/REALZA-JOSE-LUIS-URIOSTEGUI-LA-PRESERVACION-DE-LOS-IDEALES-DEL-GENERAL-EMILIANO-ZAPATA-SALAZAR-3-150x150.jpeg\" class=\"attachment-thumbnail size-thumbnail\" alt=\"\" loading=\"lazy\" \/><\/a>\n\t\t\t<\/dt><\/dl><br style=\"clear: both\" \/><dl class='gallery-item'>\n\t\t\t<dt class='gallery-icon landscape'>\n\t\t\t\t<a href='https:\/\/cuernavaca.gob.mx\/?attachment_id=43003'><img width=\"150\" height=\"150\" src=\"https:\/\/cuernavaca.gob.mx\/wp-content\/uploads\/2024\/08\/REALZA-JOSE-LUIS-URIOSTEGUI-LA-PRESERVACION-DE-LOS-IDEALES-DEL-GENERAL-EMILIANO-ZAPATA-SALAZAR-4-150x150.jpeg\" class=\"attachment-thumbnail size-thumbnail\" alt=\"\" loading=\"lazy\" \/><\/a>\n\t\t\t<\/dt><\/dl><dl class='gallery-item'>\n\t\t\t<dt class='gallery-icon landscape'>\n\t\t\t\t<a href='https:\/\/cuernavaca.gob.mx\/?attachment_id=43004'><img width=\"150\" height=\"150\" src=\"https:\/\/cuernavaca.gob.mx\/wp-content\/uploads\/2024\/08\/REALZA-JOSE-LUIS-URIOSTEGUI-LA-PRESERVACION-DE-LOS-IDEALES-DEL-GENERAL-EMILIANO-ZAPATA-SALAZAR-5-150x150.jpeg\" class=\"attachment-thumbnail size-thumbnail\" alt=\"\" loading=\"lazy\" \/><\/a>\n\t\t\t<\/dt><\/dl><dl class='gallery-item'>\n\t\t\t<dt class='gallery-icon landscape'>\n\t\t\t\t<a href='https:\/\/cuernavaca.gob.mx\/?attachment_id=43005'><img width=\"150\" height=\"150\" src=\"https:\/\/cuernavaca.gob.mx\/wp-content\/uploads\/2024\/08\/REALZA-JOSE-LUIS-URIOSTEGUI-LA-PRESERVACION-DE-LOS-IDEALES-DEL-GENERAL-EMILIANO-ZAPATA-SALAZAR-6-150x150.jpeg\" class=\"attachment-thumbnail size-thumbnail\" alt=\"\" loading=\"lazy\" \/><\/a>\n\t\t\t<\/dt><\/dl><br style=\"clear: both\" \/><dl class='gallery-item'>\n\t\t\t<dt class='gallery-icon landscape'>\n\t\t\t\t<a href='https:\/\/cuernavaca.gob.mx\/?attachment_id=43006'><img width=\"150\" height=\"150\" src=\"https:\/\/cuernavaca.gob.mx\/wp-content\/uploads\/2024\/08\/REALZA-JOSE-LUIS-URIOSTEGUI-LA-PRESERVACION-DE-LOS-IDEALES-DEL-GENERAL-EMILIANO-ZAPATA-SALAZAR-7-150x150.jpeg\" class=\"attachment-thumbnail size-thumbnail\" alt=\"\" loading=\"lazy\" \/><\/a>\n\t\t\t<\/dt><\/dl><dl class='gallery-item'>\n\t\t\t<dt class='gallery-icon landscape'>\n\t\t\t\t<a href='https:\/\/cuernavaca.gob.mx\/?attachment_id=43007'><img width=\"150\" height=\"150\" src=\"https:\/\/cuernavaca.gob.mx\/wp-content\/uploads\/2024\/08\/REALZA-JOSE-LUIS-URIOSTEGUI-LA-PRESERVACION-DE-LOS-IDEALES-DEL-GENERAL-EMILIANO-ZAPATA-SALAZAR-8-150x150.jpeg\" class=\"attachment-thumbnail size-thumbnail\" alt=\"\" loading=\"lazy\" \/><\/a>\n\t\t\t<\/dt><\/dl><dl class='gallery-item'>\n\t\t\t<dt class='gallery-icon landscape'>\n\t\t\t\t<a href='https:\/\/cuernavaca.gob.mx\/?attachment_id=43008'><img width=\"150\" height=\"150\" src=\"https:\/\/cuernavaca.gob.mx\/wp-content\/uploads\/2024\/08\/REALZA-JOSE-LUIS-URIOSTEGUI-LA-PRESERVACION-DE-LOS-IDEALES-DEL-GENERAL-EMILIANO-ZAPATA-SALAZAR-9-150x150.jpeg\" class=\"attachment-thumbnail size-thumbnail\" alt=\"\" loading=\"lazy\" \/><\/a>\n\t\t\t<\/dt><\/dl><br style=\"clear: both\" \/><dl class='gallery-item'>\n\t\t\t<dt class='gallery-icon landscape'>\n\t\t\t\t<a href='https:\/\/cuernavaca.gob.mx\/?attachment_id=43009'><img width=\"150\" height=\"150\" src=\"https:\/\/cuernavaca.gob.mx\/wp-content\/uploads\/2024\/08\/REALZA-JOSE-LUIS-URIOSTEGUI-LA-PRESERVACION-DE-LOS-IDEALES-DEL-GENERAL-EMILIANO-ZAPATA-SALAZAR-10-150x150.jpeg\" class=\"attachment-thumbnail size-thumbnail\" alt=\"\" loading=\"lazy\" \/><\/a>\n\t\t\t<\/dt><\/dl>\n\t\t\t<br style='clear: both' \/>\n\t\t<\/div>\n\n<\/div>\n","protected":false},"excerpt":{"rendered":"<p>\u2022 El presidente municipal de Cuernavaca particip\u00f3 como invitado en la tradicional XXV Cabalgata Zapatista con motivo del 145 aniversario del natalicio del General Emiliano Zapata Salazar\u00a0 \u2022 Resalt\u00f3 que este encuentro fomenta entre la poblaci\u00f3n la preservaci\u00f3n de los movimientos hist\u00f3ricos que no deben perderse en el olvido Concebida como un homenaje a uno [&hellip;]<\/p>\n","protected":false},"author":1,"featured_media":43003,"comment_status":"closed","ping_status":"open","sticky":false,"template":"","format":"standard","meta":[],"categories":[20],"tags":[3763,3764,121,1720,1570,120,127],"aioseo_notices":[],"_links":{"self":[{"href":"https:\/\/cuernavaca.gob.mx\/index.php?rest_route=\/wp\/v2\/posts\/42999"}],"collection":[{"href":"https:\/\/cuernavaca.gob.mx\/index.php?rest_route=\/wp\/v2\/posts"}],"about":[{"href":"https:\/\/cuernavaca.gob.mx\/index.php?rest_route=\/wp\/v2\/types\/post"}],"author":[{"embeddable":true,"href":"https:\/\/cuernavaca.gob.mx\/index.php?rest_route=\/wp\/v2\/users\/1"}],"replies":[{"embeddable":true,"href":"https:\/\/cuernavaca.gob.mx\/index.php?rest_route=%2Fwp%2Fv2%2Fcomments&post=42999"}],"version-history":[{"count":1,"href":"https:\/\/cuernavaca.gob.mx\/index.php?rest_route=\/wp\/v2\/posts\/42999\/revisions"}],"predecessor-version":[{"id":43010,"href":"https:\/\/cuernavaca.gob.mx\/index.php?rest_route=\/wp\/v2\/posts\/42999\/revisions\/43010"}],"wp:featuredmedia":[{"embeddable":true,"href":"https:\/\/cuernavaca.gob.mx\/index.php?rest_route=\/wp\/v2\/media\/43003"}],"wp:attachment":[{"href":"https:\/\/cuernavaca.gob.mx\/index.php?rest_route=%2Fwp%2Fv2%2Fmedia&parent=42999"}],"wp:term":[{"taxonomy":"category","embeddable":true,"href":"https:\/\/cuernavaca.gob.mx\/index.php?rest_route=%2Fwp%2Fv2%2Fcategories&post=42999"},{"taxonomy":"post_tag","embeddable":true,"href":"https:\/\/cuernavaca.gob.mx\/index.php?rest_route=%2Fwp%2Fv2%2Ftags&post=42999"}],"curies":[{"name":"wp","href":"https:\/\/api.w.org\/{rel}","templated":true}]}}