{"id":43032,"date":"2024-08-09T15:52:57","date_gmt":"2024-08-09T21:52:57","guid":{"rendered":"https:\/\/cuernavaca.gob.mx\/?p=43032"},"modified":"2024-08-09T15:52:57","modified_gmt":"2024-08-09T21:52:57","slug":"b1894-09-08-24-concluye-el-curso-de-verano-mis-vacaciones-en-la-biblioteca-2024-de-cuernavaca-con-importante-participacion-de-las-infancias","status":"publish","type":"post","link":"https:\/\/cuernavaca.gob.mx\/?p=43032","title":{"rendered":"B1894 09\/08\/24 CONCLUYE EL CURSO DE VERANO \u201cMIS VACACIONES EN LA BIBLIOTECA 2024\u201d DE CUERNAVACA CON IMPORTANTE PARTICIPACI\u00d3N DE LAS INFANCIAS"},"content":{"rendered":"<p><strong>\u2022 En esta tercera edici\u00f3n 130 ni\u00f1as y ni\u00f1os de distintas colonias y poblados convivieron y aprendieron sobre temas como el cuidado del agua y del medio ambiente, la autoestima y sus emociones adem\u00e1s de fomentar la lectura<\/strong><\/p>\n<p>Con la participaci\u00f3n de 130 ni\u00f1as y ni\u00f1os, concluy\u00f3 este viernes la tercera edici\u00f3n del curso de verano \u201cMis vacaciones en la Biblioteca 2024\u201d, organizado por el Ayuntamiento de Cuernavaca a trav\u00e9s de la Direcci\u00f3n de Centros de Desarrollo Comunitarios, Bibliotecas y Espacios P\u00fablicos de la Secretar\u00eda de Desarrollo Humano y Participaci\u00f3n Social, donde de manera interactiva se promovieron distintos valores para fortalecer el desarrollo de las infancias y que ellos a su vez puedan abonar a la construcci\u00f3n de una mejor ciudad.<\/p>\n<p>Bajo la encomienda dada por el presidente municipal, Jos\u00e9 Luis Uri\u00f3stegui Salgado de brindar igualdad de oportunidades a todas las ni\u00f1as y ni\u00f1os del municipio, se cont\u00f3 con cuatro sedes distintas las bibliotecas p\u00fablicas \u201cProfesor Aureo Soberanes\u201d en el poblado de Santa Mar\u00eda Ahuacatitl\u00e1n, \u201cDr. Jos\u00e9 F\u00e9lix Fr\u00edas S\u00e1nchez\u201d ubicada al interior del parque Melchor Ocampo, \u201cEmiliano Zapata\u201d en el poblado de Chamilpa y \u201cMariano Matamoros\u201d en la colonia Lagunilla.<\/p>\n<p>La directora de administraci\u00f3n de los Centros de Desarrollo Comunitarios, Bibliotecas y Espacios P\u00fablicos, Paulina Hern\u00e1ndez Miranda, se\u00f1al\u00f3 la gran aceptaci\u00f3n y participaci\u00f3n que han tenido los cursos de verano a cargo del municipio como parte del trabajo conjunto que ha consolidado la administraci\u00f3n con las madres, padres y cuidadores, apoy\u00e1ndolos en su labor de crianza, brindando en esta ocasi\u00f3n un programa donde las ni\u00f1as y ni\u00f1os pueden divertirse y aprender en espacios que fueron hechos para su disfrute.<\/p>\n<p>El curso se llev\u00f3 a cabo con una serie de actividades educativas, recreativas y deportivas, destacando temas como el cuidado del agua y del medio ambiente, la autoestima y sus emociones, priorizando el fomento a la lectura y la apropiaci\u00f3n de los espacios p\u00fablicos como son las bibliotecas, esto en colaboraci\u00f3n con diversas dependencias como el Sistema de Agua Potable y Alcantarillado de Cuernavaca (SAPAC), La Comisi\u00f3n Estatal de Biodiversidad de la SDS, la Direcci\u00f3n General de Salud y Educaci\u00f3n del municipio, la Fiscal\u00eda Ambiental de Cuernavaca, los Centros de Integraci\u00f3n Juvenil y el Pentatl\u00f3n.<\/p>\n<p>El curso de verano \u201cMis vacaciones en la biblioteca 2024\u201d concluy\u00f3 con una gran fiesta donde se promovi\u00f3 la integraci\u00f3n familiar con obras de teatro y la exposici\u00f3n de trabajos de las ni\u00f1as y ni\u00f1os participantes.<\/p>\n\n\t\t<style type=\"text\/css\">\n\t\t\t#gallery-1 {\n\t\t\t\tmargin: auto;\n\t\t\t}\n\t\t\t#gallery-1 .gallery-item {\n\t\t\t\tfloat: left;\n\t\t\t\tmargin-top: 10px;\n\t\t\t\ttext-align: center;\n\t\t\t\twidth: 33%;\n\t\t\t}\n\t\t\t#gallery-1 img {\n\t\t\t\tborder: 2px solid #cfcfcf;\n\t\t\t}\n\t\t\t#gallery-1 .gallery-caption {\n\t\t\t\tmargin-left: 0;\n\t\t\t}\n\t\t\t\/* see gallery_shortcode() in wp-includes\/media.php *\/\n\t\t<\/style>\n\t\t<div id='gallery-1' class='gallery galleryid-43032 gallery-columns-3 gallery-size-thumbnail'><dl class='gallery-item'>\n\t\t\t<dt class='gallery-icon landscape'>\n\t\t\t\t<a href='https:\/\/cuernavaca.gob.mx\/?attachment_id=43033'><img width=\"150\" height=\"150\" src=\"https:\/\/cuernavaca.gob.mx\/wp-content\/uploads\/2024\/08\/CONCLUYE-EL-CURSO-DE-VERANO-MIS-VACACIONES-EN-LA-BIBLIOTECA-2024-DE-CUERNAVACA-CON-IMPORTANTE-PARTICIPACIO\u0301N-DE-LAS-INFANCIAS-1-150x150.jpg\" class=\"attachment-thumbnail size-thumbnail\" alt=\"\" loading=\"lazy\" \/><\/a>\n\t\t\t<\/dt><\/dl><dl class='gallery-item'>\n\t\t\t<dt class='gallery-icon landscape'>\n\t\t\t\t<a href='https:\/\/cuernavaca.gob.mx\/?attachment_id=43034'><img width=\"150\" height=\"150\" src=\"https:\/\/cuernavaca.gob.mx\/wp-content\/uploads\/2024\/08\/CONCLUYE-EL-CURSO-DE-VERANO-MIS-VACACIONES-EN-LA-BIBLIOTECA-2024-DE-CUERNAVACA-CON-IMPORTANTE-PARTICIPACIO\u0301N-DE-LAS-INFANCIAS-2-150x150.jpg\" class=\"attachment-thumbnail size-thumbnail\" alt=\"\" loading=\"lazy\" \/><\/a>\n\t\t\t<\/dt><\/dl><dl class='gallery-item'>\n\t\t\t<dt class='gallery-icon landscape'>\n\t\t\t\t<a href='https:\/\/cuernavaca.gob.mx\/?attachment_id=43035'><img width=\"150\" height=\"150\" src=\"https:\/\/cuernavaca.gob.mx\/wp-content\/uploads\/2024\/08\/CONCLUYE-EL-CURSO-DE-VERANO-MIS-VACACIONES-EN-LA-BIBLIOTECA-2024-DE-CUERNAVACA-CON-IMPORTANTE-PARTICIPACIO\u0301N-DE-LAS-INFANCIAS-3-150x150.jpg\" class=\"attachment-thumbnail size-thumbnail\" alt=\"\" loading=\"lazy\" \/><\/a>\n\t\t\t<\/dt><\/dl><br style=\"clear: both\" \/><dl class='gallery-item'>\n\t\t\t<dt class='gallery-icon landscape'>\n\t\t\t\t<a href='https:\/\/cuernavaca.gob.mx\/?attachment_id=43036'><img width=\"150\" height=\"150\" src=\"https:\/\/cuernavaca.gob.mx\/wp-content\/uploads\/2024\/08\/CONCLUYE-EL-CURSO-DE-VERANO-MIS-VACACIONES-EN-LA-BIBLIOTECA-2024-DE-CUERNAVACA-CON-IMPORTANTE-PARTICIPACIO\u0301N-DE-LAS-INFANCIAS-4-150x150.jpg\" class=\"attachment-thumbnail size-thumbnail\" alt=\"\" loading=\"lazy\" \/><\/a>\n\t\t\t<\/dt><\/dl><dl class='gallery-item'>\n\t\t\t<dt class='gallery-icon landscape'>\n\t\t\t\t<a href='https:\/\/cuernavaca.gob.mx\/?attachment_id=43037'><img width=\"150\" height=\"150\" src=\"https:\/\/cuernavaca.gob.mx\/wp-content\/uploads\/2024\/08\/CONCLUYE-EL-CURSO-DE-VERANO-MIS-VACACIONES-EN-LA-BIBLIOTECA-2024-DE-CUERNAVACA-CON-IMPORTANTE-PARTICIPACIO\u0301N-DE-LAS-INFANCIAS-5-150x150.jpg\" class=\"attachment-thumbnail size-thumbnail\" alt=\"\" loading=\"lazy\" \/><\/a>\n\t\t\t<\/dt><\/dl><dl class='gallery-item'>\n\t\t\t<dt class='gallery-icon landscape'>\n\t\t\t\t<a href='https:\/\/cuernavaca.gob.mx\/?attachment_id=43038'><img width=\"150\" height=\"150\" src=\"https:\/\/cuernavaca.gob.mx\/wp-content\/uploads\/2024\/08\/CONCLUYE-EL-CURSO-DE-VERANO-MIS-VACACIONES-EN-LA-BIBLIOTECA-2024-DE-CUERNAVACA-CON-IMPORTANTE-PARTICIPACIO\u0301N-DE-LAS-INFANCIAS-6-150x150.jpg\" class=\"attachment-thumbnail size-thumbnail\" alt=\"\" loading=\"lazy\" \/><\/a>\n\t\t\t<\/dt><\/dl><br style=\"clear: both\" \/><dl class='gallery-item'>\n\t\t\t<dt class='gallery-icon landscape'>\n\t\t\t\t<a href='https:\/\/cuernavaca.gob.mx\/?attachment_id=43039'><img width=\"150\" height=\"150\" src=\"https:\/\/cuernavaca.gob.mx\/wp-content\/uploads\/2024\/08\/CONCLUYE-EL-CURSO-DE-VERANO-MIS-VACACIONES-EN-LA-BIBLIOTECA-2024-DE-CUERNAVACA-CON-IMPORTANTE-PARTICIPACIO\u0301N-DE-LAS-INFANCIAS-7-150x150.jpg\" class=\"attachment-thumbnail size-thumbnail\" alt=\"\" loading=\"lazy\" \/><\/a>\n\t\t\t<\/dt><\/dl><dl class='gallery-item'>\n\t\t\t<dt class='gallery-icon landscape'>\n\t\t\t\t<a href='https:\/\/cuernavaca.gob.mx\/?attachment_id=43040'><img width=\"150\" height=\"150\" src=\"https:\/\/cuernavaca.gob.mx\/wp-content\/uploads\/2024\/08\/CONCLUYE-EL-CURSO-DE-VERANO-MIS-VACACIONES-EN-LA-BIBLIOTECA-2024-DE-CUERNAVACA-CON-IMPORTANTE-PARTICIPACIO\u0301N-DE-LAS-INFANCIAS-8-150x150.jpg\" class=\"attachment-thumbnail size-thumbnail\" alt=\"\" loading=\"lazy\" \/><\/a>\n\t\t\t<\/dt><\/dl><dl class='gallery-item'>\n\t\t\t<dt class='gallery-icon landscape'>\n\t\t\t\t<a href='https:\/\/cuernavaca.gob.mx\/?attachment_id=43041'><img width=\"150\" height=\"150\" src=\"https:\/\/cuernavaca.gob.mx\/wp-content\/uploads\/2024\/08\/CONCLUYE-EL-CURSO-DE-VERANO-MIS-VACACIONES-EN-LA-BIBLIOTECA-2024-DE-CUERNAVACA-CON-IMPORTANTE-PARTICIPACIO\u0301N-DE-LAS-INFANCIAS-9-150x150.jpg\" class=\"attachment-thumbnail size-thumbnail\" alt=\"\" loading=\"lazy\" \/><\/a>\n\t\t\t<\/dt><\/dl><br style=\"clear: both\" \/><dl class='gallery-item'>\n\t\t\t<dt class='gallery-icon landscape'>\n\t\t\t\t<a href='https:\/\/cuernavaca.gob.mx\/?attachment_id=43042'><img width=\"150\" height=\"150\" src=\"https:\/\/cuernavaca.gob.mx\/wp-content\/uploads\/2024\/08\/CONCLUYE-EL-CURSO-DE-VERANO-MIS-VACACIONES-EN-LA-BIBLIOTECA-2024-DE-CUERNAVACA-CON-IMPORTANTE-PARTICIPACIO\u0301N-DE-LAS-INFANCIAS-10-150x150.jpg\" class=\"attachment-thumbnail size-thumbnail\" alt=\"\" loading=\"lazy\" \/><\/a>\n\t\t\t<\/dt><\/dl>\n\t\t\t<br style='clear: both' \/>\n\t\t<\/div>\n\n","protected":false},"excerpt":{"rendered":"<p>\u2022 En esta tercera edici\u00f3n 130 ni\u00f1as y ni\u00f1os de distintas colonias y poblados convivieron y aprendieron sobre temas como el cuidado del agua y del medio ambiente, la autoestima y sus emociones adem\u00e1s de fomentar la lectura Con la participaci\u00f3n de 130 ni\u00f1as y ni\u00f1os, concluy\u00f3 este viernes la tercera edici\u00f3n del curso de [&hellip;]<\/p>\n","protected":false},"author":1,"featured_media":43034,"comment_status":"closed","ping_status":"open","sticky":false,"template":"","format":"standard","meta":[],"categories":[862],"tags":[2338,3025,121,120,206,380,127,2967],"aioseo_notices":[],"_links":{"self":[{"href":"https:\/\/cuernavaca.gob.mx\/index.php?rest_route=\/wp\/v2\/posts\/43032"}],"collection":[{"href":"https:\/\/cuernavaca.gob.mx\/index.php?rest_route=\/wp\/v2\/posts"}],"about":[{"href":"https:\/\/cuernavaca.gob.mx\/index.php?rest_route=\/wp\/v2\/types\/post"}],"author":[{"embeddable":true,"href":"https:\/\/cuernavaca.gob.mx\/index.php?rest_route=\/wp\/v2\/users\/1"}],"replies":[{"embeddable":true,"href":"https:\/\/cuernavaca.gob.mx\/index.php?rest_route=%2Fwp%2Fv2%2Fcomments&post=43032"}],"version-history":[{"count":1,"href":"https:\/\/cuernavaca.gob.mx\/index.php?rest_route=\/wp\/v2\/posts\/43032\/revisions"}],"predecessor-version":[{"id":43043,"href":"https:\/\/cuernavaca.gob.mx\/index.php?rest_route=\/wp\/v2\/posts\/43032\/revisions\/43043"}],"wp:featuredmedia":[{"embeddable":true,"href":"https:\/\/cuernavaca.gob.mx\/index.php?rest_route=\/wp\/v2\/media\/43034"}],"wp:attachment":[{"href":"https:\/\/cuernavaca.gob.mx\/index.php?rest_route=%2Fwp%2Fv2%2Fmedia&parent=43032"}],"wp:term":[{"taxonomy":"category","embeddable":true,"href":"https:\/\/cuernavaca.gob.mx\/index.php?rest_route=%2Fwp%2Fv2%2Fcategories&post=43032"},{"taxonomy":"post_tag","embeddable":true,"href":"https:\/\/cuernavaca.gob.mx\/index.php?rest_route=%2Fwp%2Fv2%2Ftags&post=43032"}],"curies":[{"name":"wp","href":"https:\/\/api.w.org\/{rel}","templated":true}]}}