{"id":43373,"date":"2024-08-22T17:00:36","date_gmt":"2024-08-22T23:00:36","guid":{"rendered":"https:\/\/cuernavaca.gob.mx\/?p=43373"},"modified":"2024-08-22T17:27:48","modified_gmt":"2024-08-22T23:27:48","slug":"f871-21-08-24-reconoce-jose-luis-uriostegui-heroica-labor-de-los-bomberos-de-cuernavaca-que-en-esta-administracion-se-ha-fortalecido-y-dignificado","status":"publish","type":"post","link":"https:\/\/cuernavaca.gob.mx\/?p=43373","title":{"rendered":"F871 21\/08\/24 RECONOCE JOS\u00c9 LUIS URI\u00d3STEGUI HEROICA LABOR DE LOS BOMBEROS DE CUERNAVACA QUE EN ESTA ADMINISTRACI\u00d3N SE HA FORTALECIDO Y DIGNIFICADO"},"content":{"rendered":"<p>El presidente municipal, Jos\u00e9 Luis Uri\u00f3stegui Salgado, reconoci\u00f3 la heroica labor del cuerpo de bomberos, Rescate y Urgencias M\u00e9dicas de Cuernavaca que permanente dedica su vida para salvaguardar la integridad de la poblaci\u00f3n y que en esta administraci\u00f3n ha tenido una mayor cobertura de apoyo hacia la ciudadan\u00eda derivado de la dignificaci\u00f3n a su trabajo que han priorizado con la entrega de equipo, uniformes y mejora en sus prestaciones laborales para mejorar sus condiciones de vida.<\/p>\n<p>En el marco del D\u00eda del Bombero, se\u00f1al\u00f3 que, tras recibir una corporaci\u00f3n en condiciones inaceptables, que ante el abandono de sus antecesores, requer\u00edan de hacer boteos para pedir dinero y comprar cosas que les eran \u00fatiles, hoy se ha procurado que el Ayuntamiento les entregue los insumos necesarios para efectuar dignamente su labor, invirtiendo recursos en uniformes y equipamiento que se ha fortalecido con el apoyo de distintos sectores como son empresarios, asociaciones civiles, entre estos destac\u00f3 la donaci\u00f3n el a\u00f1o pasado de dos camiones de bomberos como parte del programa de hermanamiento entre Cuernavaca y la ciudad de Minneapolis, Minnesota.<\/p>\n<p>Destac\u00f3 que adem\u00e1s hay respeto pleno a sus derechos laborales a trav\u00e9s de la atenci\u00f3n de sus peticiones m\u00e1s apremiantes, ser reconocidos como trabajadores con derecho a sindicalizarse, obteniendo prestaciones que conllevan desde d\u00edas econ\u00f3micos hasta vales, entre otros beneficios, con el objetivo de que si tienen mejores condiciones de vida van a hacer un mejor esfuerzo cotidiano, lo cual se ha podido confirmar, ya que han atendido no solo incendios, sino tambi\u00e9n emergencias de gran magnitud, la atenci\u00f3n de accidentes, inundaciones, deslaves y apoyo en el retiro de \u00e1rboles ca\u00eddos.<\/p>\n<p>\u201cSon personas que entregan su vida al servicio, a la colectividad y hay que reconoc\u00e9rselos\u201d, puntualiz\u00f3 Jos\u00e9 Luis Uri\u00f3stegui tras felicitarlos en este d\u00eda en el que se les reconoce en el pa\u00eds su labor.<\/p>\n\n\t\t<style type=\"text\/css\">\n\t\t\t#gallery-1 {\n\t\t\t\tmargin: auto;\n\t\t\t}\n\t\t\t#gallery-1 .gallery-item {\n\t\t\t\tfloat: left;\n\t\t\t\tmargin-top: 10px;\n\t\t\t\ttext-align: center;\n\t\t\t\twidth: 33%;\n\t\t\t}\n\t\t\t#gallery-1 img {\n\t\t\t\tborder: 2px solid #cfcfcf;\n\t\t\t}\n\t\t\t#gallery-1 .gallery-caption {\n\t\t\t\tmargin-left: 0;\n\t\t\t}\n\t\t\t\/* see gallery_shortcode() in wp-includes\/media.php *\/\n\t\t<\/style>\n\t\t<div id='gallery-1' class='gallery galleryid-43373 gallery-columns-3 gallery-size-thumbnail'><dl class='gallery-item'>\n\t\t\t<dt class='gallery-icon landscape'>\n\t\t\t\t<a href='https:\/\/cuernavaca.gob.mx\/?attachment_id=43374'><img width=\"150\" height=\"150\" src=\"https:\/\/cuernavaca.gob.mx\/wp-content\/uploads\/2024\/08\/RECONOCE-JOSE\u0301-LUIS-URIO\u0301STEGUI-HEROICA-LABOR-DE-LOS-BOMBEROS-DE-CUERNAVACA-QUE-EN-ESTA-ADMINISTRACIO\u0301N-SE-HA-FORTALECIDO-Y-DIGNIFICADO-1-150x150.jpg\" class=\"attachment-thumbnail size-thumbnail\" alt=\"\" loading=\"lazy\" \/><\/a>\n\t\t\t<\/dt><\/dl><dl class='gallery-item'>\n\t\t\t<dt class='gallery-icon landscape'>\n\t\t\t\t<a href='https:\/\/cuernavaca.gob.mx\/?attachment_id=43375'><img width=\"150\" height=\"150\" src=\"https:\/\/cuernavaca.gob.mx\/wp-content\/uploads\/2024\/08\/RECONOCE-JOSE\u0301-LUIS-URIO\u0301STEGUI-HEROICA-LABOR-DE-LOS-BOMBEROS-DE-CUERNAVACA-QUE-EN-ESTA-ADMINISTRACIO\u0301N-SE-HA-FORTALECIDO-Y-DIGNIFICADO-2-150x150.jpg\" class=\"attachment-thumbnail size-thumbnail\" alt=\"\" loading=\"lazy\" \/><\/a>\n\t\t\t<\/dt><\/dl><dl class='gallery-item'>\n\t\t\t<dt class='gallery-icon landscape'>\n\t\t\t\t<a href='https:\/\/cuernavaca.gob.mx\/?attachment_id=43376'><img width=\"150\" height=\"150\" src=\"https:\/\/cuernavaca.gob.mx\/wp-content\/uploads\/2024\/08\/RECONOCE-JOSE\u0301-LUIS-URIO\u0301STEGUI-HEROICA-LABOR-DE-LOS-BOMBEROS-DE-CUERNAVACA-QUE-EN-ESTA-ADMINISTRACIO\u0301N-SE-HA-FORTALECIDO-Y-DIGNIFICADO-3-150x150.jpg\" class=\"attachment-thumbnail size-thumbnail\" alt=\"\" loading=\"lazy\" \/><\/a>\n\t\t\t<\/dt><\/dl><br style=\"clear: both\" \/><dl class='gallery-item'>\n\t\t\t<dt class='gallery-icon landscape'>\n\t\t\t\t<a href='https:\/\/cuernavaca.gob.mx\/?attachment_id=43377'><img width=\"150\" height=\"150\" src=\"https:\/\/cuernavaca.gob.mx\/wp-content\/uploads\/2024\/08\/RECONOCE-JOSE\u0301-LUIS-URIO\u0301STEGUI-HEROICA-LABOR-DE-LOS-BOMBEROS-DE-CUERNAVACA-QUE-EN-ESTA-ADMINISTRACIO\u0301N-SE-HA-FORTALECIDO-Y-DIGNIFICADO-4-150x150.jpg\" class=\"attachment-thumbnail size-thumbnail\" alt=\"\" loading=\"lazy\" \/><\/a>\n\t\t\t<\/dt><\/dl>\n\t\t\t<br style='clear: both' \/>\n\t\t<\/div>\n\n<p>&nbsp;<\/p>\n<p>&nbsp;<\/p>\n","protected":false},"excerpt":{"rendered":"<p>El presidente municipal, Jos\u00e9 Luis Uri\u00f3stegui Salgado, reconoci\u00f3 la heroica labor del cuerpo de bomberos, Rescate y Urgencias M\u00e9dicas de Cuernavaca que permanente dedica su vida para salvaguardar la integridad de la poblaci\u00f3n y que en esta administraci\u00f3n ha tenido una mayor cobertura de apoyo hacia la ciudadan\u00eda derivado de la dignificaci\u00f3n a su trabajo [&hellip;]<\/p>\n","protected":false},"author":1,"featured_media":43377,"comment_status":"closed","ping_status":"open","sticky":false,"template":"","format":"standard","meta":[],"categories":[2227],"tags":[2162,2263,121,1898,120,127,161,372,3778],"aioseo_notices":[],"_links":{"self":[{"href":"https:\/\/cuernavaca.gob.mx\/index.php?rest_route=\/wp\/v2\/posts\/43373"}],"collection":[{"href":"https:\/\/cuernavaca.gob.mx\/index.php?rest_route=\/wp\/v2\/posts"}],"about":[{"href":"https:\/\/cuernavaca.gob.mx\/index.php?rest_route=\/wp\/v2\/types\/post"}],"author":[{"embeddable":true,"href":"https:\/\/cuernavaca.gob.mx\/index.php?rest_route=\/wp\/v2\/users\/1"}],"replies":[{"embeddable":true,"href":"https:\/\/cuernavaca.gob.mx\/index.php?rest_route=%2Fwp%2Fv2%2Fcomments&post=43373"}],"version-history":[{"count":1,"href":"https:\/\/cuernavaca.gob.mx\/index.php?rest_route=\/wp\/v2\/posts\/43373\/revisions"}],"predecessor-version":[{"id":43378,"href":"https:\/\/cuernavaca.gob.mx\/index.php?rest_route=\/wp\/v2\/posts\/43373\/revisions\/43378"}],"wp:featuredmedia":[{"embeddable":true,"href":"https:\/\/cuernavaca.gob.mx\/index.php?rest_route=\/wp\/v2\/media\/43377"}],"wp:attachment":[{"href":"https:\/\/cuernavaca.gob.mx\/index.php?rest_route=%2Fwp%2Fv2%2Fmedia&parent=43373"}],"wp:term":[{"taxonomy":"category","embeddable":true,"href":"https:\/\/cuernavaca.gob.mx\/index.php?rest_route=%2Fwp%2Fv2%2Fcategories&post=43373"},{"taxonomy":"post_tag","embeddable":true,"href":"https:\/\/cuernavaca.gob.mx\/index.php?rest_route=%2Fwp%2Fv2%2Ftags&post=43373"}],"curies":[{"name":"wp","href":"https:\/\/api.w.org\/{rel}","templated":true}]}}