{"id":43398,"date":"2024-08-24T13:00:33","date_gmt":"2024-08-24T19:00:33","guid":{"rendered":"https:\/\/cuernavaca.gob.mx\/?p=43398"},"modified":"2024-08-24T14:02:01","modified_gmt":"2024-08-24T20:02:01","slug":"b1918-24-08-24-ponen-en-marcha-jose-luis-uriostegui-obras-de-rehabilitacion-de-lineas-de-conduccion-de-agua-potable-en-la-parte-norte-de-tetela-del-monte","status":"publish","type":"post","link":"https:\/\/cuernavaca.gob.mx\/?p=43398","title":{"rendered":"B1918 24\/08\/24 PONEN EN MARCHA JOS\u00c9 LUIS URI\u00d3STEGUI OBRAS DE REHABILITACI\u00d3N DE L\u00cdNEAS DE CONDUCCI\u00d3N DE AGUA POTABLE EN LA PARTE NORTE DE TETELA DEL MONTE"},"content":{"rendered":"<p><strong>\u2022 El presidente municipal de Cuernavaca y pobladores conocieron los detalles t\u00e9cnicos y fechas del proceso que estar\u00e1 bajo la coordinaci\u00f3n de la Secretar\u00eda de Desarrollo Urbano y Obras P\u00fablicas<\/strong><\/p>\n<p><strong>\u2022 Los trabajos se centrar\u00e1n en la introducci\u00f3n de una nueva l\u00ednea de agua potable en calle La Cruz<\/strong><\/p>\n<p>Como parte de las acciones que buscan garantizar el derecho al agua en cantidad y calidad, el presidente municipal de Cuernavaca, Jos\u00e9 Luis Uri\u00f3stegui Salgado, encabez\u00f3 el inicio de los trabajos de rehabilitaci\u00f3n de la l\u00ednea de agua potable de cuatro pulgadas en calle La Cruz en el poblado de Tetela del Monte, que beneficiar\u00e1 a casas habitaci\u00f3n y tambi\u00e9n a los productores de flores de ornato que aqu\u00ed comercializan de manera tradicional.<\/p>\n<p>Acompa\u00f1ado de los regidores Mireya Delgado Romero y Fernando Carrillo Alvarado, as\u00ed como de los diputados locales, \u00c1ngel Adame Jim\u00e9nez y \u00d3scar Cano Mondrag\u00f3n, el presidente municipal enfatiz\u00f3 que la obra pretende resolver parte de la falta de agua que se presenta en viviendas, ya que la nueva l\u00ednea de conducci\u00f3n que se colocar\u00e1 va a dirigir el agua potable a la parte norte y despu\u00e9s se va a dejar escurrir por gravedad a la zona sur, llegando a todas las casas que tienen tomas.<\/p>\n<p>En un ejercicio de rendici\u00f3n de cuentas, el secretario de Desarrollo Urbano y Obras P\u00fablicas, Demetrio Chavira de la Torre, inform\u00f3 que con una inversi\u00f3n de un mill\u00f3n 562 mil 600.53 pesos del Fondo de Aportaciones para la Infraestructura Social Municipal (FAISMUN) los trabajos tendr\u00e1n como meta la colocaci\u00f3n de tubo PEAD liso hidr\u00e1ulico RD- 11 de cuatro pulgadas de di\u00e1metro en 560 metros lineales.<\/p>\n<p>Se\u00f1al\u00f3 que en un periodo de 30 d\u00edas naturales estar\u00e1n llevando a cabo el suministro e instalaci\u00f3n de v\u00e1lvula de compuerta de cuatro pulgadas y cajas de v\u00e1lvulas con medidas interiores de 1.30 x 0.90 metros en tres piezas, el suministro y colocaci\u00f3n de 22 piezas especiales para tuber\u00eda, as\u00ed como la reparaci\u00f3n de 20 tuber\u00edas da\u00f1adas durante la ejecuci\u00f3n de la obra.<\/p>\n<p>Como parte del trabajo para dejar en buen estado la vialidad, refiri\u00f3 que tambi\u00e9n har\u00e1n el riego de liga a base de emulsi\u00f3n asf\u00e1ltica FR- 3 a raz\u00f3n de 0.79 lt\/m2 en 280 metros cuadrados y la carpeta de cinco cent\u00edmetros de espesor de concreto asf\u00e1ltico en 289 metros cuadrados.<\/p>\n<p>En presencia del ayudante municipal de Tetela del Monte, Roberto Rodr\u00edguez Quintero y pobladores interesados en esta obra, el director operativo del Sistema de Agua Potable y Alcantarillado de Cuernavaca (SAPAC), Dante Figueroa Castelar, confirm\u00f3 que durante la ejecuci\u00f3n de los trabajos no se quitar\u00e1 el agua potable, resaltando la importancia que tiene la obra para garantizar el abasto en la zona norte de la calle La Cruz, siendo una de las \u00e1reas m\u00e1s afectadas por la falta permanente del servicio, sobre todo en temporada de estiaje.<\/p>\n\n\t\t<style type=\"text\/css\">\n\t\t\t#gallery-1 {\n\t\t\t\tmargin: auto;\n\t\t\t}\n\t\t\t#gallery-1 .gallery-item {\n\t\t\t\tfloat: left;\n\t\t\t\tmargin-top: 10px;\n\t\t\t\ttext-align: center;\n\t\t\t\twidth: 33%;\n\t\t\t}\n\t\t\t#gallery-1 img {\n\t\t\t\tborder: 2px solid #cfcfcf;\n\t\t\t}\n\t\t\t#gallery-1 .gallery-caption {\n\t\t\t\tmargin-left: 0;\n\t\t\t}\n\t\t\t\/* see gallery_shortcode() in wp-includes\/media.php *\/\n\t\t<\/style>\n\t\t<div id='gallery-1' class='gallery galleryid-43398 gallery-columns-3 gallery-size-thumbnail'><dl class='gallery-item'>\n\t\t\t<dt class='gallery-icon landscape'>\n\t\t\t\t<a href='https:\/\/cuernavaca.gob.mx\/?attachment_id=43399'><img width=\"150\" height=\"150\" src=\"https:\/\/cuernavaca.gob.mx\/wp-content\/uploads\/2024\/08\/PONEN-EN-MARCHA-JOSE\u0301-LUIS-URIO\u0301STEGUI-OBRAS-DE-REHABILITACIO\u0301N-DE-LI\u0301NEAS-DE-CONDUCCIO\u0301N-DE-AGUA-POTABLE-EN-LA-PARTE-NORTE-DE-TETELA-DEL-MONTE-1-150x150.jpg\" class=\"attachment-thumbnail size-thumbnail\" alt=\"\" loading=\"lazy\" \/><\/a>\n\t\t\t<\/dt><\/dl><dl class='gallery-item'>\n\t\t\t<dt class='gallery-icon landscape'>\n\t\t\t\t<a href='https:\/\/cuernavaca.gob.mx\/?attachment_id=43400'><img width=\"150\" height=\"150\" src=\"https:\/\/cuernavaca.gob.mx\/wp-content\/uploads\/2024\/08\/PONEN-EN-MARCHA-JOSE\u0301-LUIS-URIO\u0301STEGUI-OBRAS-DE-REHABILITACIO\u0301N-DE-LI\u0301NEAS-DE-CONDUCCIO\u0301N-DE-AGUA-POTABLE-EN-LA-PARTE-NORTE-DE-TETELA-DEL-MONTE-2-150x150.jpg\" class=\"attachment-thumbnail size-thumbnail\" alt=\"\" loading=\"lazy\" \/><\/a>\n\t\t\t<\/dt><\/dl><dl class='gallery-item'>\n\t\t\t<dt class='gallery-icon landscape'>\n\t\t\t\t<a href='https:\/\/cuernavaca.gob.mx\/?attachment_id=43401'><img width=\"150\" height=\"150\" src=\"https:\/\/cuernavaca.gob.mx\/wp-content\/uploads\/2024\/08\/PONEN-EN-MARCHA-JOSE\u0301-LUIS-URIO\u0301STEGUI-OBRAS-DE-REHABILITACIO\u0301N-DE-LI\u0301NEAS-DE-CONDUCCIO\u0301N-DE-AGUA-POTABLE-EN-LA-PARTE-NORTE-DE-TETELA-DEL-MONTE-3-150x150.jpg\" class=\"attachment-thumbnail size-thumbnail\" alt=\"\" loading=\"lazy\" \/><\/a>\n\t\t\t<\/dt><\/dl><br style=\"clear: both\" \/><dl class='gallery-item'>\n\t\t\t<dt class='gallery-icon landscape'>\n\t\t\t\t<a href='https:\/\/cuernavaca.gob.mx\/?attachment_id=43402'><img width=\"150\" height=\"150\" src=\"https:\/\/cuernavaca.gob.mx\/wp-content\/uploads\/2024\/08\/PONEN-EN-MARCHA-JOSE\u0301-LUIS-URIO\u0301STEGUI-OBRAS-DE-REHABILITACIO\u0301N-DE-LI\u0301NEAS-DE-CONDUCCIO\u0301N-DE-AGUA-POTABLE-EN-LA-PARTE-NORTE-DE-TETELA-DEL-MONTE-4-150x150.jpg\" class=\"attachment-thumbnail size-thumbnail\" alt=\"\" loading=\"lazy\" \/><\/a>\n\t\t\t<\/dt><\/dl><dl class='gallery-item'>\n\t\t\t<dt class='gallery-icon landscape'>\n\t\t\t\t<a href='https:\/\/cuernavaca.gob.mx\/?attachment_id=43403'><img width=\"150\" height=\"150\" src=\"https:\/\/cuernavaca.gob.mx\/wp-content\/uploads\/2024\/08\/PONEN-EN-MARCHA-JOSE\u0301-LUIS-URIO\u0301STEGUI-OBRAS-DE-REHABILITACIO\u0301N-DE-LI\u0301NEAS-DE-CONDUCCIO\u0301N-DE-AGUA-POTABLE-EN-LA-PARTE-NORTE-DE-TETELA-DEL-MONTE-5-150x150.jpg\" class=\"attachment-thumbnail size-thumbnail\" alt=\"\" loading=\"lazy\" \/><\/a>\n\t\t\t<\/dt><\/dl>\n\t\t\t<br style='clear: both' \/>\n\t\t<\/div>\n\n","protected":false},"excerpt":{"rendered":"<p>\u2022 El presidente municipal de Cuernavaca y pobladores conocieron los detalles t\u00e9cnicos y fechas del proceso que estar\u00e1 bajo la coordinaci\u00f3n de la Secretar\u00eda de Desarrollo Urbano y Obras P\u00fablicas \u2022 Los trabajos se centrar\u00e1n en la introducci\u00f3n de una nueva l\u00ednea de agua potable en calle La Cruz Como parte de las acciones que [&hellip;]<\/p>\n","protected":false},"author":1,"featured_media":43402,"comment_status":"closed","ping_status":"open","sticky":false,"template":"","format":"standard","meta":[],"categories":[18],"tags":[615,916,121,515,120,206,1075,213,127],"aioseo_notices":[],"_links":{"self":[{"href":"https:\/\/cuernavaca.gob.mx\/index.php?rest_route=\/wp\/v2\/posts\/43398"}],"collection":[{"href":"https:\/\/cuernavaca.gob.mx\/index.php?rest_route=\/wp\/v2\/posts"}],"about":[{"href":"https:\/\/cuernavaca.gob.mx\/index.php?rest_route=\/wp\/v2\/types\/post"}],"author":[{"embeddable":true,"href":"https:\/\/cuernavaca.gob.mx\/index.php?rest_route=\/wp\/v2\/users\/1"}],"replies":[{"embeddable":true,"href":"https:\/\/cuernavaca.gob.mx\/index.php?rest_route=%2Fwp%2Fv2%2Fcomments&post=43398"}],"version-history":[{"count":1,"href":"https:\/\/cuernavaca.gob.mx\/index.php?rest_route=\/wp\/v2\/posts\/43398\/revisions"}],"predecessor-version":[{"id":43404,"href":"https:\/\/cuernavaca.gob.mx\/index.php?rest_route=\/wp\/v2\/posts\/43398\/revisions\/43404"}],"wp:featuredmedia":[{"embeddable":true,"href":"https:\/\/cuernavaca.gob.mx\/index.php?rest_route=\/wp\/v2\/media\/43402"}],"wp:attachment":[{"href":"https:\/\/cuernavaca.gob.mx\/index.php?rest_route=%2Fwp%2Fv2%2Fmedia&parent=43398"}],"wp:term":[{"taxonomy":"category","embeddable":true,"href":"https:\/\/cuernavaca.gob.mx\/index.php?rest_route=%2Fwp%2Fv2%2Fcategories&post=43398"},{"taxonomy":"post_tag","embeddable":true,"href":"https:\/\/cuernavaca.gob.mx\/index.php?rest_route=%2Fwp%2Fv2%2Ftags&post=43398"}],"curies":[{"name":"wp","href":"https:\/\/api.w.org\/{rel}","templated":true}]}}