{"id":43405,"date":"2024-08-24T14:00:35","date_gmt":"2024-08-24T20:00:35","guid":{"rendered":"https:\/\/cuernavaca.gob.mx\/?p=43405"},"modified":"2024-08-24T15:14:18","modified_gmt":"2024-08-24T21:14:18","slug":"f873-24708-24-cuernavaca-preservara-la-feria-tradicional-y-religiosa-de-tlaltenango-bajo-un-ambiente-familiar-y-de-sana-convivencia","status":"publish","type":"post","link":"https:\/\/cuernavaca.gob.mx\/?p=43405","title":{"rendered":"F873 24708\/24 CUERNAVACA PRESERVAR\u00c1 LA FERIA TRADICIONAL Y RELIGIOSA DE TLALTENANGO, BAJO UN AMBIENTE FAMILIAR Y DE SANA CONVIVENCIA"},"content":{"rendered":"<p>El presidente municipal de Cuernavaca, Jos\u00e9 Luis Uri\u00f3stegui Salgado, confirm\u00f3 que la ciudad se prepara para conmemorar el 304 aniversario de la Virgen de los Milagros con la Feria de Tlaltenango que del 01 al 10 de septiembre ofrecer\u00e1 una celebraci\u00f3n tradicional y religiosa, cien por ciento familiar donde no est\u00e1 permitida la venta de bebidas alcoh\u00f3licas, se privilegiar\u00e1 la venta de productos artesanales y comida originaria de los pueblos que cada a\u00f1o se congregan en esta fiesta.<\/p>\n<p>Jos\u00e9 Luis Uri\u00f3stegui reiter\u00f3 que esta festividad se apega a los usos y costumbres de los pueblos originarios de Cuernavaca, al resaltar que esta celebraci\u00f3n se ha llevado a cabo desde hace 304 a\u00f1os, incluso antes de que existiera la avenida que es una de las vialidades principales en la capital morelense, considerando que mantener las ra\u00edces y costumbres es fundamental para la identidad de las personas.<\/p>\n<p>Si bien la organizaci\u00f3n del evento est\u00e1 a cargo totalmente del Comit\u00e9 de Festejos de Tlaltenango, se\u00f1al\u00f3 que en el Ayuntamiento han procurado que los comerciantes y expositores que estar\u00e1n ofreciendo sus productos sean locales, aunque son bienvenidos todos aquellos que vienes de los estados de M\u00e9xico, Guerrero, Puebla y otros que cada a\u00f1o participan.<\/p>\n<p>Precis\u00f3 que el Gobierno Municipal a trav\u00e9s de la Coordinaci\u00f3n de Protecci\u00f3n Civil, Bomberos, la Polic\u00eda Vial y la Polic\u00eda Preventiva adscritas a la Secretar\u00eda de Protecci\u00f3n y Auxilio Ciudadano (SEPRAC) estar\u00e1n reforzando en las acciones para garantizar las condiciones de sana convivencia a los asistentes y expositores.<\/p>\n\n\t\t<style type=\"text\/css\">\n\t\t\t#gallery-1 {\n\t\t\t\tmargin: auto;\n\t\t\t}\n\t\t\t#gallery-1 .gallery-item {\n\t\t\t\tfloat: left;\n\t\t\t\tmargin-top: 10px;\n\t\t\t\ttext-align: center;\n\t\t\t\twidth: 33%;\n\t\t\t}\n\t\t\t#gallery-1 img {\n\t\t\t\tborder: 2px solid #cfcfcf;\n\t\t\t}\n\t\t\t#gallery-1 .gallery-caption {\n\t\t\t\tmargin-left: 0;\n\t\t\t}\n\t\t\t\/* see gallery_shortcode() in wp-includes\/media.php *\/\n\t\t<\/style>\n\t\t<div id='gallery-1' class='gallery galleryid-43405 gallery-columns-3 gallery-size-thumbnail'><dl class='gallery-item'>\n\t\t\t<dt class='gallery-icon portrait'>\n\t\t\t\t<a href='https:\/\/cuernavaca.gob.mx\/?attachment_id=43406'><img width=\"150\" height=\"150\" src=\"https:\/\/cuernavaca.gob.mx\/wp-content\/uploads\/2024\/08\/CUERNAVACA-PRESERVARA\u0301-LA-FERIA-TRADICIONAL-Y-RELIGIOSA-DE-TLALTENANGO-BAJO-UN-AMBIENTE-FAMILIAR-Y-DE-SANA-CONVIVENCIA-1-150x150.jpg\" class=\"attachment-thumbnail size-thumbnail\" alt=\"\" loading=\"lazy\" \/><\/a>\n\t\t\t<\/dt><\/dl><dl class='gallery-item'>\n\t\t\t<dt class='gallery-icon landscape'>\n\t\t\t\t<a href='https:\/\/cuernavaca.gob.mx\/?attachment_id=43407'><img width=\"150\" height=\"150\" src=\"https:\/\/cuernavaca.gob.mx\/wp-content\/uploads\/2024\/08\/CUERNAVACA-PRESERVARA\u0301-LA-FERIA-TRADICIONAL-Y-RELIGIOSA-DE-TLALTENANGO-BAJO-UN-AMBIENTE-FAMILIAR-Y-DE-SANA-CONVIVENCIA-2-150x150.jpg\" class=\"attachment-thumbnail size-thumbnail\" alt=\"\" loading=\"lazy\" \/><\/a>\n\t\t\t<\/dt><\/dl><dl class='gallery-item'>\n\t\t\t<dt class='gallery-icon landscape'>\n\t\t\t\t<a href='https:\/\/cuernavaca.gob.mx\/?attachment_id=43408'><img width=\"150\" height=\"150\" src=\"https:\/\/cuernavaca.gob.mx\/wp-content\/uploads\/2024\/08\/CUERNAVACA-PRESERVARA\u0301-LA-FERIA-TRADICIONAL-Y-RELIGIOSA-DE-TLALTENANGO-BAJO-UN-AMBIENTE-FAMILIAR-Y-DE-SANA-CONVIVENCIA-3-150x150.jpg\" class=\"attachment-thumbnail size-thumbnail\" alt=\"\" loading=\"lazy\" \/><\/a>\n\t\t\t<\/dt><\/dl><br style=\"clear: both\" \/><dl class='gallery-item'>\n\t\t\t<dt class='gallery-icon landscape'>\n\t\t\t\t<a href='https:\/\/cuernavaca.gob.mx\/?attachment_id=43409'><img width=\"150\" height=\"150\" src=\"https:\/\/cuernavaca.gob.mx\/wp-content\/uploads\/2024\/08\/CUERNAVACA-PRESERVARA\u0301-LA-FERIA-TRADICIONAL-Y-RELIGIOSA-DE-TLALTENANGO-BAJO-UN-AMBIENTE-FAMILIAR-Y-DE-SANA-CONVIVENCIA-4-150x150.jpg\" class=\"attachment-thumbnail size-thumbnail\" alt=\"\" loading=\"lazy\" \/><\/a>\n\t\t\t<\/dt><\/dl><dl class='gallery-item'>\n\t\t\t<dt class='gallery-icon landscape'>\n\t\t\t\t<a href='https:\/\/cuernavaca.gob.mx\/?attachment_id=43410'><img width=\"150\" height=\"150\" src=\"https:\/\/cuernavaca.gob.mx\/wp-content\/uploads\/2024\/08\/CUERNAVACA-PRESERVARA\u0301-LA-FERIA-TRADICIONAL-Y-RELIGIOSA-DE-TLALTENANGO-BAJO-UN-AMBIENTE-FAMILIAR-Y-DE-SANA-CONVIVENCIA-5-150x150.jpg\" class=\"attachment-thumbnail size-thumbnail\" alt=\"\" loading=\"lazy\" \/><\/a>\n\t\t\t<\/dt><\/dl>\n\t\t\t<br style='clear: both' \/>\n\t\t<\/div>\n\n<p>&nbsp;<\/p>\n","protected":false},"excerpt":{"rendered":"<p>El presidente municipal de Cuernavaca, Jos\u00e9 Luis Uri\u00f3stegui Salgado, confirm\u00f3 que la ciudad se prepara para conmemorar el 304 aniversario de la Virgen de los Milagros con la Feria de Tlaltenango que del 01 al 10 de septiembre ofrecer\u00e1 una celebraci\u00f3n tradicional y religiosa, cien por ciento familiar donde no est\u00e1 permitida la venta de [&hellip;]<\/p>\n","protected":false},"author":1,"featured_media":43406,"comment_status":"closed","ping_status":"open","sticky":false,"template":"","format":"standard","meta":[],"categories":[21],"tags":[121,413,1071,120,206,127,427,1401],"aioseo_notices":[],"_links":{"self":[{"href":"https:\/\/cuernavaca.gob.mx\/index.php?rest_route=\/wp\/v2\/posts\/43405"}],"collection":[{"href":"https:\/\/cuernavaca.gob.mx\/index.php?rest_route=\/wp\/v2\/posts"}],"about":[{"href":"https:\/\/cuernavaca.gob.mx\/index.php?rest_route=\/wp\/v2\/types\/post"}],"author":[{"embeddable":true,"href":"https:\/\/cuernavaca.gob.mx\/index.php?rest_route=\/wp\/v2\/users\/1"}],"replies":[{"embeddable":true,"href":"https:\/\/cuernavaca.gob.mx\/index.php?rest_route=%2Fwp%2Fv2%2Fcomments&post=43405"}],"version-history":[{"count":1,"href":"https:\/\/cuernavaca.gob.mx\/index.php?rest_route=\/wp\/v2\/posts\/43405\/revisions"}],"predecessor-version":[{"id":43411,"href":"https:\/\/cuernavaca.gob.mx\/index.php?rest_route=\/wp\/v2\/posts\/43405\/revisions\/43411"}],"wp:featuredmedia":[{"embeddable":true,"href":"https:\/\/cuernavaca.gob.mx\/index.php?rest_route=\/wp\/v2\/media\/43406"}],"wp:attachment":[{"href":"https:\/\/cuernavaca.gob.mx\/index.php?rest_route=%2Fwp%2Fv2%2Fmedia&parent=43405"}],"wp:term":[{"taxonomy":"category","embeddable":true,"href":"https:\/\/cuernavaca.gob.mx\/index.php?rest_route=%2Fwp%2Fv2%2Fcategories&post=43405"},{"taxonomy":"post_tag","embeddable":true,"href":"https:\/\/cuernavaca.gob.mx\/index.php?rest_route=%2Fwp%2Fv2%2Ftags&post=43405"}],"curies":[{"name":"wp","href":"https:\/\/api.w.org\/{rel}","templated":true}]}}