{"id":43412,"date":"2024-08-25T14:38:06","date_gmt":"2024-08-25T20:38:06","guid":{"rendered":"https:\/\/cuernavaca.gob.mx\/?p=43412"},"modified":"2024-08-25T14:38:06","modified_gmt":"2024-08-25T20:38:06","slug":"b1918-25-08-24-entrega-jose-luis-uriostegui-la-rehabilitacion-de-rejilla-pluvial-en-la-colonia-antonio-barona-que-evitara-inundaciones","status":"publish","type":"post","link":"https:\/\/cuernavaca.gob.mx\/?p=43412","title":{"rendered":"B1918 25\/08\/24 ENTREGA JOS\u00c9 LUIS URI\u00d3STEGUI LA REHABILITACI\u00d3N DE REJILLA PLUVIAL EN LA COLONIA ANTONIO BARONA QUE EVITAR\u00c1 INUNDACIONES"},"content":{"rendered":"<p><strong>\u2022 En atenci\u00f3n a peticiones ciudadanas, el presidente municipal y regidores inauguraron esta obra que se encuentra en la calle Emiliano Zapata frente a la glorieta de Las Cazuelas<\/strong><\/p>\n<p>Con el fin de reducir un riesgo latente a la integridad de vecinos, peatones y automovilistas, el Ayuntamiento de Cuernavaca invirti\u00f3 439 mil 993.60 pesos del Fondo de Aportaciones para la Infraestructura Social Municipal (FAISMUN) a la rehabilitaci\u00f3n de la rejilla pluvial de la calle Emiliano Zapata cerca de la glorieta de Las Cazuelas en la colonia Antonio Barona que ante el deterioro que registraba por la falta de mantenimiento en pasadas autoridades, se suscitaban inundaciones permanentes durante la temporada de lluvias.<\/p>\n<p>En la inauguraci\u00f3n de los trabajos, el presidente municipal de Cuernavaca, Jos\u00e9 Luis Uri\u00f3stegui Salgado, destac\u00f3 que estos trabajos se suman a una serie de actividades de mejoramiento urbano que han priorizado desde el inicio de la administraci\u00f3n con apoyo del Congreso del Estado para transformar a esta emblem\u00e1tica colonia con obras de rehabilitaci\u00f3n, no solo del pavimento, sino tambi\u00e9n del drenaje sanitario y de l\u00edneas de agua, as\u00ed como la construcci\u00f3n de techumbres en instituciones educativas y espacios p\u00fablicos que la comunidad ha solicitado, coadyuvando as\u00ed a mejorar su calidad de vida.<\/p>\n<p>Al explicar los trabajos realizados, el secretario de Desarrollo Urbano y Obras P\u00fablicas, Demetrio Chavira de la Torre, dijo que en un periodo de 30 d\u00edas naturales cambiaron la rejilla pluvial met\u00e1lica en zona de tr\u00e1fico en 7.20 metros lineales, para lo cual hicieron la base de mejoramiento del terreno con material de banco en 29.13 metros c\u00fabicos y finalmente el pavimento de 15 cent\u00edmetros de espesor de concreto premezclado con una resistencia de 250 kg\/cm2, estando a cargo el Sistema de Agua Potable y Alcantarillado de Cuernavaca (SAPAC) del desazolve peri\u00f3dico.<\/p>\n<p>A nombre del Cabildo, los regidores Patricia Torres Rosales y Fernando Carrillo Alvarado, celebraron los resultados que la administraci\u00f3n municipal sigue dando para atender obras que no son menores, si se necesitan y se requer\u00edan desde hace varios a\u00f1os por la poblaci\u00f3n, apost\u00e1ndole a resolver problem\u00e1ticas de anta\u00f1o en materia de agua potable que ha sido un problema hist\u00f3rico en la ciudad.<\/p>\n<p>En representaci\u00f3n de los beneficiarios, Malena Cabrera y Jorge Prado, coincidieron en el agradecimiento al Ayuntamiento de Cuernavaca encabezado por Jos\u00e9 Luis Uri\u00f3stegui, quien, si bien recibi\u00f3 una administraci\u00f3n muy complicada en materia financiera, con esfuerzo, capacitaci\u00f3n y voluntad ha hecho posible lo que otros no hab\u00edan querido, por lo que esperan otros tres a\u00f1os de mucho trabajo bajo su liderazgo.<\/p>\n<p>Cabe mencionar que en el corte del list\u00f3n estuvieron presentes la regidora Mireya Delgado Romero, los diputados locales, \u00d3scar Cano Mondrag\u00f3n y \u00c1ngel Adame Jim\u00e9nez; la titular de la Delegaci\u00f3n Antonio Barona Rojas, Silvia D\u00edaz Licea; el secretario t\u00e9cnico del COPLADEMUN, Jonathan Garc\u00eda Salazar y vecinos que fueron los invitados de honor.<\/p>\n\n\t\t<style type=\"text\/css\">\n\t\t\t#gallery-1 {\n\t\t\t\tmargin: auto;\n\t\t\t}\n\t\t\t#gallery-1 .gallery-item {\n\t\t\t\tfloat: left;\n\t\t\t\tmargin-top: 10px;\n\t\t\t\ttext-align: center;\n\t\t\t\twidth: 33%;\n\t\t\t}\n\t\t\t#gallery-1 img {\n\t\t\t\tborder: 2px solid #cfcfcf;\n\t\t\t}\n\t\t\t#gallery-1 .gallery-caption {\n\t\t\t\tmargin-left: 0;\n\t\t\t}\n\t\t\t\/* see gallery_shortcode() in wp-includes\/media.php *\/\n\t\t<\/style>\n\t\t<div id='gallery-1' class='gallery galleryid-43412 gallery-columns-3 gallery-size-thumbnail'><dl class='gallery-item'>\n\t\t\t<dt class='gallery-icon landscape'>\n\t\t\t\t<a href='https:\/\/cuernavaca.gob.mx\/?attachment_id=43413'><img width=\"150\" height=\"150\" src=\"https:\/\/cuernavaca.gob.mx\/wp-content\/uploads\/2024\/08\/ENTREGA-JOSE\u0301-LUIS-URIO\u0301STEGUI-LA-REHABILITACIO\u0301N-DE-REJILLA-PLUVIAL-EN-LA-COLONIA-ANTONIO-BARONA-QUE-EVITARA\u0301-INUNDACIONES-1-150x150.jpg\" class=\"attachment-thumbnail size-thumbnail\" alt=\"\" loading=\"lazy\" \/><\/a>\n\t\t\t<\/dt><\/dl><dl class='gallery-item'>\n\t\t\t<dt class='gallery-icon landscape'>\n\t\t\t\t<a href='https:\/\/cuernavaca.gob.mx\/?attachment_id=43414'><img width=\"150\" height=\"150\" src=\"https:\/\/cuernavaca.gob.mx\/wp-content\/uploads\/2024\/08\/ENTREGA-JOSE\u0301-LUIS-URIO\u0301STEGUI-LA-REHABILITACIO\u0301N-DE-REJILLA-PLUVIAL-EN-LA-COLONIA-ANTONIO-BARONA-QUE-EVITARA\u0301-INUNDACIONES-2-150x150.jpg\" class=\"attachment-thumbnail size-thumbnail\" alt=\"\" loading=\"lazy\" \/><\/a>\n\t\t\t<\/dt><\/dl><dl class='gallery-item'>\n\t\t\t<dt class='gallery-icon landscape'>\n\t\t\t\t<a href='https:\/\/cuernavaca.gob.mx\/?attachment_id=43415'><img width=\"150\" height=\"150\" src=\"https:\/\/cuernavaca.gob.mx\/wp-content\/uploads\/2024\/08\/ENTREGA-JOSE\u0301-LUIS-URIO\u0301STEGUI-LA-REHABILITACIO\u0301N-DE-REJILLA-PLUVIAL-EN-LA-COLONIA-ANTONIO-BARONA-QUE-EVITARA\u0301-INUNDACIONES-3-150x150.jpg\" class=\"attachment-thumbnail size-thumbnail\" alt=\"\" loading=\"lazy\" \/><\/a>\n\t\t\t<\/dt><\/dl><br style=\"clear: both\" \/><dl class='gallery-item'>\n\t\t\t<dt class='gallery-icon landscape'>\n\t\t\t\t<a href='https:\/\/cuernavaca.gob.mx\/?attachment_id=43416'><img width=\"150\" height=\"150\" src=\"https:\/\/cuernavaca.gob.mx\/wp-content\/uploads\/2024\/08\/ENTREGA-JOSE\u0301-LUIS-URIO\u0301STEGUI-LA-REHABILITACIO\u0301N-DE-REJILLA-PLUVIAL-EN-LA-COLONIA-ANTONIO-BARONA-QUE-EVITARA\u0301-INUNDACIONES-4-150x150.jpg\" class=\"attachment-thumbnail size-thumbnail\" alt=\"\" loading=\"lazy\" \/><\/a>\n\t\t\t<\/dt><\/dl><dl class='gallery-item'>\n\t\t\t<dt class='gallery-icon landscape'>\n\t\t\t\t<a href='https:\/\/cuernavaca.gob.mx\/?attachment_id=43417'><img width=\"150\" height=\"150\" src=\"https:\/\/cuernavaca.gob.mx\/wp-content\/uploads\/2024\/08\/ENTREGA-JOSE\u0301-LUIS-URIO\u0301STEGUI-LA-REHABILITACIO\u0301N-DE-REJILLA-PLUVIAL-EN-LA-COLONIA-ANTONIO-BARONA-QUE-EVITARA\u0301-INUNDACIONES-5-150x150.jpg\" class=\"attachment-thumbnail size-thumbnail\" alt=\"\" loading=\"lazy\" \/><\/a>\n\t\t\t<\/dt><\/dl><dl class='gallery-item'>\n\t\t\t<dt class='gallery-icon landscape'>\n\t\t\t\t<a href='https:\/\/cuernavaca.gob.mx\/?attachment_id=43418'><img width=\"150\" height=\"150\" src=\"https:\/\/cuernavaca.gob.mx\/wp-content\/uploads\/2024\/08\/ENTREGA-JOSE\u0301-LUIS-URIO\u0301STEGUI-LA-REHABILITACIO\u0301N-DE-REJILLA-PLUVIAL-EN-LA-COLONIA-ANTONIO-BARONA-QUE-EVITARA\u0301-INUNDACIONES-6-150x150.jpg\" class=\"attachment-thumbnail size-thumbnail\" alt=\"\" loading=\"lazy\" \/><\/a>\n\t\t\t<\/dt><\/dl><br style=\"clear: both\" \/><dl class='gallery-item'>\n\t\t\t<dt class='gallery-icon landscape'>\n\t\t\t\t<a href='https:\/\/cuernavaca.gob.mx\/?attachment_id=43419'><img width=\"150\" height=\"150\" src=\"https:\/\/cuernavaca.gob.mx\/wp-content\/uploads\/2024\/08\/ENTREGA-JOSE\u0301-LUIS-URIO\u0301STEGUI-LA-REHABILITACIO\u0301N-DE-REJILLA-PLUVIAL-EN-LA-COLONIA-ANTONIO-BARONA-QUE-EVITARA\u0301-INUNDACIONES-7-150x150.jpg\" class=\"attachment-thumbnail size-thumbnail\" alt=\"\" loading=\"lazy\" \/><\/a>\n\t\t\t<\/dt><\/dl><dl class='gallery-item'>\n\t\t\t<dt class='gallery-icon landscape'>\n\t\t\t\t<a href='https:\/\/cuernavaca.gob.mx\/?attachment_id=43420'><img width=\"150\" height=\"150\" src=\"https:\/\/cuernavaca.gob.mx\/wp-content\/uploads\/2024\/08\/ENTREGA-JOSE\u0301-LUIS-URIO\u0301STEGUI-LA-REHABILITACIO\u0301N-DE-REJILLA-PLUVIAL-EN-LA-COLONIA-ANTONIO-BARONA-QUE-EVITARA\u0301-INUNDACIONES-8-150x150.jpg\" class=\"attachment-thumbnail size-thumbnail\" alt=\"\" loading=\"lazy\" \/><\/a>\n\t\t\t<\/dt><\/dl>\n\t\t\t<br style='clear: both' \/>\n\t\t<\/div>\n\n","protected":false},"excerpt":{"rendered":"<p>\u2022 En atenci\u00f3n a peticiones ciudadanas, el presidente municipal y regidores inauguraron esta obra que se encuentra en la calle Emiliano Zapata frente a la glorieta de Las Cazuelas Con el fin de reducir un riesgo latente a la integridad de vecinos, peatones y automovilistas, el Ayuntamiento de Cuernavaca invirti\u00f3 439 mil 993.60 pesos del [&hellip;]<\/p>\n","protected":false},"author":1,"featured_media":43420,"comment_status":"closed","ping_status":"open","sticky":false,"template":"","format":"standard","meta":[],"categories":[18],"tags":[2368,916,121,515,120,1044,206,213,127,1733,3779],"aioseo_notices":[],"_links":{"self":[{"href":"https:\/\/cuernavaca.gob.mx\/index.php?rest_route=\/wp\/v2\/posts\/43412"}],"collection":[{"href":"https:\/\/cuernavaca.gob.mx\/index.php?rest_route=\/wp\/v2\/posts"}],"about":[{"href":"https:\/\/cuernavaca.gob.mx\/index.php?rest_route=\/wp\/v2\/types\/post"}],"author":[{"embeddable":true,"href":"https:\/\/cuernavaca.gob.mx\/index.php?rest_route=\/wp\/v2\/users\/1"}],"replies":[{"embeddable":true,"href":"https:\/\/cuernavaca.gob.mx\/index.php?rest_route=%2Fwp%2Fv2%2Fcomments&post=43412"}],"version-history":[{"count":1,"href":"https:\/\/cuernavaca.gob.mx\/index.php?rest_route=\/wp\/v2\/posts\/43412\/revisions"}],"predecessor-version":[{"id":43421,"href":"https:\/\/cuernavaca.gob.mx\/index.php?rest_route=\/wp\/v2\/posts\/43412\/revisions\/43421"}],"wp:featuredmedia":[{"embeddable":true,"href":"https:\/\/cuernavaca.gob.mx\/index.php?rest_route=\/wp\/v2\/media\/43420"}],"wp:attachment":[{"href":"https:\/\/cuernavaca.gob.mx\/index.php?rest_route=%2Fwp%2Fv2%2Fmedia&parent=43412"}],"wp:term":[{"taxonomy":"category","embeddable":true,"href":"https:\/\/cuernavaca.gob.mx\/index.php?rest_route=%2Fwp%2Fv2%2Fcategories&post=43412"},{"taxonomy":"post_tag","embeddable":true,"href":"https:\/\/cuernavaca.gob.mx\/index.php?rest_route=%2Fwp%2Fv2%2Ftags&post=43412"}],"curies":[{"name":"wp","href":"https:\/\/api.w.org\/{rel}","templated":true}]}}