{"id":43422,"date":"2024-08-25T15:11:31","date_gmt":"2024-08-25T21:11:31","guid":{"rendered":"https:\/\/cuernavaca.gob.mx\/?p=43422"},"modified":"2024-08-25T15:11:31","modified_gmt":"2024-08-25T21:11:31","slug":"f872-25-08-24-bajo-las-bases-de-austeridad-transparencia-y-eficacia-en-el-manejo-de-los-recursos-publicos-inicio-la-revision-del-presupuesto-de-egresos-2025-para-cuernavaca","status":"publish","type":"post","link":"https:\/\/cuernavaca.gob.mx\/?p=43422","title":{"rendered":"F872 25\/08\/24 BAJO LAS BASES DE AUSTERIDAD, TRANSPARENCIA Y EFICACIA EN EL MANEJO DE LOS RECURSOS P\u00daBLICOS, INICIO LA REVISI\u00d3N DEL PRESUPUESTO DE EGRESOS 2025 PARA CUERNAVACA"},"content":{"rendered":"<p>El Ayuntamiento de Cuernavaca, a trav\u00e9s de la Comisi\u00f3n de Hacienda, Programaci\u00f3n y Presupuesto, ha iniciado con las reuniones de trabajo para la elaboraci\u00f3n de la propuesta del Presupuesto de Egresos 2025, privilegiando que la pr\u00f3xima administraci\u00f3n tome en cuenta el sello que ha caracterizado a este Gobierno Municipal en materia de eficiencia presupuestal, transparencia, eficacia y austeridad, dando continuidad a distintos programas que han incidido en reconstruir la ciudad y mejorar la calidad de vida de la poblaci\u00f3n.<\/p>\n<p>Encabezados por el regidor Adri\u00e1n Mart\u00ednez Terrazas, presidente del cuerpo colegiado, las regidoras Paz Hern\u00e1ndez Pardo, Wendi Salinas Ruiz y Mireya Delgado Romero, as\u00ed como las representaciones de los regidores Patricia Torres Rosales y Debendrenath Salazar Solorio, fueron informados sobre los planteamientos y necesidades expuestos por las distintas \u00e1reas municipales a Tesorer\u00eda para considerar en el paquete presupuestal del pr\u00f3ximo a\u00f1o.<\/p>\n<p>En este sentido, el regidor Adri\u00e1n Mart\u00ednez, consider\u00f3 fundamental establecer la continuidad de diversos programas sociales que el Gobierno de Jos\u00e9 Luis Uri\u00f3stegui Salgado, logr\u00f3 consolidar y se podr\u00eda darle continuidad en la siguiente administraci\u00f3n, mejorando su operatividad y su financiamiento.<\/p>\n<p>En esta reuni\u00f3n se cont\u00f3 con la presencia de los titulares y representantes de las Secretar\u00edas del Ayuntamiento, de Protecci\u00f3n y Auxilio Ciudadano (SEPRAC), de Desarrollo Humano y Participaci\u00f3n Social, de Desarrollo Sustentable y Servicios P\u00fablicos, de Desarrollo Econ\u00f3mico y Turismo, de Administraci\u00f3n, de Desarrollo Urbano y Obras P\u00fablicas, de la Tesorer\u00eda Municipal, la Contralor\u00eda y Sindicatura.<\/p>\n\n\t\t<style type=\"text\/css\">\n\t\t\t#gallery-1 {\n\t\t\t\tmargin: auto;\n\t\t\t}\n\t\t\t#gallery-1 .gallery-item {\n\t\t\t\tfloat: left;\n\t\t\t\tmargin-top: 10px;\n\t\t\t\ttext-align: center;\n\t\t\t\twidth: 33%;\n\t\t\t}\n\t\t\t#gallery-1 img {\n\t\t\t\tborder: 2px solid #cfcfcf;\n\t\t\t}\n\t\t\t#gallery-1 .gallery-caption {\n\t\t\t\tmargin-left: 0;\n\t\t\t}\n\t\t\t\/* see gallery_shortcode() in wp-includes\/media.php *\/\n\t\t<\/style>\n\t\t<div id='gallery-1' class='gallery galleryid-43422 gallery-columns-3 gallery-size-thumbnail'><dl class='gallery-item'>\n\t\t\t<dt class='gallery-icon landscape'>\n\t\t\t\t<a href='https:\/\/cuernavaca.gob.mx\/?attachment_id=43423'><img width=\"150\" height=\"150\" src=\"https:\/\/cuernavaca.gob.mx\/wp-content\/uploads\/2024\/08\/BAJO-LAS-BASES-DE-AUSTERIDAD-TRANSPARENCIA-Y-EFICACIA-EN-EL-MANEJO-DE-LOS-RECURSOS-PU\u0301BLICOS-INICIO-LA-REVISIO\u0301N-DEL-PRESUPUESTO-DE-EGRESOS-2025-PARA-CUERNAVACA-1-150x150.jpg\" class=\"attachment-thumbnail size-thumbnail\" alt=\"\" loading=\"lazy\" \/><\/a>\n\t\t\t<\/dt><\/dl><dl class='gallery-item'>\n\t\t\t<dt class='gallery-icon landscape'>\n\t\t\t\t<a href='https:\/\/cuernavaca.gob.mx\/?attachment_id=43424'><img width=\"150\" height=\"150\" src=\"https:\/\/cuernavaca.gob.mx\/wp-content\/uploads\/2024\/08\/BAJO-LAS-BASES-DE-AUSTERIDAD-TRANSPARENCIA-Y-EFICACIA-EN-EL-MANEJO-DE-LOS-RECURSOS-PU\u0301BLICOS-INICIO-LA-REVISIO\u0301N-DEL-PRESUPUESTO-DE-EGRESOS-2025-PARA-CUERNAVACA-2-150x150.jpg\" class=\"attachment-thumbnail size-thumbnail\" alt=\"\" loading=\"lazy\" \/><\/a>\n\t\t\t<\/dt><\/dl><dl class='gallery-item'>\n\t\t\t<dt class='gallery-icon landscape'>\n\t\t\t\t<a href='https:\/\/cuernavaca.gob.mx\/?attachment_id=43425'><img width=\"150\" height=\"150\" src=\"https:\/\/cuernavaca.gob.mx\/wp-content\/uploads\/2024\/08\/BAJO-LAS-BASES-DE-AUSTERIDAD-TRANSPARENCIA-Y-EFICACIA-EN-EL-MANEJO-DE-LOS-RECURSOS-PU\u0301BLICOS-INICIO-LA-REVISIO\u0301N-DEL-PRESUPUESTO-DE-EGRESOS-2025-PARA-CUERNAVACA-3-150x150.jpg\" class=\"attachment-thumbnail size-thumbnail\" alt=\"\" loading=\"lazy\" \/><\/a>\n\t\t\t<\/dt><\/dl><br style=\"clear: both\" \/><dl class='gallery-item'>\n\t\t\t<dt class='gallery-icon landscape'>\n\t\t\t\t<a href='https:\/\/cuernavaca.gob.mx\/?attachment_id=43426'><img width=\"150\" height=\"150\" src=\"https:\/\/cuernavaca.gob.mx\/wp-content\/uploads\/2024\/08\/BAJO-LAS-BASES-DE-AUSTERIDAD-TRANSPARENCIA-Y-EFICACIA-EN-EL-MANEJO-DE-LOS-RECURSOS-PU\u0301BLICOS-INICIO-LA-REVISIO\u0301N-DEL-PRESUPUESTO-DE-EGRESOS-2025-PARA-CUERNAVACA-4-150x150.jpg\" class=\"attachment-thumbnail size-thumbnail\" alt=\"\" loading=\"lazy\" \/><\/a>\n\t\t\t<\/dt><\/dl><dl class='gallery-item'>\n\t\t\t<dt class='gallery-icon landscape'>\n\t\t\t\t<a href='https:\/\/cuernavaca.gob.mx\/?attachment_id=43427'><img width=\"150\" height=\"150\" src=\"https:\/\/cuernavaca.gob.mx\/wp-content\/uploads\/2024\/08\/BAJO-LAS-BASES-DE-AUSTERIDAD-TRANSPARENCIA-Y-EFICACIA-EN-EL-MANEJO-DE-LOS-RECURSOS-PU\u0301BLICOS-INICIO-LA-REVISIO\u0301N-DEL-PRESUPUESTO-DE-EGRESOS-2025-PARA-CUERNAVACA-5-150x150.jpg\" class=\"attachment-thumbnail size-thumbnail\" alt=\"\" loading=\"lazy\" \/><\/a>\n\t\t\t<\/dt><\/dl><dl class='gallery-item'>\n\t\t\t<dt class='gallery-icon landscape'>\n\t\t\t\t<a href='https:\/\/cuernavaca.gob.mx\/?attachment_id=43428'><img width=\"150\" height=\"150\" src=\"https:\/\/cuernavaca.gob.mx\/wp-content\/uploads\/2024\/08\/BAJO-LAS-BASES-DE-AUSTERIDAD-TRANSPARENCIA-Y-EFICACIA-EN-EL-MANEJO-DE-LOS-RECURSOS-PU\u0301BLICOS-INICIO-LA-REVISIO\u0301N-DEL-PRESUPUESTO-DE-EGRESOS-2025-PARA-CUERNAVACA-6-150x150.jpg\" class=\"attachment-thumbnail size-thumbnail\" alt=\"\" loading=\"lazy\" \/><\/a>\n\t\t\t<\/dt><\/dl><br style=\"clear: both\" \/>\n\t\t<\/div>\n\n","protected":false},"excerpt":{"rendered":"<p>El Ayuntamiento de Cuernavaca, a trav\u00e9s de la Comisi\u00f3n de Hacienda, Programaci\u00f3n y Presupuesto, ha iniciado con las reuniones de trabajo para la elaboraci\u00f3n de la propuesta del Presupuesto de Egresos 2025, privilegiando que la pr\u00f3xima administraci\u00f3n tome en cuenta el sello que ha caracterizado a este Gobierno Municipal en materia de eficiencia presupuestal, transparencia, [&hellip;]<\/p>\n","protected":false},"author":1,"featured_media":43424,"comment_status":"closed","ping_status":"open","sticky":false,"template":"","format":"standard","meta":[],"categories":[20],"tags":[121,2424,120,206,127,2096,2883],"aioseo_notices":[],"_links":{"self":[{"href":"https:\/\/cuernavaca.gob.mx\/index.php?rest_route=\/wp\/v2\/posts\/43422"}],"collection":[{"href":"https:\/\/cuernavaca.gob.mx\/index.php?rest_route=\/wp\/v2\/posts"}],"about":[{"href":"https:\/\/cuernavaca.gob.mx\/index.php?rest_route=\/wp\/v2\/types\/post"}],"author":[{"embeddable":true,"href":"https:\/\/cuernavaca.gob.mx\/index.php?rest_route=\/wp\/v2\/users\/1"}],"replies":[{"embeddable":true,"href":"https:\/\/cuernavaca.gob.mx\/index.php?rest_route=%2Fwp%2Fv2%2Fcomments&post=43422"}],"version-history":[{"count":1,"href":"https:\/\/cuernavaca.gob.mx\/index.php?rest_route=\/wp\/v2\/posts\/43422\/revisions"}],"predecessor-version":[{"id":43429,"href":"https:\/\/cuernavaca.gob.mx\/index.php?rest_route=\/wp\/v2\/posts\/43422\/revisions\/43429"}],"wp:featuredmedia":[{"embeddable":true,"href":"https:\/\/cuernavaca.gob.mx\/index.php?rest_route=\/wp\/v2\/media\/43424"}],"wp:attachment":[{"href":"https:\/\/cuernavaca.gob.mx\/index.php?rest_route=%2Fwp%2Fv2%2Fmedia&parent=43422"}],"wp:term":[{"taxonomy":"category","embeddable":true,"href":"https:\/\/cuernavaca.gob.mx\/index.php?rest_route=%2Fwp%2Fv2%2Fcategories&post=43422"},{"taxonomy":"post_tag","embeddable":true,"href":"https:\/\/cuernavaca.gob.mx\/index.php?rest_route=%2Fwp%2Fv2%2Ftags&post=43422"}],"curies":[{"name":"wp","href":"https:\/\/api.w.org\/{rel}","templated":true}]}}