{"id":43430,"date":"2024-08-26T12:00:55","date_gmt":"2024-08-26T18:00:55","guid":{"rendered":"https:\/\/cuernavaca.gob.mx\/?p=43430"},"modified":"2024-08-26T12:49:47","modified_gmt":"2024-08-26T18:49:47","slug":"b1918-26-08-24-da-la-bienvenida-jose-luis-uriostegui-a-alumnos-y-educadores-que-este-lunes-iniciaron-el-nuevo-ciclo-escolar-2024-2025-en-cuernavaca","status":"publish","type":"post","link":"https:\/\/cuernavaca.gob.mx\/?p=43430","title":{"rendered":"B1918 26\/08\/24 DA LA BIENVENIDA JOS\u00c9 LUIS URI\u00d3STEGUI A ALUMNOS Y EDUCADORES QUE ESTE LUNES INICIARON EL NUEVO CICLO ESCOLAR 2024- 2025 EN CUERNAVACA"},"content":{"rendered":"<p><strong>\u2022 El presidente municipal encabez\u00f3 este lunes el ciclo escolar 2024- 2025 en la Escuela Primaria \u201cEj\u00e9rcito Mexicano\u201d<\/strong><\/p>\n<p><strong>\u2022 Resalt\u00f3 el esfuerzo que realizan madres y padres de familia, a quienes conmin\u00f3 a seguirse sumando a las diversas acciones para que la ciudad de Cuernavaca recupere su esplendor<\/strong><\/p>\n<p>El presidente municipal de Cuernavaca, Jos\u00e9 Luis Uri\u00f3stegui Salgado, encabez\u00f3 este lunes el ciclo escolar 2024- 2025 en la Escuela Primaria \u201cEj\u00e9rcito Mexicano\u201d, donde deseo \u00e9xito a los estudiantes, personal docente, madres y padres de familia, a quienes les pidi\u00f3 que mantengan el mismo entusiasmo con el que arrancan este proyecto, trabajando con disciplina para convertirse en ciudadanos ejemplares tal y como lo requiere la capital morelense.<\/p>\n<p>A invitaci\u00f3n de la directora, Sandra Adelina Pinz\u00f3n S\u00e1nchez, el alcalde de Cuernavaca, manifest\u00f3 su orgullo de estar presente en este momento tan importante, observando la disciplina con la que se conducen y saber que los conocimientos que est\u00e1n adquiriendo y la cultura que van a absorber en la primaria y en sus hogares los convertir\u00e1 en mejores ciudadanos; resalt\u00f3 el esfuerzo que realizan madres y padres de familia, a quienes conmin\u00f3 a seguirse sumando a las diversas acciones que ha encabezado el Ayuntamiento para que la ciudad de Cuernavaca recupere su esplendor.<\/p>\n<p>Y es que Jos\u00e9 Luis Uri\u00f3stegui, se\u00f1al\u00f3 que la participaci\u00f3n ciudadana ha sido fundamental para transformar a Cuernavaca, coadyuvando con los vecinos para atender sus necesidades en materia de obra p\u00fablica, servicios p\u00fablicos y con programas sociales, como es el caso del programa \u201cCuerna- Becas\u201d, mediante el cual han brindado mayores oportunidades, no solo para que ni\u00f1as, ni\u00f1os, adolescentes y j\u00f3venes se conviertan en mejores estudiantes, sino tambi\u00e9n en excelentes deportistas o representantes de la cultura de la ciudad, al entregar apoyos econ\u00f3micos por excelencia acad\u00e9mica, vulnerabilidad econ\u00f3mica, deporte y cultura.<\/p>\n<p>El presidente municipal Jos\u00e9 Luis Uri\u00f3stegui invit\u00f3 a las ni\u00f1as y ni\u00f1os, personal educativo y madres y padres de familia, a estar atentos a la siguiente convocatoria del programa \u201cCuerna- Becas\u201d que instituy\u00f3 la presente administraci\u00f3n, pero tambi\u00e9n de otras actividades que contemplan su participaci\u00f3n, como el Cabildo Infantil organizado por el Sistema Municipal DIF Cuernavaca y el apoyo de algunas otras \u00e1reas municipales como la Secretar\u00eda de Protecci\u00f3n y Auxilio Ciudadano (SEPRAC) que, a trav\u00e9s de la Direcci\u00f3n de Prevenci\u00f3n Social de la Violencia, ofrece distintos talleres y pl\u00e1ticas gratuitas en materia preventiva para toda la familia.<\/p>\n\n\t\t<style type=\"text\/css\">\n\t\t\t#gallery-1 {\n\t\t\t\tmargin: auto;\n\t\t\t}\n\t\t\t#gallery-1 .gallery-item {\n\t\t\t\tfloat: left;\n\t\t\t\tmargin-top: 10px;\n\t\t\t\ttext-align: center;\n\t\t\t\twidth: 33%;\n\t\t\t}\n\t\t\t#gallery-1 img {\n\t\t\t\tborder: 2px solid #cfcfcf;\n\t\t\t}\n\t\t\t#gallery-1 .gallery-caption {\n\t\t\t\tmargin-left: 0;\n\t\t\t}\n\t\t\t\/* see gallery_shortcode() in wp-includes\/media.php *\/\n\t\t<\/style>\n\t\t<div id='gallery-1' class='gallery galleryid-43430 gallery-columns-3 gallery-size-thumbnail'><dl class='gallery-item'>\n\t\t\t<dt class='gallery-icon landscape'>\n\t\t\t\t<a href='https:\/\/cuernavaca.gob.mx\/?attachment_id=43431'><img width=\"150\" height=\"150\" src=\"https:\/\/cuernavaca.gob.mx\/wp-content\/uploads\/2024\/08\/DA-LA-BIENVENIDA-JOSE\u0301-LUIS-URIO\u0301STEGUI-A-ALUMNOS-Y-EDUCADORES-QUE-ESTE-LUNES-INICIARON-EL-NUEVO-CICLO-ESCOLAR-2024-2025-EN-CUERNAVACA-1-150x150.jpg\" class=\"attachment-thumbnail size-thumbnail\" alt=\"\" loading=\"lazy\" \/><\/a>\n\t\t\t<\/dt><\/dl><dl class='gallery-item'>\n\t\t\t<dt class='gallery-icon landscape'>\n\t\t\t\t<a href='https:\/\/cuernavaca.gob.mx\/?attachment_id=43432'><img width=\"150\" height=\"150\" src=\"https:\/\/cuernavaca.gob.mx\/wp-content\/uploads\/2024\/08\/DA-LA-BIENVENIDA-JOSE\u0301-LUIS-URIO\u0301STEGUI-A-ALUMNOS-Y-EDUCADORES-QUE-ESTE-LUNES-INICIARON-EL-NUEVO-CICLO-ESCOLAR-2024-2025-EN-CUERNAVACA-2-150x150.jpg\" class=\"attachment-thumbnail size-thumbnail\" alt=\"\" loading=\"lazy\" \/><\/a>\n\t\t\t<\/dt><\/dl><dl class='gallery-item'>\n\t\t\t<dt class='gallery-icon landscape'>\n\t\t\t\t<a href='https:\/\/cuernavaca.gob.mx\/?attachment_id=43433'><img width=\"150\" height=\"150\" src=\"https:\/\/cuernavaca.gob.mx\/wp-content\/uploads\/2024\/08\/DA-LA-BIENVENIDA-JOSE\u0301-LUIS-URIO\u0301STEGUI-A-ALUMNOS-Y-EDUCADORES-QUE-ESTE-LUNES-INICIARON-EL-NUEVO-CICLO-ESCOLAR-2024-2025-EN-CUERNAVACA-3-150x150.jpg\" class=\"attachment-thumbnail size-thumbnail\" alt=\"\" loading=\"lazy\" \/><\/a>\n\t\t\t<\/dt><\/dl><br style=\"clear: both\" \/><dl class='gallery-item'>\n\t\t\t<dt class='gallery-icon landscape'>\n\t\t\t\t<a href='https:\/\/cuernavaca.gob.mx\/?attachment_id=43434'><img width=\"150\" height=\"150\" src=\"https:\/\/cuernavaca.gob.mx\/wp-content\/uploads\/2024\/08\/DA-LA-BIENVENIDA-JOSE\u0301-LUIS-URIO\u0301STEGUI-A-ALUMNOS-Y-EDUCADORES-QUE-ESTE-LUNES-INICIARON-EL-NUEVO-CICLO-ESCOLAR-2024-2025-EN-CUERNAVACA-4-150x150.jpg\" class=\"attachment-thumbnail size-thumbnail\" alt=\"\" loading=\"lazy\" \/><\/a>\n\t\t\t<\/dt><\/dl><dl class='gallery-item'>\n\t\t\t<dt class='gallery-icon landscape'>\n\t\t\t\t<a href='https:\/\/cuernavaca.gob.mx\/?attachment_id=43435'><img width=\"150\" height=\"150\" src=\"https:\/\/cuernavaca.gob.mx\/wp-content\/uploads\/2024\/08\/DA-LA-BIENVENIDA-JOSE\u0301-LUIS-URIO\u0301STEGUI-A-ALUMNOS-Y-EDUCADORES-QUE-ESTE-LUNES-INICIARON-EL-NUEVO-CICLO-ESCOLAR-2024-2025-EN-CUERNAVACA-5-150x150.jpg\" class=\"attachment-thumbnail size-thumbnail\" alt=\"\" loading=\"lazy\" \/><\/a>\n\t\t\t<\/dt><\/dl><dl class='gallery-item'>\n\t\t\t<dt class='gallery-icon landscape'>\n\t\t\t\t<a href='https:\/\/cuernavaca.gob.mx\/?attachment_id=43436'><img width=\"150\" height=\"150\" src=\"https:\/\/cuernavaca.gob.mx\/wp-content\/uploads\/2024\/08\/DA-LA-BIENVENIDA-JOSE\u0301-LUIS-URIO\u0301STEGUI-A-ALUMNOS-Y-EDUCADORES-QUE-ESTE-LUNES-INICIARON-EL-NUEVO-CICLO-ESCOLAR-2024-2025-EN-CUERNAVACA-6-150x150.jpg\" class=\"attachment-thumbnail size-thumbnail\" alt=\"\" loading=\"lazy\" \/><\/a>\n\t\t\t<\/dt><\/dl><br style=\"clear: both\" \/><dl class='gallery-item'>\n\t\t\t<dt class='gallery-icon landscape'>\n\t\t\t\t<a href='https:\/\/cuernavaca.gob.mx\/?attachment_id=43437'><img width=\"150\" height=\"150\" src=\"https:\/\/cuernavaca.gob.mx\/wp-content\/uploads\/2024\/08\/DA-LA-BIENVENIDA-JOSE\u0301-LUIS-URIO\u0301STEGUI-A-ALUMNOS-Y-EDUCADORES-QUE-ESTE-LUNES-INICIARON-EL-NUEVO-CICLO-ESCOLAR-2024-2025-EN-CUERNAVACA-7-150x150.jpg\" class=\"attachment-thumbnail size-thumbnail\" alt=\"\" loading=\"lazy\" \/><\/a>\n\t\t\t<\/dt><\/dl>\n\t\t\t<br style='clear: both' \/>\n\t\t<\/div>\n\n","protected":false},"excerpt":{"rendered":"<p>\u2022 El presidente municipal encabez\u00f3 este lunes el ciclo escolar 2024- 2025 en la Escuela Primaria \u201cEj\u00e9rcito Mexicano\u201d \u2022 Resalt\u00f3 el esfuerzo que realizan madres y padres de familia, a quienes conmin\u00f3 a seguirse sumando a las diversas acciones para que la ciudad de Cuernavaca recupere su esplendor El presidente municipal de Cuernavaca, Jos\u00e9 Luis [&hellip;]<\/p>\n","protected":false},"author":1,"featured_media":43435,"comment_status":"closed","ping_status":"open","sticky":false,"template":"","format":"standard","meta":[],"categories":[20],"tags":[2022,2216,2031,121,576,1615,120,206,3507],"aioseo_notices":[],"_links":{"self":[{"href":"https:\/\/cuernavaca.gob.mx\/index.php?rest_route=\/wp\/v2\/posts\/43430"}],"collection":[{"href":"https:\/\/cuernavaca.gob.mx\/index.php?rest_route=\/wp\/v2\/posts"}],"about":[{"href":"https:\/\/cuernavaca.gob.mx\/index.php?rest_route=\/wp\/v2\/types\/post"}],"author":[{"embeddable":true,"href":"https:\/\/cuernavaca.gob.mx\/index.php?rest_route=\/wp\/v2\/users\/1"}],"replies":[{"embeddable":true,"href":"https:\/\/cuernavaca.gob.mx\/index.php?rest_route=%2Fwp%2Fv2%2Fcomments&post=43430"}],"version-history":[{"count":1,"href":"https:\/\/cuernavaca.gob.mx\/index.php?rest_route=\/wp\/v2\/posts\/43430\/revisions"}],"predecessor-version":[{"id":43438,"href":"https:\/\/cuernavaca.gob.mx\/index.php?rest_route=\/wp\/v2\/posts\/43430\/revisions\/43438"}],"wp:featuredmedia":[{"embeddable":true,"href":"https:\/\/cuernavaca.gob.mx\/index.php?rest_route=\/wp\/v2\/media\/43435"}],"wp:attachment":[{"href":"https:\/\/cuernavaca.gob.mx\/index.php?rest_route=%2Fwp%2Fv2%2Fmedia&parent=43430"}],"wp:term":[{"taxonomy":"category","embeddable":true,"href":"https:\/\/cuernavaca.gob.mx\/index.php?rest_route=%2Fwp%2Fv2%2Fcategories&post=43430"},{"taxonomy":"post_tag","embeddable":true,"href":"https:\/\/cuernavaca.gob.mx\/index.php?rest_route=%2Fwp%2Fv2%2Ftags&post=43430"}],"curies":[{"name":"wp","href":"https:\/\/api.w.org\/{rel}","templated":true}]}}