{"id":43439,"date":"2024-08-26T13:06:48","date_gmt":"2024-08-26T19:06:48","guid":{"rendered":"https:\/\/cuernavaca.gob.mx\/?p=43439"},"modified":"2024-08-26T13:06:48","modified_gmt":"2024-08-26T19:06:48","slug":"b1921-26-08-24-da-banderazo-jose-luis-uriostegui-al-inicio-de-la-introduccion-de-nueva-linea-de-agua-potable-en-el-andador-103-de-ciudad-chapultepec","status":"publish","type":"post","link":"https:\/\/cuernavaca.gob.mx\/?p=43439","title":{"rendered":"B1921 26\/08\/24 DA BANDERAZO JOS\u00c9 LUIS URI\u00d3STEGUI AL INICIO DE LA INTRODUCCI\u00d3N DE NUEVA LINEA DE AGUA POTABLE EN EL ANDADOR 103 DE CIUDAD CHAPULTEPEC"},"content":{"rendered":"<p><strong>\u2022 Este lunes junto con directivos de SAPAC y vecinos que ser\u00e1n beneficiadas con estos trabajos, el presidente municipal record\u00f3 que el 2024 fue declarado el a\u00f1o del agua concretando inversiones hist\u00f3ricas<\/strong><\/p>\n<p><strong>\u2022 La obra iniciada forma parte de una mezcla de inversi\u00f3n del Programa de Devoluci\u00f3n de Derechos (PRODDER) de CONAGUA y de recursos de SAPAC<\/strong><\/p>\n<p>Derivado del buen manejo de los recursos p\u00fablicos que ha dado como resultado la posibilidad de acceder a mayores fondos de inversi\u00f3n para destinarlos a obra p\u00fablica en beneficio de la poblaci\u00f3n, el presidente municipal de Cuernavaca, Jos\u00e9 Luis Uri\u00f3stegui Salgado, encabez\u00f3 junto con la directora general del Sistema de Agua Potable y Alcantarillado de Cuernavaca (SAPAC), Evelia Flores Hern\u00e1ndez, el arranque de los trabajos de sustituci\u00f3n de 340 metros de l\u00ednea de distribuci\u00f3n de agua potable de dos \u00bd pulgadas en el andador 103 de la colonia Ciudad Chapultepec.<\/p>\n<p>Jos\u00e9 Luis Uri\u00f3stegui resalt\u00f3 que tras saldar adeudos hist\u00f3ricos y hacer frente a una administraci\u00f3n complicada en materia financiera que contaba con un saldo deudor en bancos de m\u00e1s de 250 millones de pesos, han podido disponer de recursos para invertir en obra p\u00fablica, particularmente en este 2024 que es considerado el a\u00f1o del agua potable han hecho inversiones hist\u00f3ricas para la sustituci\u00f3n de tuber\u00eda de agua potable, a fin de entregarle a la poblaci\u00f3n el l\u00edquido suficiente que necesitan para cumplir sus necesidades en casa y negocios.<\/p>\n<p>Con una inversi\u00f3n de 802 mil 933.58 pesos del Programa de Devoluci\u00f3n de Derechos (PRODDER) de la Comisi\u00f3n Nacional del Agua (CONAGUA) y de recursos de SAPAC, el director t\u00e9cnico de SAPAC, H\u00e9ctor Polanco Ch\u00e1vez, explic\u00f3 que en un periodo de 45 d\u00edas naturales har\u00e1n el suministro e instalaci\u00f3n de tuber\u00eda PAD de alta densidad RD- 13.5 de dos \u00bd pulgadas, el relleno en zanja con material producto de banco al 90 por ciento proctor, la sustituci\u00f3n del pavimento con concreto hidr\u00e1ulico y la reposici\u00f3n de 75 tomas domiciliarias que evitar\u00e1n la contaminaci\u00f3n y la presencia de fugas en esta vialidad.<\/p>\n<p>Por su lado, la directora general de SAPAC, Evelia Flores Hern\u00e1ndez, enfatiz\u00f3 que para el organismo son de suma importancia estas obras que les permiten cumplir con su responsabilidad de entregar en tiempo y de forma adecuada la distribuci\u00f3n del vital l\u00edquido que en este caso beneficiar\u00e1 a 264 habitantes directos y dos mil indirectos.<\/p>\n<p>En representaci\u00f3n de los vecinos, Fidel Jim\u00e9nez Rubio, expres\u00f3 que para muchos vecinos beneficiados con las diversas obras que se vienen realizando, se considera a Jos\u00e9 Luis Uri\u00f3stegui como uno de los mejores presidentes municipales de Cuernavaca, al estar destinando recursos a las colonias con mayor grado de marginaci\u00f3n como es Ciudad Chapultepec, que a partir de esta obra, tendr\u00e1n la oportunidad de contar con agua limpia y suficiente, evitando la presencia de fugas, las reparaciones constantes y la contaminaci\u00f3n que eran el resultado de una tuber\u00eda en condiciones inapropiadas.<\/p>\n<p>En este arranque de obra que se suma a una serie de intervenciones hechas en Ciudad Chapultepec para mejorar el servicio de distribuci\u00f3n de agua potable se cont\u00f3 con la presencia de Gonzalo \u00c1vila Rojas, director de Saneamiento de SAPAC, as\u00ed como del delegado de Miguel Hidalgo y Costilla, \u00c1ngel Enrique Carmona Beltr\u00e1n.<\/p>\n\n\t\t<style type=\"text\/css\">\n\t\t\t#gallery-1 {\n\t\t\t\tmargin: auto;\n\t\t\t}\n\t\t\t#gallery-1 .gallery-item {\n\t\t\t\tfloat: left;\n\t\t\t\tmargin-top: 10px;\n\t\t\t\ttext-align: center;\n\t\t\t\twidth: 33%;\n\t\t\t}\n\t\t\t#gallery-1 img {\n\t\t\t\tborder: 2px solid #cfcfcf;\n\t\t\t}\n\t\t\t#gallery-1 .gallery-caption {\n\t\t\t\tmargin-left: 0;\n\t\t\t}\n\t\t\t\/* see gallery_shortcode() in wp-includes\/media.php *\/\n\t\t<\/style>\n\t\t<div id='gallery-1' class='gallery galleryid-43439 gallery-columns-3 gallery-size-thumbnail'><dl class='gallery-item'>\n\t\t\t<dt class='gallery-icon landscape'>\n\t\t\t\t<a href='https:\/\/cuernavaca.gob.mx\/?attachment_id=43440'><img width=\"150\" height=\"150\" src=\"https:\/\/cuernavaca.gob.mx\/wp-content\/uploads\/2024\/08\/DA-BANDERAZO-JOSE\u0301-LUIS-URIO\u0301STEGUI-AL-INICIO-DE-LA-INTRODUCCIO\u0301N-DE-NUEVA-LINEA-DE-AGUA-POTABLE-EN-EL-ANDADOR-103-DE-CIUDAD-CHAPULTEPEC-1-150x150.jpg\" class=\"attachment-thumbnail size-thumbnail\" alt=\"\" loading=\"lazy\" \/><\/a>\n\t\t\t<\/dt><\/dl><dl class='gallery-item'>\n\t\t\t<dt class='gallery-icon landscape'>\n\t\t\t\t<a href='https:\/\/cuernavaca.gob.mx\/?attachment_id=43441'><img width=\"150\" height=\"150\" src=\"https:\/\/cuernavaca.gob.mx\/wp-content\/uploads\/2024\/08\/DA-BANDERAZO-JOSE\u0301-LUIS-URIO\u0301STEGUI-AL-INICIO-DE-LA-INTRODUCCIO\u0301N-DE-NUEVA-LINEA-DE-AGUA-POTABLE-EN-EL-ANDADOR-103-DE-CIUDAD-CHAPULTEPEC-2-150x150.jpg\" class=\"attachment-thumbnail size-thumbnail\" alt=\"\" loading=\"lazy\" \/><\/a>\n\t\t\t<\/dt><\/dl><dl class='gallery-item'>\n\t\t\t<dt class='gallery-icon landscape'>\n\t\t\t\t<a href='https:\/\/cuernavaca.gob.mx\/?attachment_id=43442'><img width=\"150\" height=\"150\" src=\"https:\/\/cuernavaca.gob.mx\/wp-content\/uploads\/2024\/08\/DA-BANDERAZO-JOSE\u0301-LUIS-URIO\u0301STEGUI-AL-INICIO-DE-LA-INTRODUCCIO\u0301N-DE-NUEVA-LINEA-DE-AGUA-POTABLE-EN-EL-ANDADOR-103-DE-CIUDAD-CHAPULTEPEC-3-150x150.jpg\" class=\"attachment-thumbnail size-thumbnail\" alt=\"\" loading=\"lazy\" \/><\/a>\n\t\t\t<\/dt><\/dl><br style=\"clear: both\" \/><dl class='gallery-item'>\n\t\t\t<dt class='gallery-icon landscape'>\n\t\t\t\t<a href='https:\/\/cuernavaca.gob.mx\/?attachment_id=43443'><img width=\"150\" height=\"150\" src=\"https:\/\/cuernavaca.gob.mx\/wp-content\/uploads\/2024\/08\/DA-BANDERAZO-JOSE\u0301-LUIS-URIO\u0301STEGUI-AL-INICIO-DE-LA-INTRODUCCIO\u0301N-DE-NUEVA-LINEA-DE-AGUA-POTABLE-EN-EL-ANDADOR-103-DE-CIUDAD-CHAPULTEPEC-4-150x150.jpg\" class=\"attachment-thumbnail size-thumbnail\" alt=\"\" loading=\"lazy\" \/><\/a>\n\t\t\t<\/dt><\/dl><dl class='gallery-item'>\n\t\t\t<dt class='gallery-icon landscape'>\n\t\t\t\t<a href='https:\/\/cuernavaca.gob.mx\/?attachment_id=43444'><img width=\"150\" height=\"150\" src=\"https:\/\/cuernavaca.gob.mx\/wp-content\/uploads\/2024\/08\/DA-BANDERAZO-JOSE\u0301-LUIS-URIO\u0301STEGUI-AL-INICIO-DE-LA-INTRODUCCIO\u0301N-DE-NUEVA-LINEA-DE-AGUA-POTABLE-EN-EL-ANDADOR-103-DE-CIUDAD-CHAPULTEPEC-5-150x150.jpg\" class=\"attachment-thumbnail size-thumbnail\" alt=\"\" loading=\"lazy\" \/><\/a>\n\t\t\t<\/dt><\/dl><dl class='gallery-item'>\n\t\t\t<dt class='gallery-icon landscape'>\n\t\t\t\t<a href='https:\/\/cuernavaca.gob.mx\/?attachment_id=43445'><img width=\"150\" height=\"150\" src=\"https:\/\/cuernavaca.gob.mx\/wp-content\/uploads\/2024\/08\/DA-BANDERAZO-JOSE\u0301-LUIS-URIO\u0301STEGUI-AL-INICIO-DE-LA-INTRODUCCIO\u0301N-DE-NUEVA-LINEA-DE-AGUA-POTABLE-EN-EL-ANDADOR-103-DE-CIUDAD-CHAPULTEPEC-6-150x150.jpg\" class=\"attachment-thumbnail size-thumbnail\" alt=\"\" loading=\"lazy\" \/><\/a>\n\t\t\t<\/dt><\/dl><br style=\"clear: both\" \/><dl class='gallery-item'>\n\t\t\t<dt class='gallery-icon landscape'>\n\t\t\t\t<a href='https:\/\/cuernavaca.gob.mx\/?attachment_id=43446'><img width=\"150\" height=\"150\" src=\"https:\/\/cuernavaca.gob.mx\/wp-content\/uploads\/2024\/08\/DA-BANDERAZO-JOSE\u0301-LUIS-URIO\u0301STEGUI-AL-INICIO-DE-LA-INTRODUCCIO\u0301N-DE-NUEVA-LINEA-DE-AGUA-POTABLE-EN-EL-ANDADOR-103-DE-CIUDAD-CHAPULTEPEC-7-150x150.jpg\" class=\"attachment-thumbnail size-thumbnail\" alt=\"\" loading=\"lazy\" \/><\/a>\n\t\t\t<\/dt><\/dl>\n\t\t\t<br style='clear: both' \/>\n\t\t<\/div>\n\n","protected":false},"excerpt":{"rendered":"<p>\u2022 Este lunes junto con directivos de SAPAC y vecinos que ser\u00e1n beneficiadas con estos trabajos, el presidente municipal record\u00f3 que el 2024 fue declarado el a\u00f1o del agua concretando inversiones hist\u00f3ricas \u2022 La obra iniciada forma parte de una mezcla de inversi\u00f3n del Programa de Devoluci\u00f3n de Derechos (PRODDER) de CONAGUA y de recursos [&hellip;]<\/p>\n","protected":false},"author":1,"featured_media":43443,"comment_status":"closed","ping_status":"open","sticky":false,"template":"","format":"standard","meta":[],"categories":[145],"tags":[615,916,121,120,206,356,232,127,3780],"aioseo_notices":[],"_links":{"self":[{"href":"https:\/\/cuernavaca.gob.mx\/index.php?rest_route=\/wp\/v2\/posts\/43439"}],"collection":[{"href":"https:\/\/cuernavaca.gob.mx\/index.php?rest_route=\/wp\/v2\/posts"}],"about":[{"href":"https:\/\/cuernavaca.gob.mx\/index.php?rest_route=\/wp\/v2\/types\/post"}],"author":[{"embeddable":true,"href":"https:\/\/cuernavaca.gob.mx\/index.php?rest_route=\/wp\/v2\/users\/1"}],"replies":[{"embeddable":true,"href":"https:\/\/cuernavaca.gob.mx\/index.php?rest_route=%2Fwp%2Fv2%2Fcomments&post=43439"}],"version-history":[{"count":1,"href":"https:\/\/cuernavaca.gob.mx\/index.php?rest_route=\/wp\/v2\/posts\/43439\/revisions"}],"predecessor-version":[{"id":43447,"href":"https:\/\/cuernavaca.gob.mx\/index.php?rest_route=\/wp\/v2\/posts\/43439\/revisions\/43447"}],"wp:featuredmedia":[{"embeddable":true,"href":"https:\/\/cuernavaca.gob.mx\/index.php?rest_route=\/wp\/v2\/media\/43443"}],"wp:attachment":[{"href":"https:\/\/cuernavaca.gob.mx\/index.php?rest_route=%2Fwp%2Fv2%2Fmedia&parent=43439"}],"wp:term":[{"taxonomy":"category","embeddable":true,"href":"https:\/\/cuernavaca.gob.mx\/index.php?rest_route=%2Fwp%2Fv2%2Fcategories&post=43439"},{"taxonomy":"post_tag","embeddable":true,"href":"https:\/\/cuernavaca.gob.mx\/index.php?rest_route=%2Fwp%2Fv2%2Ftags&post=43439"}],"curies":[{"name":"wp","href":"https:\/\/api.w.org\/{rel}","templated":true}]}}