{"id":43453,"date":"2024-08-27T11:00:05","date_gmt":"2024-08-27T17:00:05","guid":{"rendered":"https:\/\/cuernavaca.gob.mx\/?p=43453"},"modified":"2024-08-27T11:55:42","modified_gmt":"2024-08-27T17:55:42","slug":"f875-27-08-24-llama-jose-luis-uriostegui-a-jovenes-a-ser-parte-del-proceso-de-reconstruccion-de-una-sociedad-con-vocacion-de-servicio-a-los-demas","status":"publish","type":"post","link":"https:\/\/cuernavaca.gob.mx\/?p=43453","title":{"rendered":"F875 27\/08\/24 LLAMA JOS\u00c9 LUIS URI\u00d3STEGUI A J\u00d3VENES A SER PARTE DEL PROCESO DE RECONSTRUCCI\u00d3N DE UNA SOCIEDAD CON VOCACI\u00d3N DE SERVICIO A LOS DEM\u00c1S"},"content":{"rendered":"<p>En el marco del inicio del ciclo escolar 2024- 2025, el presidente municipal de Cuernavaca, Jos\u00e9 Luis Uri\u00f3stegui Salgado, conmin\u00f3 a los j\u00f3venes cuernavaquenses a seguirse preparando, deseando que esta etapa de formaci\u00f3n personal y adquisici\u00f3n de conocimientos, sea con una vocaci\u00f3n de servicio hacia los dem\u00e1s, sum\u00e1ndose al proceso de reconstrucci\u00f3n de una mejor sociedad, como todos y todas lo anhelan.<\/p>\n<p>Al encabezar este martes la ceremonia de honores a la Bandera y regreso a clases en las \u00e1reas de Secundaria y Preparatoria de la Fundaci\u00f3n Don Bosco y acompa\u00f1ado de su director, Jos\u00e9 Antonio Sandoval Tajonar, el presidente municipal se\u00f1al\u00f3 que como autoridad de Cuernavaca hay confianza en la juventud y esperanza en las personas que est\u00e1n construy\u00e9ndose a s\u00ed mismas, quienes asegur\u00f3, servir\u00e1n de ejemplo para un modelo de sociedad m\u00e1s justa y m\u00e1s equitativa donde existan mayores oportunidades.<\/p>\n<p>Ante acad\u00e9micos, personal docente y estudiantes, Jos\u00e9 Luis Uri\u00f3stegui resalt\u00f3 que desde el Ayuntamiento de Cuernavaca han procurado priorizar obras y servicios p\u00fablicos que satisfagan las necesidades b\u00e1sicas de la gente, como agua potable, seguridad p\u00fablica, alumbrado, entre otros rubros, con una actitud de servicio donde esperan que las nuevas y presentes generaciones, apoyen desde su trinchera, toda vez que Fundaci\u00f3n Don Bosco est\u00e1 consolidando una escuela, que contribuya a una sociedad con paz, con armon\u00eda y sobre todo, buscando servir a los dem\u00e1s.<\/p>\n<p>El Alcalde capitalino agreg\u00f3 que, si bien el conocimiento en las escuelas genera una transformaci\u00f3n en la manera de pensar y en la manera de conducirse, debe complementarse con valores, principios y una forma ejemplar de comportamiento c\u00edvico, llevando a cabo una vida ejemplar al servicio en sus comunidades y en sus familias, pero particularmente para sentirse satisfechos consigo mismos, representando este inicio de ciclo escolar, la oportunidad de cumplir con sus expectativas.<\/p>\n\n\t\t<style type=\"text\/css\">\n\t\t\t#gallery-1 {\n\t\t\t\tmargin: auto;\n\t\t\t}\n\t\t\t#gallery-1 .gallery-item {\n\t\t\t\tfloat: left;\n\t\t\t\tmargin-top: 10px;\n\t\t\t\ttext-align: center;\n\t\t\t\twidth: 33%;\n\t\t\t}\n\t\t\t#gallery-1 img {\n\t\t\t\tborder: 2px solid #cfcfcf;\n\t\t\t}\n\t\t\t#gallery-1 .gallery-caption {\n\t\t\t\tmargin-left: 0;\n\t\t\t}\n\t\t\t\/* see gallery_shortcode() in wp-includes\/media.php *\/\n\t\t<\/style>\n\t\t<div id='gallery-1' class='gallery galleryid-43453 gallery-columns-3 gallery-size-thumbnail'><dl class='gallery-item'>\n\t\t\t<dt class='gallery-icon landscape'>\n\t\t\t\t<a href='https:\/\/cuernavaca.gob.mx\/?attachment_id=43454'><img width=\"150\" height=\"150\" src=\"https:\/\/cuernavaca.gob.mx\/wp-content\/uploads\/2024\/08\/LLAMA-JOSE\u0301-LUIS-URIO\u0301STEGUI-A-JO\u0301VENES-A-SER-PARTE-DEL-PROCESO-DE-RECONSTRUCCIO\u0301N-DE-UNA-SOCIEDAD-CON-VOCACIO\u0301N-DE-SERVICIO-A-LOS-DEMA\u0301S-1-150x150.jpg\" class=\"attachment-thumbnail size-thumbnail\" alt=\"\" loading=\"lazy\" \/><\/a>\n\t\t\t<\/dt><\/dl><dl class='gallery-item'>\n\t\t\t<dt class='gallery-icon landscape'>\n\t\t\t\t<a href='https:\/\/cuernavaca.gob.mx\/?attachment_id=43455'><img width=\"150\" height=\"150\" src=\"https:\/\/cuernavaca.gob.mx\/wp-content\/uploads\/2024\/08\/LLAMA-JOSE\u0301-LUIS-URIO\u0301STEGUI-A-JO\u0301VENES-A-SER-PARTE-DEL-PROCESO-DE-RECONSTRUCCIO\u0301N-DE-UNA-SOCIEDAD-CON-VOCACIO\u0301N-DE-SERVICIO-A-LOS-DEMA\u0301S-2-150x150.jpg\" class=\"attachment-thumbnail size-thumbnail\" alt=\"\" loading=\"lazy\" \/><\/a>\n\t\t\t<\/dt><\/dl><dl class='gallery-item'>\n\t\t\t<dt class='gallery-icon landscape'>\n\t\t\t\t<a href='https:\/\/cuernavaca.gob.mx\/?attachment_id=43456'><img width=\"150\" height=\"150\" src=\"https:\/\/cuernavaca.gob.mx\/wp-content\/uploads\/2024\/08\/LLAMA-JOSE\u0301-LUIS-URIO\u0301STEGUI-A-JO\u0301VENES-A-SER-PARTE-DEL-PROCESO-DE-RECONSTRUCCIO\u0301N-DE-UNA-SOCIEDAD-CON-VOCACIO\u0301N-DE-SERVICIO-A-LOS-DEMA\u0301S-3-150x150.jpg\" class=\"attachment-thumbnail size-thumbnail\" alt=\"\" loading=\"lazy\" \/><\/a>\n\t\t\t<\/dt><\/dl><br style=\"clear: both\" \/><dl class='gallery-item'>\n\t\t\t<dt class='gallery-icon landscape'>\n\t\t\t\t<a href='https:\/\/cuernavaca.gob.mx\/?attachment_id=43457'><img width=\"150\" height=\"150\" src=\"https:\/\/cuernavaca.gob.mx\/wp-content\/uploads\/2024\/08\/LLAMA-JOSE\u0301-LUIS-URIO\u0301STEGUI-A-JO\u0301VENES-A-SER-PARTE-DEL-PROCESO-DE-RECONSTRUCCIO\u0301N-DE-UNA-SOCIEDAD-CON-VOCACIO\u0301N-DE-SERVICIO-A-LOS-DEMA\u0301S-4-150x150.jpg\" class=\"attachment-thumbnail size-thumbnail\" alt=\"\" loading=\"lazy\" \/><\/a>\n\t\t\t<\/dt><\/dl><dl class='gallery-item'>\n\t\t\t<dt class='gallery-icon landscape'>\n\t\t\t\t<a href='https:\/\/cuernavaca.gob.mx\/?attachment_id=43458'><img width=\"150\" height=\"150\" src=\"https:\/\/cuernavaca.gob.mx\/wp-content\/uploads\/2024\/08\/LLAMA-JOSE\u0301-LUIS-URIO\u0301STEGUI-A-JO\u0301VENES-A-SER-PARTE-DEL-PROCESO-DE-RECONSTRUCCIO\u0301N-DE-UNA-SOCIEDAD-CON-VOCACIO\u0301N-DE-SERVICIO-A-LOS-DEMA\u0301S-5-150x150.jpg\" class=\"attachment-thumbnail size-thumbnail\" alt=\"\" loading=\"lazy\" \/><\/a>\n\t\t\t<\/dt><\/dl><dl class='gallery-item'>\n\t\t\t<dt class='gallery-icon landscape'>\n\t\t\t\t<a href='https:\/\/cuernavaca.gob.mx\/?attachment_id=43459'><img width=\"150\" height=\"150\" src=\"https:\/\/cuernavaca.gob.mx\/wp-content\/uploads\/2024\/08\/LLAMA-JOSE\u0301-LUIS-URIO\u0301STEGUI-A-JO\u0301VENES-A-SER-PARTE-DEL-PROCESO-DE-RECONSTRUCCIO\u0301N-DE-UNA-SOCIEDAD-CON-VOCACIO\u0301N-DE-SERVICIO-A-LOS-DEMA\u0301S-6-150x150.jpg\" class=\"attachment-thumbnail size-thumbnail\" alt=\"\" loading=\"lazy\" \/><\/a>\n\t\t\t<\/dt><\/dl><br style=\"clear: both\" \/>\n\t\t<\/div>\n\n","protected":false},"excerpt":{"rendered":"<p>En el marco del inicio del ciclo escolar 2024- 2025, el presidente municipal de Cuernavaca, Jos\u00e9 Luis Uri\u00f3stegui Salgado, conmin\u00f3 a los j\u00f3venes cuernavaquenses a seguirse preparando, deseando que esta etapa de formaci\u00f3n personal y adquisici\u00f3n de conocimientos, sea con una vocaci\u00f3n de servicio hacia los dem\u00e1s, sum\u00e1ndose al proceso de reconstrucci\u00f3n de una mejor [&hellip;]<\/p>\n","protected":false},"author":1,"featured_media":43458,"comment_status":"closed","ping_status":"open","sticky":false,"template":"","format":"standard","meta":[],"categories":[3090],"tags":[2216,121,576,120,693,3781,206,127],"aioseo_notices":[],"_links":{"self":[{"href":"https:\/\/cuernavaca.gob.mx\/index.php?rest_route=\/wp\/v2\/posts\/43453"}],"collection":[{"href":"https:\/\/cuernavaca.gob.mx\/index.php?rest_route=\/wp\/v2\/posts"}],"about":[{"href":"https:\/\/cuernavaca.gob.mx\/index.php?rest_route=\/wp\/v2\/types\/post"}],"author":[{"embeddable":true,"href":"https:\/\/cuernavaca.gob.mx\/index.php?rest_route=\/wp\/v2\/users\/1"}],"replies":[{"embeddable":true,"href":"https:\/\/cuernavaca.gob.mx\/index.php?rest_route=%2Fwp%2Fv2%2Fcomments&post=43453"}],"version-history":[{"count":1,"href":"https:\/\/cuernavaca.gob.mx\/index.php?rest_route=\/wp\/v2\/posts\/43453\/revisions"}],"predecessor-version":[{"id":43460,"href":"https:\/\/cuernavaca.gob.mx\/index.php?rest_route=\/wp\/v2\/posts\/43453\/revisions\/43460"}],"wp:featuredmedia":[{"embeddable":true,"href":"https:\/\/cuernavaca.gob.mx\/index.php?rest_route=\/wp\/v2\/media\/43458"}],"wp:attachment":[{"href":"https:\/\/cuernavaca.gob.mx\/index.php?rest_route=%2Fwp%2Fv2%2Fmedia&parent=43453"}],"wp:term":[{"taxonomy":"category","embeddable":true,"href":"https:\/\/cuernavaca.gob.mx\/index.php?rest_route=%2Fwp%2Fv2%2Fcategories&post=43453"},{"taxonomy":"post_tag","embeddable":true,"href":"https:\/\/cuernavaca.gob.mx\/index.php?rest_route=%2Fwp%2Fv2%2Ftags&post=43453"}],"curies":[{"name":"wp","href":"https:\/\/api.w.org\/{rel}","templated":true}]}}