{"id":43461,"date":"2024-08-27T12:00:13","date_gmt":"2024-08-27T18:00:13","guid":{"rendered":"https:\/\/cuernavaca.gob.mx\/?p=43461"},"modified":"2024-08-27T15:53:59","modified_gmt":"2024-08-27T21:53:59","slug":"f876-27-08-24-invita-ayuntamiento-de-cuernavaca-y-centro-inah-morelos-este-jueves-29-de-agosto-al-conversatorio-el-oficio-del-cronista","status":"publish","type":"post","link":"https:\/\/cuernavaca.gob.mx\/?p=43461","title":{"rendered":"F876 27\/08\/24 INVITA AYUNTAMIENTO DE CUERNAVACA Y CENTRO INAH MORELOS ESTE JUEVES 29 DE AGOSTO AL CONVERSATORIO \u201cEL OFICIO DEL CRONISTA\u201d"},"content":{"rendered":"<p>Con el inter\u00e9s de promover entre la poblaci\u00f3n la honorable labor de quienes de manera altruista preservan la historia y fomentan la identidad local, el Ayuntamiento de Cuernavaca, a trav\u00e9s del Consejo Municipal de Cronistas, en coordinaci\u00f3n con el Instituto Nacional de Antropolog\u00eda e Historia Centro-INAH Morelos, convocan este jueves 29 de agosto al Conversatorio \u201cEl oficio del cronista\u201d que se llevar\u00e1 a cabo en el auditorio Juan Dubernard del Museo Regional de los Pueblos de Morelos (Palacio de Cort\u00e9s).<\/p>\n<p>La consejera coordinadora del Consejo de Cronistas del Ayuntamiento de Cuernavaca, Doctora en Estudios Mesoamericanos, Mar\u00eda de Lourdes Bejarano Almada, se\u00f1al\u00f3 que la tem\u00e1tica girar\u00e1 de forma general y diversificada sobre c\u00f3mo trabajan y cu\u00e1l es el fin \u00faltimo de los cronistas a trav\u00e9s de la voz de expertos como el Arq. Sergio Vergara de la Luz Berdejo, cronista del estado de Puebla; del Mtro. Manuel Gonz\u00e1lez Ram\u00edrez, cronista del estado de Zacatecas y presidente de la Federaci\u00f3n Nacional de Cronistas; del Dr. Jes\u00fas Bonilla Palmeros, cronista de Coatepec, Veracruz y del Mtro. Valent\u00edn L\u00f3pez Gonz\u00e1lez Aranda, cronista de la ciudad de Cuernavaca.<\/p>\n<p>Precis\u00f3 que la idea del conversatorio surgi\u00f3 del antrop\u00f3logo, V\u00edctor Hugo Valencia Valera, director del Centro INAH Morelos, la cual fue respaldada por el presidente municipal, Jos\u00e9 Luis Uri\u00f3stegui Salgado y el Consejo de Cronistas del Ayuntamiento de Cuernavaca, toda vez que por mucho tiempo la cr\u00f3nica ha estado encerrada y requiere abrirse en el mismo grupo de cronistas, quienes no han salido al p\u00fablico a decirles que hacen y como lo hacen, los matices que le dan a la cr\u00f3nica, siendo esta la oportunidad para acercar a la ciudadan\u00eda este importante oficio.<\/p>\n<p>Cabe destacar que para el Ayuntamiento de Cuernavaca impulsar proyectos orientados a reforzar la identidad han sido fundamentales, siendo uno de ellos el Consejo de Cronistas del Ayuntamiento de Cuernavaca que fue instalado y fortalecido nuevamente tras dejar de estar vigente hace m\u00e1s de cinco a\u00f1os, pese a estar establecido por ley y que se desintegrara de manera f\u00e1ctica en la pasada administraci\u00f3n.<\/p>\n\n\t\t<style type=\"text\/css\">\n\t\t\t#gallery-1 {\n\t\t\t\tmargin: auto;\n\t\t\t}\n\t\t\t#gallery-1 .gallery-item {\n\t\t\t\tfloat: left;\n\t\t\t\tmargin-top: 10px;\n\t\t\t\ttext-align: center;\n\t\t\t\twidth: 33%;\n\t\t\t}\n\t\t\t#gallery-1 img {\n\t\t\t\tborder: 2px solid #cfcfcf;\n\t\t\t}\n\t\t\t#gallery-1 .gallery-caption {\n\t\t\t\tmargin-left: 0;\n\t\t\t}\n\t\t\t\/* see gallery_shortcode() in wp-includes\/media.php *\/\n\t\t<\/style>\n\t\t<div id='gallery-1' class='gallery galleryid-43461 gallery-columns-3 gallery-size-thumbnail'><dl class='gallery-item'>\n\t\t\t<dt class='gallery-icon portrait'>\n\t\t\t\t<a href='https:\/\/cuernavaca.gob.mx\/?attachment_id=43462'><img width=\"150\" height=\"150\" src=\"https:\/\/cuernavaca.gob.mx\/wp-content\/uploads\/2024\/08\/INVITA-AYUNTAMIENTO-DE-CUERNAVACA-Y-CENTRO-INAH-MORELOS-ESTE-JUEVES-29-DE-AGOSTO-AL-CONVERSATORIO-EL-OFICIO-DEL-CRONISTA-1-150x150.jpg\" class=\"attachment-thumbnail size-thumbnail\" alt=\"\" loading=\"lazy\" \/><\/a>\n\t\t\t<\/dt><\/dl><dl class='gallery-item'>\n\t\t\t<dt class='gallery-icon landscape'>\n\t\t\t\t<a href='https:\/\/cuernavaca.gob.mx\/?attachment_id=43463'><img width=\"150\" height=\"150\" src=\"https:\/\/cuernavaca.gob.mx\/wp-content\/uploads\/2024\/08\/INVITA-AYUNTAMIENTO-DE-CUERNAVACA-Y-CENTRO-INAH-MORELOS-ESTE-JUEVES-29-DE-AGOSTO-AL-CONVERSATORIO-EL-OFICIO-DEL-CRONISTA-2-150x150.jpg\" class=\"attachment-thumbnail size-thumbnail\" alt=\"\" loading=\"lazy\" \/><\/a>\n\t\t\t<\/dt><\/dl><dl class='gallery-item'>\n\t\t\t<dt class='gallery-icon landscape'>\n\t\t\t\t<a href='https:\/\/cuernavaca.gob.mx\/?attachment_id=43464'><img width=\"150\" height=\"150\" src=\"https:\/\/cuernavaca.gob.mx\/wp-content\/uploads\/2024\/08\/INVITA-AYUNTAMIENTO-DE-CUERNAVACA-Y-CENTRO-INAH-MORELOS-ESTE-JUEVES-29-DE-AGOSTO-AL-CONVERSATORIO-EL-OFICIO-DEL-CRONISTA-3-150x150.jpg\" class=\"attachment-thumbnail size-thumbnail\" alt=\"\" loading=\"lazy\" \/><\/a>\n\t\t\t<\/dt><\/dl><br style=\"clear: both\" \/>\n\t\t<\/div>\n\n","protected":false},"excerpt":{"rendered":"<p>Con el inter\u00e9s de promover entre la poblaci\u00f3n la honorable labor de quienes de manera altruista preservan la historia y fomentan la identidad local, el Ayuntamiento de Cuernavaca, a trav\u00e9s del Consejo Municipal de Cronistas, en coordinaci\u00f3n con el Instituto Nacional de Antropolog\u00eda e Historia Centro-INAH Morelos, convocan este jueves 29 de agosto al Conversatorio [&hellip;]<\/p>\n","protected":false},"author":1,"featured_media":43462,"comment_status":"closed","ping_status":"open","sticky":false,"template":"","format":"standard","meta":[],"categories":[2292],"tags":[1300,2515,121,190,1071,120,206,127],"aioseo_notices":[],"_links":{"self":[{"href":"https:\/\/cuernavaca.gob.mx\/index.php?rest_route=\/wp\/v2\/posts\/43461"}],"collection":[{"href":"https:\/\/cuernavaca.gob.mx\/index.php?rest_route=\/wp\/v2\/posts"}],"about":[{"href":"https:\/\/cuernavaca.gob.mx\/index.php?rest_route=\/wp\/v2\/types\/post"}],"author":[{"embeddable":true,"href":"https:\/\/cuernavaca.gob.mx\/index.php?rest_route=\/wp\/v2\/users\/1"}],"replies":[{"embeddable":true,"href":"https:\/\/cuernavaca.gob.mx\/index.php?rest_route=%2Fwp%2Fv2%2Fcomments&post=43461"}],"version-history":[{"count":1,"href":"https:\/\/cuernavaca.gob.mx\/index.php?rest_route=\/wp\/v2\/posts\/43461\/revisions"}],"predecessor-version":[{"id":43465,"href":"https:\/\/cuernavaca.gob.mx\/index.php?rest_route=\/wp\/v2\/posts\/43461\/revisions\/43465"}],"wp:featuredmedia":[{"embeddable":true,"href":"https:\/\/cuernavaca.gob.mx\/index.php?rest_route=\/wp\/v2\/media\/43462"}],"wp:attachment":[{"href":"https:\/\/cuernavaca.gob.mx\/index.php?rest_route=%2Fwp%2Fv2%2Fmedia&parent=43461"}],"wp:term":[{"taxonomy":"category","embeddable":true,"href":"https:\/\/cuernavaca.gob.mx\/index.php?rest_route=%2Fwp%2Fv2%2Fcategories&post=43461"},{"taxonomy":"post_tag","embeddable":true,"href":"https:\/\/cuernavaca.gob.mx\/index.php?rest_route=%2Fwp%2Fv2%2Ftags&post=43461"}],"curies":[{"name":"wp","href":"https:\/\/api.w.org\/{rel}","templated":true}]}}