{"id":43466,"date":"2024-08-27T14:00:10","date_gmt":"2024-08-27T20:00:10","guid":{"rendered":"https:\/\/cuernavaca.gob.mx\/?p=43466"},"modified":"2024-08-27T16:59:54","modified_gmt":"2024-08-27T22:59:54","slug":"b1922-27-08-24-cumplen-el-alcalde-jose-luis-uriostegui-y-cabildo-con-entrega-de-apoyos-y-uniformes-a-trabajadores-sindicalizados-por-tercer-ano-consecutivo","status":"publish","type":"post","link":"https:\/\/cuernavaca.gob.mx\/?p=43466","title":{"rendered":"B1922 27\/08\/24 CUMPLEN EL ALCALDE JOS\u00c9 LUIS URI\u00d3STEGUI Y CABILDO CON ENTREGA DE APOYOS Y UNIFORMES A TRABAJADORES SINDICALIZADOS POR TERCER A\u00d1O CONSECUTIVO"},"content":{"rendered":"<p><strong>\u2022 Con una inversi\u00f3n que asciende a m\u00e1s de dos millones de pesos, se entregaron 184 becas y 306 \u00fatiles escolares a hijos de trabajadores sindicalizados por excelencia acad\u00e9mica<\/strong><\/p>\n<p><strong>\u2022 Adem\u00e1s, se otorgaron m\u00e1s de mil pares de lentes a trabajadores sindicalizados, jubilados, pensionados e incapacitados, y 43 uniformes a trabajadores del \u00e1rea de Servicios Generales<\/strong><\/p>\n<p>Con fundamento en lo dispuesto en las Condiciones Generales de Trabajo para el Ayuntamiento de Cuernavaca, el presidente municipal, Jos\u00e9 Luis Uri\u00f3stegui Salgado, encabez\u00f3 este martes la entrega simb\u00f3lica de becas, \u00fatiles escolares, lentes y uniformes a trabajadores de los cinco sindicatos como reconocimiento a la importante labor de los servidores p\u00fablicos y en apoyo de la econom\u00eda familiar, destinando una bolsa de dos millones 001 mil 088.59 pesos.<\/p>\n<p>En la explanada de la sede Papagayo, Jos\u00e9 Luis Uri\u00f3stegui destac\u00f3 que por tercer a\u00f1o consecutivo se est\u00e1 cumpliendo con uno de los m\u00e1s sentidos compromisos de su administraci\u00f3n, no solo mejorar las condiciones de quienes laboran para el Ayuntamiento, sino tambi\u00e9n que sus familiares cuenten con beneficios resultado de sus conquistas laborales, otorgando en esta ocasi\u00f3n a sus hijos 184 becas al alcanzar un promedio igual o superior a 8.5 y 306 paquetes de \u00fatiles escolares para el ciclo escolar 2024- 2025.<\/p>\n<p>Acompa\u00f1ado de los regidores Patricia Torres Rosales, Paz Hern\u00e1ndez Pardo, Wendi Salinas Ruiz, Debendrenath Salazar Solorio, V\u00edctor Manzo God\u00ednez y Fernando Carrillo Alvarado, as\u00ed como del secretario de Administraci\u00f3n, Israel Y\u00fadico Herrera, el Alcalde agradeci\u00f3 y reconoci\u00f3 el esfuerzo de cada uno de los trabajadores municipales, quienes con su trabajo cotidiano han hecho que Cuernavaca renazca y a quienes les asegur\u00f3 que la correcta toma de decisiones que han tenido, permitir\u00e1 en el mes de diciembre pagar todas las prestaciones que les corresponden, lo que no ocurri\u00f3 hace tres a\u00f1os con el anterior gobierno.<\/p>\n<p>Ante ello, exhort\u00f3 a los colaboradores del municipio a que sigan desempe\u00f1ando de la mejor manera en sus labores, ya que en la medida en que sirven eficientemente a la poblaci\u00f3n \u00e9sta cumple con el pago de sus impuestos, lo cual les permite tener mayor capacidad de respuesta como ocurri\u00f3 con el pago de la deuda p\u00fablica que al haberla disminuido de mil 046 millones de pesos a un promedio de 400 millones de pesos han mejorado las prestaciones y tambi\u00e9n a la ciudad a trav\u00e9s de obras y servicios p\u00fablicos que les corresponde hacer.<\/p>\n<p>Adem\u00e1s de la entrega de becas y \u00fatiles escolares, el Gobierno Municipal de Cuernavaca hizo entrega de mil 037 pares de lentes a trabajadores sindicalizados, jubilados, pensionados e incapacitados, y 43 uniformes a trabajadores del \u00e1rea de Servicios Generales.<\/p>\n<p>En el evento estuvieron presentes Otilia Reyes Soto, del Sindicato Aut\u00e9ntico de Trabajadores; Liliana N\u00e1jera Castillo, secretaria general del Sindicato de Trabajadores y Empleados al Servicio del Ayuntamiento; Eliseo Torres Duque, del Sindicato de Servidores P\u00fablicos Municipales y Organismos Descentralizados; Guillermo S\u00e1nchez V\u00e9lez del Sindicato de los Centros de Abastecimiento, Mercados y Empleados; la representaci\u00f3n del Sindicato Democr\u00e1tico de Trabajadores y Empleados al Servicio del municipio y la directora general de Recursos Humanos, Isabel Garc\u00eda D\u00edaz.<\/p>\n\n\t\t<style type=\"text\/css\">\n\t\t\t#gallery-1 {\n\t\t\t\tmargin: auto;\n\t\t\t}\n\t\t\t#gallery-1 .gallery-item {\n\t\t\t\tfloat: left;\n\t\t\t\tmargin-top: 10px;\n\t\t\t\ttext-align: center;\n\t\t\t\twidth: 33%;\n\t\t\t}\n\t\t\t#gallery-1 img {\n\t\t\t\tborder: 2px solid #cfcfcf;\n\t\t\t}\n\t\t\t#gallery-1 .gallery-caption {\n\t\t\t\tmargin-left: 0;\n\t\t\t}\n\t\t\t\/* see gallery_shortcode() in wp-includes\/media.php *\/\n\t\t<\/style>\n\t\t<div id='gallery-1' class='gallery galleryid-43466 gallery-columns-3 gallery-size-thumbnail'><dl class='gallery-item'>\n\t\t\t<dt class='gallery-icon landscape'>\n\t\t\t\t<a href='https:\/\/cuernavaca.gob.mx\/?attachment_id=43467'><img width=\"150\" height=\"150\" src=\"https:\/\/cuernavaca.gob.mx\/wp-content\/uploads\/2024\/08\/CUMPLEN-EL-ALCALDE-JOSE\u0301-LUIS-URIO\u0301STEGUI-Y-CABILDO-CON-ENTREGA-DE-APOYOS-Y-UNIFORMES-A-TRABAJADORES-SINDICALIZADOS-POR-TERCER-AN\u0303O-CONSECUTIVO-1-150x150.jpg\" class=\"attachment-thumbnail size-thumbnail\" alt=\"\" loading=\"lazy\" \/><\/a>\n\t\t\t<\/dt><\/dl><dl class='gallery-item'>\n\t\t\t<dt class='gallery-icon landscape'>\n\t\t\t\t<a href='https:\/\/cuernavaca.gob.mx\/?attachment_id=43468'><img width=\"150\" height=\"150\" src=\"https:\/\/cuernavaca.gob.mx\/wp-content\/uploads\/2024\/08\/CUMPLEN-EL-ALCALDE-JOSE\u0301-LUIS-URIO\u0301STEGUI-Y-CABILDO-CON-ENTREGA-DE-APOYOS-Y-UNIFORMES-A-TRABAJADORES-SINDICALIZADOS-POR-TERCER-AN\u0303O-CONSECUTIVO-2-150x150.jpg\" class=\"attachment-thumbnail size-thumbnail\" alt=\"\" loading=\"lazy\" \/><\/a>\n\t\t\t<\/dt><\/dl><dl class='gallery-item'>\n\t\t\t<dt class='gallery-icon landscape'>\n\t\t\t\t<a href='https:\/\/cuernavaca.gob.mx\/?attachment_id=43469'><img width=\"150\" height=\"150\" src=\"https:\/\/cuernavaca.gob.mx\/wp-content\/uploads\/2024\/08\/CUMPLEN-EL-ALCALDE-JOSE\u0301-LUIS-URIO\u0301STEGUI-Y-CABILDO-CON-ENTREGA-DE-APOYOS-Y-UNIFORMES-A-TRABAJADORES-SINDICALIZADOS-POR-TERCER-AN\u0303O-CONSECUTIVO-3-150x150.jpg\" class=\"attachment-thumbnail size-thumbnail\" alt=\"\" loading=\"lazy\" \/><\/a>\n\t\t\t<\/dt><\/dl><br style=\"clear: both\" \/><dl class='gallery-item'>\n\t\t\t<dt class='gallery-icon landscape'>\n\t\t\t\t<a href='https:\/\/cuernavaca.gob.mx\/?attachment_id=43470'><img width=\"150\" height=\"150\" src=\"https:\/\/cuernavaca.gob.mx\/wp-content\/uploads\/2024\/08\/CUMPLEN-EL-ALCALDE-JOSE\u0301-LUIS-URIO\u0301STEGUI-Y-CABILDO-CON-ENTREGA-DE-APOYOS-Y-UNIFORMES-A-TRABAJADORES-SINDICALIZADOS-POR-TERCER-AN\u0303O-CONSECUTIVO-4-150x150.jpg\" class=\"attachment-thumbnail size-thumbnail\" alt=\"\" loading=\"lazy\" \/><\/a>\n\t\t\t<\/dt><\/dl><dl class='gallery-item'>\n\t\t\t<dt class='gallery-icon landscape'>\n\t\t\t\t<a href='https:\/\/cuernavaca.gob.mx\/?attachment_id=43471'><img width=\"150\" height=\"150\" src=\"https:\/\/cuernavaca.gob.mx\/wp-content\/uploads\/2024\/08\/CUMPLEN-EL-ALCALDE-JOSE\u0301-LUIS-URIO\u0301STEGUI-Y-CABILDO-CON-ENTREGA-DE-APOYOS-Y-UNIFORMES-A-TRABAJADORES-SINDICALIZADOS-POR-TERCER-AN\u0303O-CONSECUTIVO-5-150x150.jpg\" class=\"attachment-thumbnail size-thumbnail\" alt=\"\" loading=\"lazy\" \/><\/a>\n\t\t\t<\/dt><\/dl><dl class='gallery-item'>\n\t\t\t<dt class='gallery-icon landscape'>\n\t\t\t\t<a href='https:\/\/cuernavaca.gob.mx\/?attachment_id=43472'><img width=\"150\" height=\"150\" src=\"https:\/\/cuernavaca.gob.mx\/wp-content\/uploads\/2024\/08\/CUMPLEN-EL-ALCALDE-JOSE\u0301-LUIS-URIO\u0301STEGUI-Y-CABILDO-CON-ENTREGA-DE-APOYOS-Y-UNIFORMES-A-TRABAJADORES-SINDICALIZADOS-POR-TERCER-AN\u0303O-CONSECUTIVO-6-150x150.jpg\" class=\"attachment-thumbnail size-thumbnail\" alt=\"\" loading=\"lazy\" \/><\/a>\n\t\t\t<\/dt><\/dl><br style=\"clear: both\" \/><dl class='gallery-item'>\n\t\t\t<dt class='gallery-icon landscape'>\n\t\t\t\t<a href='https:\/\/cuernavaca.gob.mx\/?attachment_id=43473'><img width=\"150\" height=\"150\" src=\"https:\/\/cuernavaca.gob.mx\/wp-content\/uploads\/2024\/08\/CUMPLEN-EL-ALCALDE-JOSE\u0301-LUIS-URIO\u0301STEGUI-Y-CABILDO-CON-ENTREGA-DE-APOYOS-Y-UNIFORMES-A-TRABAJADORES-SINDICALIZADOS-POR-TERCER-AN\u0303O-CONSECUTIVO-7-150x150.jpg\" class=\"attachment-thumbnail size-thumbnail\" alt=\"\" loading=\"lazy\" \/><\/a>\n\t\t\t<\/dt><\/dl><dl class='gallery-item'>\n\t\t\t<dt class='gallery-icon landscape'>\n\t\t\t\t<a href='https:\/\/cuernavaca.gob.mx\/?attachment_id=43474'><img width=\"150\" height=\"150\" src=\"https:\/\/cuernavaca.gob.mx\/wp-content\/uploads\/2024\/08\/CUMPLEN-EL-ALCALDE-JOSE\u0301-LUIS-URIO\u0301STEGUI-Y-CABILDO-CON-ENTREGA-DE-APOYOS-Y-UNIFORMES-A-TRABAJADORES-SINDICALIZADOS-POR-TERCER-AN\u0303O-CONSECUTIVO-8-150x150.jpg\" class=\"attachment-thumbnail size-thumbnail\" alt=\"\" loading=\"lazy\" \/><\/a>\n\t\t\t<\/dt><\/dl><dl class='gallery-item'>\n\t\t\t<dt class='gallery-icon landscape'>\n\t\t\t\t<a href='https:\/\/cuernavaca.gob.mx\/?attachment_id=43475'><img width=\"150\" height=\"150\" src=\"https:\/\/cuernavaca.gob.mx\/wp-content\/uploads\/2024\/08\/CUMPLEN-EL-ALCALDE-JOSE\u0301-LUIS-URIO\u0301STEGUI-Y-CABILDO-CON-ENTREGA-DE-APOYOS-Y-UNIFORMES-A-TRABAJADORES-SINDICALIZADOS-POR-TERCER-AN\u0303O-CONSECUTIVO-9-150x150.jpg\" class=\"attachment-thumbnail size-thumbnail\" alt=\"\" loading=\"lazy\" \/><\/a>\n\t\t\t<\/dt><\/dl><br style=\"clear: both\" \/><dl class='gallery-item'>\n\t\t\t<dt class='gallery-icon landscape'>\n\t\t\t\t<a href='https:\/\/cuernavaca.gob.mx\/?attachment_id=43476'><img width=\"150\" height=\"150\" src=\"https:\/\/cuernavaca.gob.mx\/wp-content\/uploads\/2024\/08\/CUMPLEN-EL-ALCALDE-JOSE\u0301-LUIS-URIO\u0301STEGUI-Y-CABILDO-CON-ENTREGA-DE-APOYOS-Y-UNIFORMES-A-TRABAJADORES-SINDICALIZADOS-POR-TERCER-AN\u0303O-CONSECUTIVO-10-150x150.jpg\" class=\"attachment-thumbnail size-thumbnail\" alt=\"\" loading=\"lazy\" \/><\/a>\n\t\t\t<\/dt><\/dl><dl class='gallery-item'>\n\t\t\t<dt class='gallery-icon landscape'>\n\t\t\t\t<a href='https:\/\/cuernavaca.gob.mx\/?attachment_id=43477'><img width=\"150\" height=\"150\" src=\"https:\/\/cuernavaca.gob.mx\/wp-content\/uploads\/2024\/08\/CUMPLEN-EL-ALCALDE-JOSE\u0301-LUIS-URIO\u0301STEGUI-Y-CABILDO-CON-ENTREGA-DE-APOYOS-Y-UNIFORMES-A-TRABAJADORES-SINDICALIZADOS-POR-TERCER-AN\u0303O-CONSECUTIVO-11-150x150.jpg\" class=\"attachment-thumbnail size-thumbnail\" alt=\"\" loading=\"lazy\" \/><\/a>\n\t\t\t<\/dt><\/dl><dl class='gallery-item'>\n\t\t\t<dt class='gallery-icon landscape'>\n\t\t\t\t<a href='https:\/\/cuernavaca.gob.mx\/?attachment_id=43478'><img width=\"150\" height=\"150\" src=\"https:\/\/cuernavaca.gob.mx\/wp-content\/uploads\/2024\/08\/CUMPLEN-EL-ALCALDE-JOSE\u0301-LUIS-URIO\u0301STEGUI-Y-CABILDO-CON-ENTREGA-DE-APOYOS-Y-UNIFORMES-A-TRABAJADORES-SINDICALIZADOS-POR-TERCER-AN\u0303O-CONSECUTIVO-12-150x150.jpg\" class=\"attachment-thumbnail size-thumbnail\" alt=\"\" loading=\"lazy\" \/><\/a>\n\t\t\t<\/dt><\/dl><br style=\"clear: both\" \/><dl class='gallery-item'>\n\t\t\t<dt class='gallery-icon landscape'>\n\t\t\t\t<a href='https:\/\/cuernavaca.gob.mx\/?attachment_id=43479'><img width=\"150\" height=\"150\" src=\"https:\/\/cuernavaca.gob.mx\/wp-content\/uploads\/2024\/08\/CUMPLEN-EL-ALCALDE-JOSE\u0301-LUIS-URIO\u0301STEGUI-Y-CABILDO-CON-ENTREGA-DE-APOYOS-Y-UNIFORMES-A-TRABAJADORES-SINDICALIZADOS-POR-TERCER-AN\u0303O-CONSECUTIVO-13-150x150.jpg\" class=\"attachment-thumbnail size-thumbnail\" alt=\"\" loading=\"lazy\" \/><\/a>\n\t\t\t<\/dt><\/dl>\n\t\t\t<br style='clear: both' \/>\n\t\t<\/div>\n\n","protected":false},"excerpt":{"rendered":"<p>\u2022 Con una inversi\u00f3n que asciende a m\u00e1s de dos millones de pesos, se entregaron 184 becas y 306 \u00fatiles escolares a hijos de trabajadores sindicalizados por excelencia acad\u00e9mica \u2022 Adem\u00e1s, se otorgaron m\u00e1s de mil pares de lentes a trabajadores sindicalizados, jubilados, pensionados e incapacitados, y 43 uniformes a trabajadores del \u00e1rea de Servicios [&hellip;]<\/p>\n","protected":false},"author":1,"featured_media":43473,"comment_status":"closed","ping_status":"open","sticky":false,"template":"","format":"standard","meta":[],"categories":[20],"tags":[2297,2268,121,1405,2591,576,1615,120,206,127,2592],"aioseo_notices":[],"_links":{"self":[{"href":"https:\/\/cuernavaca.gob.mx\/index.php?rest_route=\/wp\/v2\/posts\/43466"}],"collection":[{"href":"https:\/\/cuernavaca.gob.mx\/index.php?rest_route=\/wp\/v2\/posts"}],"about":[{"href":"https:\/\/cuernavaca.gob.mx\/index.php?rest_route=\/wp\/v2\/types\/post"}],"author":[{"embeddable":true,"href":"https:\/\/cuernavaca.gob.mx\/index.php?rest_route=\/wp\/v2\/users\/1"}],"replies":[{"embeddable":true,"href":"https:\/\/cuernavaca.gob.mx\/index.php?rest_route=%2Fwp%2Fv2%2Fcomments&post=43466"}],"version-history":[{"count":1,"href":"https:\/\/cuernavaca.gob.mx\/index.php?rest_route=\/wp\/v2\/posts\/43466\/revisions"}],"predecessor-version":[{"id":43480,"href":"https:\/\/cuernavaca.gob.mx\/index.php?rest_route=\/wp\/v2\/posts\/43466\/revisions\/43480"}],"wp:featuredmedia":[{"embeddable":true,"href":"https:\/\/cuernavaca.gob.mx\/index.php?rest_route=\/wp\/v2\/media\/43473"}],"wp:attachment":[{"href":"https:\/\/cuernavaca.gob.mx\/index.php?rest_route=%2Fwp%2Fv2%2Fmedia&parent=43466"}],"wp:term":[{"taxonomy":"category","embeddable":true,"href":"https:\/\/cuernavaca.gob.mx\/index.php?rest_route=%2Fwp%2Fv2%2Fcategories&post=43466"},{"taxonomy":"post_tag","embeddable":true,"href":"https:\/\/cuernavaca.gob.mx\/index.php?rest_route=%2Fwp%2Fv2%2Ftags&post=43466"}],"curies":[{"name":"wp","href":"https:\/\/api.w.org\/{rel}","templated":true}]}}