{"id":43481,"date":"2024-08-28T15:00:55","date_gmt":"2024-08-28T21:00:55","guid":{"rendered":"https:\/\/cuernavaca.gob.mx\/?p=43481"},"modified":"2024-08-28T16:14:20","modified_gmt":"2024-08-28T22:14:20","slug":"b1923-28-08-24-aprueba-cabildo-de-cuernavaca-separacion-del-cargo-del-regidor-adrian-martinez-terrazas-y-toma-protesta-a-sergio-quevedo-como-nuevo-concejal","status":"publish","type":"post","link":"https:\/\/cuernavaca.gob.mx\/?p=43481","title":{"rendered":"B1923 28\/08\/24 APRUEBA CABILDO DE CUERNAVACA SEPARACI\u00d3N DEL CARGO DEL REGIDOR ADRI\u00c1N MART\u00cdNEZ TERRAZAS Y TOMA PROTESTA A SERGIO QUEVEDO COMO NUEVO CONCEJAL"},"content":{"rendered":"<p><strong>\u2022 El presidente municipal, Jos\u00e9 Luis Uri\u00f3stegui, regidoras y regidoras expresaron buenos deseos a quien a partir del 01 de septiembre rendir\u00e1 protesta como diputado federal por Morelos<\/strong><\/p>\n<p><strong>\u2022 Adri\u00e1n Mart\u00ednez reiter\u00f3 su compromiso de seguir gestionando apoyos desde la federaci\u00f3n para que Cuernavaca avance al siguiente nivel<\/strong><\/p>\n<p>Por unanimidad, el Cabildo del Ayuntamiento de Cuernavaca autoriz\u00f3 este mi\u00e9rcoles la licencia definitiva del regidor Adri\u00e1n Mart\u00ednez Terrazas para separarse del cargo e integrarse a la LXVI Legislatura de la C\u00e1mara de Diputados del Congreso de la Uni\u00f3n el pr\u00f3ximo 01 de septiembre, en t\u00e9rminos de lo dispuesto por los art\u00edculos 171, 172 y 172 BIS de la Ley Org\u00e1nica Municipal del Estado de Morelos.<\/p>\n<p>En el marco de la sesi\u00f3n ordinaria, el presidente municipal de Cuernavaca, Jos\u00e9 Luis Uri\u00f3stegui Salgado, regidoras y regidores, expresaron su buenos deseos y \u00e9xito a quien redir\u00e1 protesta como Diputado Federal por Morelos, confiando que continuar\u00e1 trabajando a favor de la capital morelense y ahora tambi\u00e9n del estado, resaltando que hoy la pluralidad que se va manifestar en el Congreso de la Uni\u00f3n requiere de gente participativa, de gente con altura de miras que abone en cada participaci\u00f3n a construir una sociedad justa, igualitaria y que salga de ese atraso que durante muchos a\u00f1os ha tenido la Naci\u00f3n.<\/p>\n<p>A estas palabras de reconocimiento se sumaron los regidores Wendi Salinas Ruiz, Paz Hern\u00e1ndez Pardo y Jes\u00fas Rosales Puebla, quienes coincidieron en que con Adri\u00e1n Mart\u00ednez Terrazas los cuernavaquenses y morelenses estar\u00e1n bien representados en la C\u00e1mara de Diputados Federal.<\/p>\n<p>En su mensaje de despedida, Adri\u00e1n Mart\u00ednez, agradeci\u00f3 a los integrantes del cuerpo edilicio, a su equipo de trabajo, familia y sobre todo a Jos\u00e9 Luis Uri\u00f3stegui, por acompa\u00f1arlo en esta representaci\u00f3n que tuvo en la capital morelense, externando su compromiso por seguir trabajando por un M\u00e9xico mucho mejor y que Cuernavaca particularmente avance al siguiente nivel.<\/p>\n<p>Durante la sesi\u00f3n se tom\u00f3 protesta a Sergio Ren\u00e9 Quevedo N\u00fa\u00f1ez, quien asumi\u00f3 el cargo como regidor suplente para concluir el periodo 2022- 2024 de la presente administraci\u00f3n.<\/p>\n\n\t\t<style type=\"text\/css\">\n\t\t\t#gallery-1 {\n\t\t\t\tmargin: auto;\n\t\t\t}\n\t\t\t#gallery-1 .gallery-item {\n\t\t\t\tfloat: left;\n\t\t\t\tmargin-top: 10px;\n\t\t\t\ttext-align: center;\n\t\t\t\twidth: 33%;\n\t\t\t}\n\t\t\t#gallery-1 img {\n\t\t\t\tborder: 2px solid #cfcfcf;\n\t\t\t}\n\t\t\t#gallery-1 .gallery-caption {\n\t\t\t\tmargin-left: 0;\n\t\t\t}\n\t\t\t\/* see gallery_shortcode() in wp-includes\/media.php *\/\n\t\t<\/style>\n\t\t<div id='gallery-1' class='gallery galleryid-43481 gallery-columns-3 gallery-size-thumbnail'><dl class='gallery-item'>\n\t\t\t<dt class='gallery-icon landscape'>\n\t\t\t\t<a href='https:\/\/cuernavaca.gob.mx\/?attachment_id=43482'><img width=\"150\" height=\"150\" src=\"https:\/\/cuernavaca.gob.mx\/wp-content\/uploads\/2024\/08\/APRUEBA-CABILDO-DE-CUERNAVACA-SEPARACIO\u0301N-DEL-CARGO-DEL-REGIDOR-ADRIA\u0301N-MARTI\u0301NEZ-TERRAZAS-Y-TOMA-PROTESTA-A-SERGIO-QUEVEDO-COMO-NUEVO-CONCEJAL-1-150x150.jpg\" class=\"attachment-thumbnail size-thumbnail\" alt=\"\" loading=\"lazy\" \/><\/a>\n\t\t\t<\/dt><\/dl><dl class='gallery-item'>\n\t\t\t<dt class='gallery-icon landscape'>\n\t\t\t\t<a href='https:\/\/cuernavaca.gob.mx\/?attachment_id=43483'><img width=\"150\" height=\"150\" src=\"https:\/\/cuernavaca.gob.mx\/wp-content\/uploads\/2024\/08\/APRUEBA-CABILDO-DE-CUERNAVACA-SEPARACIO\u0301N-DEL-CARGO-DEL-REGIDOR-ADRIA\u0301N-MARTI\u0301NEZ-TERRAZAS-Y-TOMA-PROTESTA-A-SERGIO-QUEVEDO-COMO-NUEVO-CONCEJAL-2-150x150.jpg\" class=\"attachment-thumbnail size-thumbnail\" alt=\"\" loading=\"lazy\" \/><\/a>\n\t\t\t<\/dt><\/dl><dl class='gallery-item'>\n\t\t\t<dt class='gallery-icon landscape'>\n\t\t\t\t<a href='https:\/\/cuernavaca.gob.mx\/?attachment_id=43484'><img width=\"150\" height=\"150\" src=\"https:\/\/cuernavaca.gob.mx\/wp-content\/uploads\/2024\/08\/APRUEBA-CABILDO-DE-CUERNAVACA-SEPARACIO\u0301N-DEL-CARGO-DEL-REGIDOR-ADRIA\u0301N-MARTI\u0301NEZ-TERRAZAS-Y-TOMA-PROTESTA-A-SERGIO-QUEVEDO-COMO-NUEVO-CONCEJAL-3-150x150.jpg\" class=\"attachment-thumbnail size-thumbnail\" alt=\"\" loading=\"lazy\" \/><\/a>\n\t\t\t<\/dt><\/dl><br style=\"clear: both\" \/><dl class='gallery-item'>\n\t\t\t<dt class='gallery-icon landscape'>\n\t\t\t\t<a href='https:\/\/cuernavaca.gob.mx\/?attachment_id=43485'><img width=\"150\" height=\"150\" src=\"https:\/\/cuernavaca.gob.mx\/wp-content\/uploads\/2024\/08\/APRUEBA-CABILDO-DE-CUERNAVACA-SEPARACIO\u0301N-DEL-CARGO-DEL-REGIDOR-ADRIA\u0301N-MARTI\u0301NEZ-TERRAZAS-Y-TOMA-PROTESTA-A-SERGIO-QUEVEDO-COMO-NUEVO-CONCEJAL-4-150x150.jpg\" class=\"attachment-thumbnail size-thumbnail\" alt=\"\" loading=\"lazy\" \/><\/a>\n\t\t\t<\/dt><\/dl><dl class='gallery-item'>\n\t\t\t<dt class='gallery-icon landscape'>\n\t\t\t\t<a href='https:\/\/cuernavaca.gob.mx\/?attachment_id=43486'><img width=\"150\" height=\"150\" src=\"https:\/\/cuernavaca.gob.mx\/wp-content\/uploads\/2024\/08\/APRUEBA-CABILDO-DE-CUERNAVACA-SEPARACIO\u0301N-DEL-CARGO-DEL-REGIDOR-ADRIA\u0301N-MARTI\u0301NEZ-TERRAZAS-Y-TOMA-PROTESTA-A-SERGIO-QUEVEDO-COMO-NUEVO-CONCEJAL-5-150x150.jpg\" class=\"attachment-thumbnail size-thumbnail\" alt=\"\" loading=\"lazy\" \/><\/a>\n\t\t\t<\/dt><\/dl><dl class='gallery-item'>\n\t\t\t<dt class='gallery-icon landscape'>\n\t\t\t\t<a href='https:\/\/cuernavaca.gob.mx\/?attachment_id=43487'><img width=\"150\" height=\"150\" src=\"https:\/\/cuernavaca.gob.mx\/wp-content\/uploads\/2024\/08\/APRUEBA-CABILDO-DE-CUERNAVACA-SEPARACIO\u0301N-DEL-CARGO-DEL-REGIDOR-ADRIA\u0301N-MARTI\u0301NEZ-TERRAZAS-Y-TOMA-PROTESTA-A-SERGIO-QUEVEDO-COMO-NUEVO-CONCEJAL-6-150x150.jpg\" class=\"attachment-thumbnail size-thumbnail\" alt=\"\" loading=\"lazy\" \/><\/a>\n\t\t\t<\/dt><\/dl><br style=\"clear: both\" \/><dl class='gallery-item'>\n\t\t\t<dt class='gallery-icon landscape'>\n\t\t\t\t<a href='https:\/\/cuernavaca.gob.mx\/?attachment_id=43488'><img width=\"150\" height=\"150\" src=\"https:\/\/cuernavaca.gob.mx\/wp-content\/uploads\/2024\/08\/APRUEBA-CABILDO-DE-CUERNAVACA-SEPARACIO\u0301N-DEL-CARGO-DEL-REGIDOR-ADRIA\u0301N-MARTI\u0301NEZ-TERRAZAS-Y-TOMA-PROTESTA-A-SERGIO-QUEVEDO-COMO-NUEVO-CONCEJAL-7-150x150.jpg\" class=\"attachment-thumbnail size-thumbnail\" alt=\"\" loading=\"lazy\" \/><\/a>\n\t\t\t<\/dt><\/dl><dl class='gallery-item'>\n\t\t\t<dt class='gallery-icon landscape'>\n\t\t\t\t<a href='https:\/\/cuernavaca.gob.mx\/?attachment_id=43489'><img width=\"150\" height=\"150\" src=\"https:\/\/cuernavaca.gob.mx\/wp-content\/uploads\/2024\/08\/APRUEBA-CABILDO-DE-CUERNAVACA-SEPARACIO\u0301N-DEL-CARGO-DEL-REGIDOR-ADRIA\u0301N-MARTI\u0301NEZ-TERRAZAS-Y-TOMA-PROTESTA-A-SERGIO-QUEVEDO-COMO-NUEVO-CONCEJAL-8-150x150.jpg\" class=\"attachment-thumbnail size-thumbnail\" alt=\"\" loading=\"lazy\" \/><\/a>\n\t\t\t<\/dt><\/dl>\n\t\t\t<br style='clear: both' \/>\n\t\t<\/div>\n\n","protected":false},"excerpt":{"rendered":"<p>\u2022 El presidente municipal, Jos\u00e9 Luis Uri\u00f3stegui, regidoras y regidoras expresaron buenos deseos a quien a partir del 01 de septiembre rendir\u00e1 protesta como diputado federal por Morelos \u2022 Adri\u00e1n Mart\u00ednez reiter\u00f3 su compromiso de seguir gestionando apoyos desde la federaci\u00f3n para que Cuernavaca avance al siguiente nivel Por unanimidad, el Cabildo del Ayuntamiento de [&hellip;]<\/p>\n","protected":false},"author":1,"featured_media":43484,"comment_status":"closed","ping_status":"open","sticky":false,"template":"","format":"standard","meta":[],"categories":[3047],"tags":[158,121,1929,120,206,127],"aioseo_notices":[],"_links":{"self":[{"href":"https:\/\/cuernavaca.gob.mx\/index.php?rest_route=\/wp\/v2\/posts\/43481"}],"collection":[{"href":"https:\/\/cuernavaca.gob.mx\/index.php?rest_route=\/wp\/v2\/posts"}],"about":[{"href":"https:\/\/cuernavaca.gob.mx\/index.php?rest_route=\/wp\/v2\/types\/post"}],"author":[{"embeddable":true,"href":"https:\/\/cuernavaca.gob.mx\/index.php?rest_route=\/wp\/v2\/users\/1"}],"replies":[{"embeddable":true,"href":"https:\/\/cuernavaca.gob.mx\/index.php?rest_route=%2Fwp%2Fv2%2Fcomments&post=43481"}],"version-history":[{"count":1,"href":"https:\/\/cuernavaca.gob.mx\/index.php?rest_route=\/wp\/v2\/posts\/43481\/revisions"}],"predecessor-version":[{"id":43490,"href":"https:\/\/cuernavaca.gob.mx\/index.php?rest_route=\/wp\/v2\/posts\/43481\/revisions\/43490"}],"wp:featuredmedia":[{"embeddable":true,"href":"https:\/\/cuernavaca.gob.mx\/index.php?rest_route=\/wp\/v2\/media\/43484"}],"wp:attachment":[{"href":"https:\/\/cuernavaca.gob.mx\/index.php?rest_route=%2Fwp%2Fv2%2Fmedia&parent=43481"}],"wp:term":[{"taxonomy":"category","embeddable":true,"href":"https:\/\/cuernavaca.gob.mx\/index.php?rest_route=%2Fwp%2Fv2%2Fcategories&post=43481"},{"taxonomy":"post_tag","embeddable":true,"href":"https:\/\/cuernavaca.gob.mx\/index.php?rest_route=%2Fwp%2Fv2%2Ftags&post=43481"}],"curies":[{"name":"wp","href":"https:\/\/api.w.org\/{rel}","templated":true}]}}