{"id":43523,"date":"2024-08-29T14:00:48","date_gmt":"2024-08-29T20:00:48","guid":{"rendered":"https:\/\/cuernavaca.gob.mx\/?p=43523"},"modified":"2024-08-29T17:52:18","modified_gmt":"2024-08-29T23:52:18","slug":"b1927-29-08-24-entrega-alcalde-regidores-y-diputados-la-rehabilitacion-de-la-calle-libertad-y-la-avenida-jesus-h-preciado-en-la-colonia-carolina","status":"publish","type":"post","link":"https:\/\/cuernavaca.gob.mx\/?p=43523","title":{"rendered":"B1927 29\/08\/24 ENTREGA ALCALDE, REGIDORES Y DIPUTADOS LA REHABILITACI\u00d3N DE LA CALLE LIBERTAD Y LA AVENIDA JES\u00daS H. PRECIADO EN LA COLONIA CAROLINA"},"content":{"rendered":"<p><strong>\u2022 Se destinaron tres millones 998 mil 674.89 pesos del Fondo de Gasto de Capital en Municipios para la rehabilitaci\u00f3n de estas vialidades que contempl\u00f3 nueva l\u00ednea de agua potable y pavimentaci\u00f3n con concreto<\/strong><\/p>\n<p>En el proceso de seguir cumpliendo con los proyectos de reconstrucci\u00f3n de las principales v\u00edas de comunicaci\u00f3n en la ciudad capital, el Ayuntamiento de Cuernavaca que preside Jos\u00e9 Luis Uri\u00f3stegui Salgado, en coordinaci\u00f3n con diputados del Congreso del Estado de Morelos, invirti\u00f3 tres millones 998 mil 674.89 pesos del Fondo de Gasto de Capital en Municipios para la rehabilitaci\u00f3n integral de la calle Libertad y avenida Jes\u00fas H. Preciado (desde privada Zaragoza al puente Ayuntamiento 2000) en la colonia Carolina.<\/p>\n<p>En el marco del acto de entrega, el secretario de Desarrollo Urbano y Obras P\u00fablicas, Demetrio Chavira de la Torre, se\u00f1al\u00f3 que los trabajos consistieron en la instalaci\u00f3n de una nueva l\u00ednea de agua potable a trav\u00e9s de un tubo PEAD liso hidr\u00e1ulico RD- 13.5 de ocho pulgadas de di\u00e1metro en 300 metros lineales, para lo cual colocaron tres cajas para operaci\u00f3n de v\u00e1lvulas tipo 2, tipo 6 y tipo 12 e hicieron la conexi\u00f3n de nueve tomas domiciliarias de \u00bd pulgada.<\/p>\n<p>Al ser una obra integral, mencion\u00f3 los trabajos hechos para la rehabilitaci\u00f3n del pavimento en el caso de donde se rehabilit\u00f3 la l\u00ednea de agua de 15 cent\u00edmetros de espesor de concreto premezclado con una resistencia de 250 kg\/cm2 en 85 metros cuadrados, el fresado de tres mil 425 metros cuadrados y la carpeta de cinco cent\u00edmetros de espesor de concreto asf\u00e1ltico en caliente en tres mil 425 metros cuadrados con su respectivo balizamiento.<\/p>\n<p>Al uso de la palabra, el presidente municipal, Jos\u00e9 Luis Uri\u00f3stegui Salgado, junto con regidoras y diputados locales, precis\u00f3 que hoy en una conjunci\u00f3n de esfuerzos entre las \u00e1reas t\u00e9cnicas de la Secretar\u00eda de Desarrollo Urbano y Obras P\u00fablicas y del Sistema de Agua Potable y Alcantarillado de Cuernavaca (SAPAC) han definido en donde existen m\u00e1s fugas para incidir en su reparaci\u00f3n integral sustituyendo toda la tuber\u00eda con polietileno de alta densidad que tiene una durabilidad m\u00ednima de 40 a 50 a\u00f1os, lo que permitir\u00e1 que la ciudad no tenga que estar reinvirtiendo a cada cierto tiempo en las sustituci\u00f3n de la misma, entregando adem\u00e1s un mayor volumen de agua.<\/p>\n<p>Destac\u00f3 que este tipo de obras fortalecen la rehabilitaci\u00f3n de 22 pozos de agua que hizo el a\u00f1o pasado, sustituyendo este 2024 que es considerado el a\u00f1o del agua potable m\u00e1s de 23 kil\u00f3metros de tuber\u00eda de agua potable en las zonas donde se pierde una mayor cantidad de l\u00edquido por fugas, de tal manera que puedan eficientar un servicio para beneficio de la poblaci\u00f3n.<\/p>\n<p>En representaci\u00f3n del Cabildo, la regidora Wendi Salinas Ruiz, acent\u00fao que esta obra integral, no solo beneficia a quienes habitan o tienen comercio en la colonia Carolina y el poblado de San Ant\u00f3n, sino tambi\u00e9n a quienes transitan por esta importante calle y avenida, siendo una de las principales v\u00edas de comunicaci\u00f3n al interior de la ciudad que era urgente atender por las p\u00e9simas condiciones en que se encontraba ante la falta de mantenimiento desde hace varios a\u00f1os emanando adem\u00e1s de una solicitud ciudadana.<\/p>\n<p>A nombre de la comunidad beneficiada, Eugenio Aguilar, comerciante de la zona desde hace m\u00e1s de 40 a\u00f1os, agradeci\u00f3 que por primera ocasi\u00f3n una autoridad municipal tuviera la voluntad para mejorar estas importantes arterias que hoy han sido modernizada, siendo m\u00e1s visible, comercial y con un tr\u00e1nsito m\u00e1s fugaz que los favorecer\u00e1 para, no solo mejorar su calidad de vida, sino tambi\u00e9n generarles mayores ingresos.<\/p>\n<p>Cabe referir que en esta entrega de obra se cont\u00f3 con la presencia de las regidoras Patricia Torres Rosales y Lucero Cuenca Noria; del secretario de Desarrollo Sustentable y Servicios P\u00fablicos, Israel Albavera V\u00e1zquez; del diputado \u00c1ngel Adame Jim\u00e9nez; de delegada de Benito Ju\u00e1rez Garc\u00eda, Deyanira Hern\u00e1ndez Guti\u00e9rrez; del coordinador del COPLADEMUN, Luis Enrique Mart\u00ednez Catal\u00e1n; del titular de la Direcci\u00f3n Operativa de SAPAC, Dante Figueroa Castelar y del director de Saneamiento y Calidad del Agua del organismo descentralizado, Gonzalo \u00c1vila Rojas.<\/p>\n\n\t\t<style type=\"text\/css\">\n\t\t\t#gallery-1 {\n\t\t\t\tmargin: auto;\n\t\t\t}\n\t\t\t#gallery-1 .gallery-item {\n\t\t\t\tfloat: left;\n\t\t\t\tmargin-top: 10px;\n\t\t\t\ttext-align: center;\n\t\t\t\twidth: 33%;\n\t\t\t}\n\t\t\t#gallery-1 img {\n\t\t\t\tborder: 2px solid #cfcfcf;\n\t\t\t}\n\t\t\t#gallery-1 .gallery-caption {\n\t\t\t\tmargin-left: 0;\n\t\t\t}\n\t\t\t\/* see gallery_shortcode() in wp-includes\/media.php *\/\n\t\t<\/style>\n\t\t<div id='gallery-1' class='gallery galleryid-43523 gallery-columns-3 gallery-size-thumbnail'><dl class='gallery-item'>\n\t\t\t<dt class='gallery-icon landscape'>\n\t\t\t\t<a href='https:\/\/cuernavaca.gob.mx\/?attachment_id=43524'><img width=\"150\" height=\"150\" src=\"https:\/\/cuernavaca.gob.mx\/wp-content\/uploads\/2024\/08\/ENTREGA-ALCALDE-REGIDORES-Y-DIPUTADOS-LA-REHABILITACIO\u0301N-DE-LA-CALLE-LIBERTAD-Y-LA-AVENIDA-JESU\u0301S-H.-PRECIADO-EN-LA-COLONIA-CAROLINA-1-150x150.jpg\" class=\"attachment-thumbnail size-thumbnail\" alt=\"\" loading=\"lazy\" \/><\/a>\n\t\t\t<\/dt><\/dl><dl class='gallery-item'>\n\t\t\t<dt class='gallery-icon landscape'>\n\t\t\t\t<a href='https:\/\/cuernavaca.gob.mx\/?attachment_id=43525'><img width=\"150\" height=\"150\" src=\"https:\/\/cuernavaca.gob.mx\/wp-content\/uploads\/2024\/08\/ENTREGA-ALCALDE-REGIDORES-Y-DIPUTADOS-LA-REHABILITACIO\u0301N-DE-LA-CALLE-LIBERTAD-Y-LA-AVENIDA-JESU\u0301S-H.-PRECIADO-EN-LA-COLONIA-CAROLINA-2-150x150.jpg\" class=\"attachment-thumbnail size-thumbnail\" alt=\"\" loading=\"lazy\" \/><\/a>\n\t\t\t<\/dt><\/dl><dl class='gallery-item'>\n\t\t\t<dt class='gallery-icon landscape'>\n\t\t\t\t<a href='https:\/\/cuernavaca.gob.mx\/?attachment_id=43526'><img width=\"150\" height=\"150\" src=\"https:\/\/cuernavaca.gob.mx\/wp-content\/uploads\/2024\/08\/ENTREGA-ALCALDE-REGIDORES-Y-DIPUTADOS-LA-REHABILITACIO\u0301N-DE-LA-CALLE-LIBERTAD-Y-LA-AVENIDA-JESU\u0301S-H.-PRECIADO-EN-LA-COLONIA-CAROLINA-3-150x150.jpg\" class=\"attachment-thumbnail size-thumbnail\" alt=\"\" loading=\"lazy\" \/><\/a>\n\t\t\t<\/dt><\/dl><br style=\"clear: both\" \/><dl class='gallery-item'>\n\t\t\t<dt class='gallery-icon landscape'>\n\t\t\t\t<a href='https:\/\/cuernavaca.gob.mx\/?attachment_id=43527'><img width=\"150\" height=\"150\" src=\"https:\/\/cuernavaca.gob.mx\/wp-content\/uploads\/2024\/08\/ENTREGA-ALCALDE-REGIDORES-Y-DIPUTADOS-LA-REHABILITACIO\u0301N-DE-LA-CALLE-LIBERTAD-Y-LA-AVENIDA-JESU\u0301S-H.-PRECIADO-EN-LA-COLONIA-CAROLINA-4-150x150.jpg\" class=\"attachment-thumbnail size-thumbnail\" alt=\"\" loading=\"lazy\" \/><\/a>\n\t\t\t<\/dt><\/dl><dl class='gallery-item'>\n\t\t\t<dt class='gallery-icon landscape'>\n\t\t\t\t<a href='https:\/\/cuernavaca.gob.mx\/?attachment_id=43528'><img width=\"150\" height=\"150\" src=\"https:\/\/cuernavaca.gob.mx\/wp-content\/uploads\/2024\/08\/ENTREGA-ALCALDE-REGIDORES-Y-DIPUTADOS-LA-REHABILITACIO\u0301N-DE-LA-CALLE-LIBERTAD-Y-LA-AVENIDA-JESU\u0301S-H.-PRECIADO-EN-LA-COLONIA-CAROLINA-5-150x150.jpg\" class=\"attachment-thumbnail size-thumbnail\" alt=\"\" loading=\"lazy\" \/><\/a>\n\t\t\t<\/dt><\/dl><dl class='gallery-item'>\n\t\t\t<dt class='gallery-icon landscape'>\n\t\t\t\t<a href='https:\/\/cuernavaca.gob.mx\/?attachment_id=43529'><img width=\"150\" height=\"150\" src=\"https:\/\/cuernavaca.gob.mx\/wp-content\/uploads\/2024\/08\/ENTREGA-ALCALDE-REGIDORES-Y-DIPUTADOS-LA-REHABILITACIO\u0301N-DE-LA-CALLE-LIBERTAD-Y-LA-AVENIDA-JESU\u0301S-H.-PRECIADO-EN-LA-COLONIA-CAROLINA-6-150x150.jpg\" class=\"attachment-thumbnail size-thumbnail\" alt=\"\" loading=\"lazy\" \/><\/a>\n\t\t\t<\/dt><\/dl><br style=\"clear: both\" \/><dl class='gallery-item'>\n\t\t\t<dt class='gallery-icon landscape'>\n\t\t\t\t<a href='https:\/\/cuernavaca.gob.mx\/?attachment_id=43530'><img width=\"150\" height=\"150\" src=\"https:\/\/cuernavaca.gob.mx\/wp-content\/uploads\/2024\/08\/ENTREGA-ALCALDE-REGIDORES-Y-DIPUTADOS-LA-REHABILITACIO\u0301N-DE-LA-CALLE-LIBERTAD-Y-LA-AVENIDA-JESU\u0301S-H.-PRECIADO-EN-LA-COLONIA-CAROLINA-7-150x150.jpg\" class=\"attachment-thumbnail size-thumbnail\" alt=\"\" loading=\"lazy\" \/><\/a>\n\t\t\t<\/dt><\/dl><dl class='gallery-item'>\n\t\t\t<dt class='gallery-icon landscape'>\n\t\t\t\t<a href='https:\/\/cuernavaca.gob.mx\/?attachment_id=43531'><img width=\"150\" height=\"150\" src=\"https:\/\/cuernavaca.gob.mx\/wp-content\/uploads\/2024\/08\/ENTREGA-ALCALDE-REGIDORES-Y-DIPUTADOS-LA-REHABILITACIO\u0301N-DE-LA-CALLE-LIBERTAD-Y-LA-AVENIDA-JESU\u0301S-H.-PRECIADO-EN-LA-COLONIA-CAROLINA-8-150x150.jpg\" class=\"attachment-thumbnail size-thumbnail\" alt=\"\" loading=\"lazy\" \/><\/a>\n\t\t\t<\/dt><\/dl><dl class='gallery-item'>\n\t\t\t<dt class='gallery-icon landscape'>\n\t\t\t\t<a href='https:\/\/cuernavaca.gob.mx\/?attachment_id=43532'><img width=\"150\" height=\"150\" src=\"https:\/\/cuernavaca.gob.mx\/wp-content\/uploads\/2024\/08\/ENTREGA-ALCALDE-REGIDORES-Y-DIPUTADOS-LA-REHABILITACIO\u0301N-DE-LA-CALLE-LIBERTAD-Y-LA-AVENIDA-JESU\u0301S-H.-PRECIADO-EN-LA-COLONIA-CAROLINA-9-150x150.jpg\" class=\"attachment-thumbnail size-thumbnail\" alt=\"\" loading=\"lazy\" \/><\/a>\n\t\t\t<\/dt><\/dl><br style=\"clear: both\" \/>\n\t\t<\/div>\n\n","protected":false},"excerpt":{"rendered":"<p>\u2022 Se destinaron tres millones 998 mil 674.89 pesos del Fondo de Gasto de Capital en Municipios para la rehabilitaci\u00f3n de estas vialidades que contempl\u00f3 nueva l\u00ednea de agua potable y pavimentaci\u00f3n con concreto En el proceso de seguir cumpliendo con los proyectos de reconstrucci\u00f3n de las principales v\u00edas de comunicaci\u00f3n en la ciudad capital, [&hellip;]<\/p>\n","protected":false},"author":1,"featured_media":43529,"comment_status":"closed","ping_status":"open","sticky":false,"template":"","format":"standard","meta":[],"categories":[18],"tags":[916,1610,121,515,120,206,1075,213,1960,127],"aioseo_notices":[],"_links":{"self":[{"href":"https:\/\/cuernavaca.gob.mx\/index.php?rest_route=\/wp\/v2\/posts\/43523"}],"collection":[{"href":"https:\/\/cuernavaca.gob.mx\/index.php?rest_route=\/wp\/v2\/posts"}],"about":[{"href":"https:\/\/cuernavaca.gob.mx\/index.php?rest_route=\/wp\/v2\/types\/post"}],"author":[{"embeddable":true,"href":"https:\/\/cuernavaca.gob.mx\/index.php?rest_route=\/wp\/v2\/users\/1"}],"replies":[{"embeddable":true,"href":"https:\/\/cuernavaca.gob.mx\/index.php?rest_route=%2Fwp%2Fv2%2Fcomments&post=43523"}],"version-history":[{"count":1,"href":"https:\/\/cuernavaca.gob.mx\/index.php?rest_route=\/wp\/v2\/posts\/43523\/revisions"}],"predecessor-version":[{"id":43533,"href":"https:\/\/cuernavaca.gob.mx\/index.php?rest_route=\/wp\/v2\/posts\/43523\/revisions\/43533"}],"wp:featuredmedia":[{"embeddable":true,"href":"https:\/\/cuernavaca.gob.mx\/index.php?rest_route=\/wp\/v2\/media\/43529"}],"wp:attachment":[{"href":"https:\/\/cuernavaca.gob.mx\/index.php?rest_route=%2Fwp%2Fv2%2Fmedia&parent=43523"}],"wp:term":[{"taxonomy":"category","embeddable":true,"href":"https:\/\/cuernavaca.gob.mx\/index.php?rest_route=%2Fwp%2Fv2%2Fcategories&post=43523"},{"taxonomy":"post_tag","embeddable":true,"href":"https:\/\/cuernavaca.gob.mx\/index.php?rest_route=%2Fwp%2Fv2%2Ftags&post=43523"}],"curies":[{"name":"wp","href":"https:\/\/api.w.org\/{rel}","templated":true}]}}