{"id":43534,"date":"2024-08-29T18:00:09","date_gmt":"2024-08-30T00:00:09","guid":{"rendered":"https:\/\/cuernavaca.gob.mx\/?p=43534"},"modified":"2024-08-30T08:29:59","modified_gmt":"2024-08-30T14:29:59","slug":"f877-29-08-24-se-suma-jose-luis-uriostegui-a-la-celebracion-de-los-22-anos-de-lucha-del-instituto-de-la-mujer-para-el-estado-de-morelos","status":"publish","type":"post","link":"https:\/\/cuernavaca.gob.mx\/?p=43534","title":{"rendered":"F877 29\/08\/24 SE SUMA JOS\u00c9 LUIS URI\u00d3STEGUI A LA CELEBRACI\u00d3N DE LOS 22 A\u00d1OS DE LUCHA DEL INSTITUTO DE LA MUJER PARA EL ESTADO DE MORELOS"},"content":{"rendered":"<p>El presidente municipal de Cuernavaca, Jos\u00e9 Luis Uri\u00f3stegui Salgado, reconoci\u00f3 el esfuerzo y trabajo hecho por el Instituto de la Mujer para el Estado de Morelos (IMM) que desde hace 22 a\u00f1os ha luchado de manera incansable para erradicar y prevenir la violencia contra las mujeres, incidiendo en el reconocimiento pleno de sus derechos que contempla ocupar espacios que favorecen el quehacer p\u00fablico y benefician a la poblaci\u00f3n.<\/p>\n<p>Al darles la bienvenida al Museo de la Ciudad de Cuernavaca (MuCiC) que resalt\u00f3 se ha convertido en la caja de resonancia de todos los actividades que est\u00e1n relacionados con la defensa de derechos, de cultura y de arte que forma parte de una sociedad viva y activa que est\u00e1 buscando que el progreso se note en todos sus rubros, celebr\u00f3 el 22 aniversario del IMM que encabeza Guadalupe Isela Ch\u00e1vez Cardoso, quien con un arduo trabajo y convicci\u00f3n est\u00e1 representando el esfuerzo de personas en todo el estado.<\/p>\n<p>En compa\u00f1\u00eda de mujeres sobresaliente en el \u00e1mbito p\u00fablico y privado como la directora general del Instituto de la Mujer de Cuernavaca, Lorena Castillo Castillo, el alcalde puntualiz\u00f3 la obviedad que existe actualmente de que las mujeres despu\u00e9s de tantas d\u00e9cadas de ser segregadas y discriminadas hoy ocupan muchos espacios en el \u00e1mbito p\u00fablico como se muestra a nivel federal con una presidencia electa y a nivel local con una gobernadora electa.<\/p>\n<p>&#8220;Esto es una muestra clara de evoluci\u00f3n, de forma de pensar y de un ejercicio democr\u00e1tico que reconoce a las mujeres la val\u00eda, la formaci\u00f3n y la capacidad de guiar a pueblos enteros en su b\u00fasqueda por progresar y tener mejores condiciones de vida&#8221;, manifest\u00f3 Jos\u00e9 Luis Uri\u00f3stegui.<\/p>\n\n\t\t<style type=\"text\/css\">\n\t\t\t#gallery-1 {\n\t\t\t\tmargin: auto;\n\t\t\t}\n\t\t\t#gallery-1 .gallery-item {\n\t\t\t\tfloat: left;\n\t\t\t\tmargin-top: 10px;\n\t\t\t\ttext-align: center;\n\t\t\t\twidth: 33%;\n\t\t\t}\n\t\t\t#gallery-1 img {\n\t\t\t\tborder: 2px solid #cfcfcf;\n\t\t\t}\n\t\t\t#gallery-1 .gallery-caption {\n\t\t\t\tmargin-left: 0;\n\t\t\t}\n\t\t\t\/* see gallery_shortcode() in wp-includes\/media.php *\/\n\t\t<\/style>\n\t\t<div id='gallery-1' class='gallery galleryid-43534 gallery-columns-3 gallery-size-thumbnail'><dl class='gallery-item'>\n\t\t\t<dt class='gallery-icon landscape'>\n\t\t\t\t<a href='https:\/\/cuernavaca.gob.mx\/?attachment_id=43535'><img width=\"150\" height=\"150\" src=\"https:\/\/cuernavaca.gob.mx\/wp-content\/uploads\/2024\/08\/SE-SUMA-JOSE-LUIS-URIOSTEGUI-A-LA-CELEBRACION-DE-LOS-22-ANOS-DE-LUCHA-DEL-INSTITUTO-DE-LA-MUJER-PARA-EL-ESTADO-DE-MORELOS-1-150x150.jpeg\" class=\"attachment-thumbnail size-thumbnail\" alt=\"\" loading=\"lazy\" \/><\/a>\n\t\t\t<\/dt><\/dl><dl class='gallery-item'>\n\t\t\t<dt class='gallery-icon landscape'>\n\t\t\t\t<a href='https:\/\/cuernavaca.gob.mx\/?attachment_id=43536'><img width=\"150\" height=\"150\" src=\"https:\/\/cuernavaca.gob.mx\/wp-content\/uploads\/2024\/08\/SE-SUMA-JOSE-LUIS-URIOSTEGUI-A-LA-CELEBRACION-DE-LOS-22-ANOS-DE-LUCHA-DEL-INSTITUTO-DE-LA-MUJER-PARA-EL-ESTADO-DE-MORELOS-2-150x150.jpeg\" class=\"attachment-thumbnail size-thumbnail\" alt=\"\" loading=\"lazy\" \/><\/a>\n\t\t\t<\/dt><\/dl><dl class='gallery-item'>\n\t\t\t<dt class='gallery-icon landscape'>\n\t\t\t\t<a href='https:\/\/cuernavaca.gob.mx\/?attachment_id=43537'><img width=\"150\" height=\"150\" src=\"https:\/\/cuernavaca.gob.mx\/wp-content\/uploads\/2024\/08\/SE-SUMA-JOSE-LUIS-URIOSTEGUI-A-LA-CELEBRACION-DE-LOS-22-ANOS-DE-LUCHA-DEL-INSTITUTO-DE-LA-MUJER-PARA-EL-ESTADO-DE-MORELOS-3-150x150.jpeg\" class=\"attachment-thumbnail size-thumbnail\" alt=\"\" loading=\"lazy\" \/><\/a>\n\t\t\t<\/dt><\/dl><br style=\"clear: both\" \/><dl class='gallery-item'>\n\t\t\t<dt class='gallery-icon landscape'>\n\t\t\t\t<a href='https:\/\/cuernavaca.gob.mx\/?attachment_id=43538'><img width=\"150\" height=\"150\" src=\"https:\/\/cuernavaca.gob.mx\/wp-content\/uploads\/2024\/08\/SE-SUMA-JOSE-LUIS-URIOSTEGUI-A-LA-CELEBRACION-DE-LOS-22-ANOS-DE-LUCHA-DEL-INSTITUTO-DE-LA-MUJER-PARA-EL-ESTADO-DE-MORELOS-4-150x150.jpeg\" class=\"attachment-thumbnail size-thumbnail\" alt=\"\" loading=\"lazy\" \/><\/a>\n\t\t\t<\/dt><\/dl><dl class='gallery-item'>\n\t\t\t<dt class='gallery-icon landscape'>\n\t\t\t\t<a href='https:\/\/cuernavaca.gob.mx\/?attachment_id=43539'><img width=\"150\" height=\"150\" src=\"https:\/\/cuernavaca.gob.mx\/wp-content\/uploads\/2024\/08\/SE-SUMA-JOSE-LUIS-URIOSTEGUI-A-LA-CELEBRACION-DE-LOS-22-ANOS-DE-LUCHA-DEL-INSTITUTO-DE-LA-MUJER-PARA-EL-ESTADO-DE-MORELOS-5-150x150.jpeg\" class=\"attachment-thumbnail size-thumbnail\" alt=\"\" loading=\"lazy\" \/><\/a>\n\t\t\t<\/dt><\/dl><dl class='gallery-item'>\n\t\t\t<dt class='gallery-icon landscape'>\n\t\t\t\t<a href='https:\/\/cuernavaca.gob.mx\/?attachment_id=43540'><img width=\"150\" height=\"150\" src=\"https:\/\/cuernavaca.gob.mx\/wp-content\/uploads\/2024\/08\/SE-SUMA-JOSE-LUIS-URIOSTEGUI-A-LA-CELEBRACION-DE-LOS-22-ANOS-DE-LUCHA-DEL-INSTITUTO-DE-LA-MUJER-PARA-EL-ESTADO-DE-MORELOS-6-150x150.jpeg\" class=\"attachment-thumbnail size-thumbnail\" alt=\"\" loading=\"lazy\" \/><\/a>\n\t\t\t<\/dt><\/dl><br style=\"clear: both\" \/><dl class='gallery-item'>\n\t\t\t<dt class='gallery-icon landscape'>\n\t\t\t\t<a href='https:\/\/cuernavaca.gob.mx\/?attachment_id=43541'><img width=\"150\" height=\"150\" src=\"https:\/\/cuernavaca.gob.mx\/wp-content\/uploads\/2024\/08\/SE-SUMA-JOSE-LUIS-URIOSTEGUI-A-LA-CELEBRACION-DE-LOS-22-ANOS-DE-LUCHA-DEL-INSTITUTO-DE-LA-MUJER-PARA-EL-ESTADO-DE-MORELOS-7-150x150.jpeg\" class=\"attachment-thumbnail size-thumbnail\" alt=\"\" loading=\"lazy\" \/><\/a>\n\t\t\t<\/dt><\/dl><dl class='gallery-item'>\n\t\t\t<dt class='gallery-icon landscape'>\n\t\t\t\t<a href='https:\/\/cuernavaca.gob.mx\/?attachment_id=43542'><img width=\"150\" height=\"150\" src=\"https:\/\/cuernavaca.gob.mx\/wp-content\/uploads\/2024\/08\/SE-SUMA-JOSE-LUIS-URIOSTEGUI-A-LA-CELEBRACION-DE-LOS-22-ANOS-DE-LUCHA-DEL-INSTITUTO-DE-LA-MUJER-PARA-EL-ESTADO-DE-MORELOS-8-150x150.jpeg\" class=\"attachment-thumbnail size-thumbnail\" alt=\"\" loading=\"lazy\" \/><\/a>\n\t\t\t<\/dt><\/dl><dl class='gallery-item'>\n\t\t\t<dt class='gallery-icon landscape'>\n\t\t\t\t<a href='https:\/\/cuernavaca.gob.mx\/?attachment_id=43543'><img width=\"150\" height=\"150\" src=\"https:\/\/cuernavaca.gob.mx\/wp-content\/uploads\/2024\/08\/SE-SUMA-JOSE-LUIS-URIOSTEGUI-A-LA-CELEBRACION-DE-LOS-22-ANOS-DE-LUCHA-DEL-INSTITUTO-DE-LA-MUJER-PARA-EL-ESTADO-DE-MORELOS-9-150x150.jpeg\" class=\"attachment-thumbnail size-thumbnail\" alt=\"\" loading=\"lazy\" \/><\/a>\n\t\t\t<\/dt><\/dl><br style=\"clear: both\" \/>\n\t\t<\/div>\n\n","protected":false},"excerpt":{"rendered":"<p>El presidente municipal de Cuernavaca, Jos\u00e9 Luis Uri\u00f3stegui Salgado, reconoci\u00f3 el esfuerzo y trabajo hecho por el Instituto de la Mujer para el Estado de Morelos (IMM) que desde hace 22 a\u00f1os ha luchado de manera incansable para erradicar y prevenir la violencia contra las mujeres, incidiendo en el reconocimiento pleno de sus derechos que [&hellip;]<\/p>\n","protected":false},"author":1,"featured_media":43539,"comment_status":"closed","ping_status":"open","sticky":false,"template":"","format":"standard","meta":[],"categories":[280],"tags":[2263,121,120,206,388,127],"aioseo_notices":[],"_links":{"self":[{"href":"https:\/\/cuernavaca.gob.mx\/index.php?rest_route=\/wp\/v2\/posts\/43534"}],"collection":[{"href":"https:\/\/cuernavaca.gob.mx\/index.php?rest_route=\/wp\/v2\/posts"}],"about":[{"href":"https:\/\/cuernavaca.gob.mx\/index.php?rest_route=\/wp\/v2\/types\/post"}],"author":[{"embeddable":true,"href":"https:\/\/cuernavaca.gob.mx\/index.php?rest_route=\/wp\/v2\/users\/1"}],"replies":[{"embeddable":true,"href":"https:\/\/cuernavaca.gob.mx\/index.php?rest_route=%2Fwp%2Fv2%2Fcomments&post=43534"}],"version-history":[{"count":1,"href":"https:\/\/cuernavaca.gob.mx\/index.php?rest_route=\/wp\/v2\/posts\/43534\/revisions"}],"predecessor-version":[{"id":43544,"href":"https:\/\/cuernavaca.gob.mx\/index.php?rest_route=\/wp\/v2\/posts\/43534\/revisions\/43544"}],"wp:featuredmedia":[{"embeddable":true,"href":"https:\/\/cuernavaca.gob.mx\/index.php?rest_route=\/wp\/v2\/media\/43539"}],"wp:attachment":[{"href":"https:\/\/cuernavaca.gob.mx\/index.php?rest_route=%2Fwp%2Fv2%2Fmedia&parent=43534"}],"wp:term":[{"taxonomy":"category","embeddable":true,"href":"https:\/\/cuernavaca.gob.mx\/index.php?rest_route=%2Fwp%2Fv2%2Fcategories&post=43534"},{"taxonomy":"post_tag","embeddable":true,"href":"https:\/\/cuernavaca.gob.mx\/index.php?rest_route=%2Fwp%2Fv2%2Ftags&post=43534"}],"curies":[{"name":"wp","href":"https:\/\/api.w.org\/{rel}","templated":true}]}}