{"id":43548,"date":"2024-08-30T14:00:33","date_gmt":"2024-08-30T20:00:33","guid":{"rendered":"https:\/\/cuernavaca.gob.mx\/?p=43548"},"modified":"2024-08-30T16:56:06","modified_gmt":"2024-08-30T22:56:06","slug":"b1928-30-08-24-ayuntamiento-de-cuernavaca-y-centro-inah-morelos-acercan-la-cronica-y-remembranzas-a-los-cuernavaquenses","status":"publish","type":"post","link":"https:\/\/cuernavaca.gob.mx\/?p=43548","title":{"rendered":"B1928 30\/08\/24 AYUNTAMIENTO DE CUERNAVACA Y CENTRO INAH MORELOS ACERCAN LA CR\u00d3NICA Y REMEMBRANZAS A LOS CUERNAVAQUENSES"},"content":{"rendered":"<p><strong>\u2022 Se llev\u00f3 a cabo en colaboraci\u00f3n con el presidente municipal Jos\u00e9 Luis Uri\u00f3stegui y del Consejo de Cronistas del Ayuntamiento de Cuernavaca, se llev\u00f3 a cabo el Conversatorio \u201cEl oficio del cronista\u201d<\/strong><\/p>\n<p><strong>\u2022 Cont\u00f3 con la participaci\u00f3n de cronistas de los estados de Puebla y Veracruz, as\u00ed como de Morelos, quienes dieron un panorama sobre el quehacer del cronista y la importancia que tiene fortalecer este oficio en sus localidades<\/strong><\/p>\n<p>El Ayuntamiento de Cuernavaca, a trav\u00e9s del Consejo de Cronistas, en coordinaci\u00f3n con el Centro INAH Morelos llev\u00f3 a cabo el Conversatorio \u201cEl oficio del cronista\u201d, donde a trav\u00e9s de la perspectiva de cronistas de Puebla, Veracruz y Morelos acercaron a la poblaci\u00f3n este oficio que resguarda la memoria colectiva, preserva la historia y fomenta la identidad local.<\/p>\n<p>Al inaugurar el evento en el auditorio Juan Dubernard del Museo Regional de los Pueblos de Morelos (Palacio de Cort\u00e9s), el presidente municipal de Cuernavaca y presidente del Consejo de Cronistas del Ayuntamiento, Jos\u00e9 Luis Uri\u00f3stegui Salgado, mencion\u00f3 que para su administraci\u00f3n era fundamental reconformar el Consejo de Cronistas actualizando su reglamento y convocado a quienes desearon inscribirse a participar y tener el reconocimientos de cronistas del municipio que en algunos casos ya lo ten\u00edan por m\u00e9ritos propios acreditando que investigan, redactan y comentan tal y como lo establece la cr\u00f3nica.<\/p>\n<p>Y es que, resalt\u00f3, la cr\u00f3nica es desde un punto de vista personal narrar lo que se vive y c\u00f3mo impacta a su medio o a su entorno, sin ser necesario entrar a la disciplina de la Historia, ya que se basa mucho en la narrativa y en la transmisi\u00f3n oral de lo que se conoce, de aquellas ense\u00f1anzas de los abuelos que se transmiten a los hijos o nietos y a su comunidad cada vez que es posible.<\/p>\n<p>Jos\u00e9 Luis Uri\u00f3stegui extern\u00f3 su agradecimiento a quienes organizaron este evento, reconociendo el esfuerzo particularmente de V\u00edctor Hugo Valencia Valera, director del Centro INAH Morelos e integrante del Consejo de Cronistas del Ayuntamiento y a la coordinadora del Consejo, Mar\u00eda de Lourdes Bejarano Almada, as\u00ed como a cada uno de los presentes, manifestando el orgullo que representa que este encuentro se realice en Cuernavaca una ciudad con mucha historia y m\u00e1s de dos mil 500 a\u00f1os.<\/p>\n<p>Por su lado, el director del Centro INAH Morelos, V\u00edctor Hugo Valencia Valera, dio la bienvenida al Museo Regional de los Pueblos de Morelos (Palacio de Cort\u00e9s), subrayando la trascendencia que tiene este conversatorio donde cronistas como el Arq. Sergio Vergara de la Luz Berdejo, cronista del estado de Puebla; el Dr. Jes\u00fas Bonilla Palmeros, cronista de Coatepec, Veracruz y el Mtro. Valent\u00edn L\u00f3pez Gonz\u00e1lez Aranda, cronista de la ciudad de Cuernavaca, dieron un panorama sobre el quehacer del cronista y la importancia que tiene fortalecer este oficio en sus localidades.<\/p>\n<p>La coordinadora del Consejo de Cronistas del Ayuntamiento de Cuernavaca, Mar\u00eda de Lourdes Bejarano Almada, fue la encargada de presentar una breve semblanza de cada uno de los participantes como moderadora del evento en conjunto con V\u00edctor Hugo Valencia Valera.<\/p>\n<p>En este evento se cont\u00f3 con la presencia de integrantes del Consejo de Cronistas del Ayuntamiento de Cuernavaca y de ciudadanos de diversas zonas de la capital morelense y del estado.<\/p>\n\n\t\t<style type=\"text\/css\">\n\t\t\t#gallery-1 {\n\t\t\t\tmargin: auto;\n\t\t\t}\n\t\t\t#gallery-1 .gallery-item {\n\t\t\t\tfloat: left;\n\t\t\t\tmargin-top: 10px;\n\t\t\t\ttext-align: center;\n\t\t\t\twidth: 33%;\n\t\t\t}\n\t\t\t#gallery-1 img {\n\t\t\t\tborder: 2px solid #cfcfcf;\n\t\t\t}\n\t\t\t#gallery-1 .gallery-caption {\n\t\t\t\tmargin-left: 0;\n\t\t\t}\n\t\t\t\/* see gallery_shortcode() in wp-includes\/media.php *\/\n\t\t<\/style>\n\t\t<div id='gallery-1' class='gallery galleryid-43548 gallery-columns-3 gallery-size-thumbnail'><dl class='gallery-item'>\n\t\t\t<dt class='gallery-icon landscape'>\n\t\t\t\t<a href='https:\/\/cuernavaca.gob.mx\/?attachment_id=43549'><img width=\"150\" height=\"150\" src=\"https:\/\/cuernavaca.gob.mx\/wp-content\/uploads\/2024\/08\/7518150c-3364-45e5-a79d-6ce6e22d46b0-150x150.jpg\" class=\"attachment-thumbnail size-thumbnail\" alt=\"\" loading=\"lazy\" \/><\/a>\n\t\t\t<\/dt><\/dl><dl class='gallery-item'>\n\t\t\t<dt class='gallery-icon landscape'>\n\t\t\t\t<a href='https:\/\/cuernavaca.gob.mx\/?attachment_id=43550'><img width=\"150\" height=\"150\" src=\"https:\/\/cuernavaca.gob.mx\/wp-content\/uploads\/2024\/08\/67494052-4dc5-415b-9138-20ca5df82666-150x150.jpg\" class=\"attachment-thumbnail size-thumbnail\" alt=\"\" loading=\"lazy\" \/><\/a>\n\t\t\t<\/dt><\/dl><dl class='gallery-item'>\n\t\t\t<dt class='gallery-icon landscape'>\n\t\t\t\t<a href='https:\/\/cuernavaca.gob.mx\/?attachment_id=43551'><img width=\"150\" height=\"150\" src=\"https:\/\/cuernavaca.gob.mx\/wp-content\/uploads\/2024\/08\/AYUNTAMIENTO-DE-CUERNAVACA-Y-CENTRO-INAH-MORELOS-ACERCAN-LA-CRO\u0301NICA-Y-REMEMBRANZAS-A-LOS-CUERNAVAQUENSES-1-150x150.jpg\" class=\"attachment-thumbnail size-thumbnail\" alt=\"\" loading=\"lazy\" \/><\/a>\n\t\t\t<\/dt><\/dl><br style=\"clear: both\" \/><dl class='gallery-item'>\n\t\t\t<dt class='gallery-icon landscape'>\n\t\t\t\t<a href='https:\/\/cuernavaca.gob.mx\/?attachment_id=43552'><img width=\"150\" height=\"150\" src=\"https:\/\/cuernavaca.gob.mx\/wp-content\/uploads\/2024\/08\/AYUNTAMIENTO-DE-CUERNAVACA-Y-CENTRO-INAH-MORELOS-ACERCAN-LA-CRO\u0301NICA-Y-REMEMBRANZAS-A-LOS-CUERNAVAQUENSES-2-150x150.jpg\" class=\"attachment-thumbnail size-thumbnail\" alt=\"\" loading=\"lazy\" \/><\/a>\n\t\t\t<\/dt><\/dl><dl class='gallery-item'>\n\t\t\t<dt class='gallery-icon landscape'>\n\t\t\t\t<a href='https:\/\/cuernavaca.gob.mx\/?attachment_id=43553'><img width=\"150\" height=\"150\" src=\"https:\/\/cuernavaca.gob.mx\/wp-content\/uploads\/2024\/08\/AYUNTAMIENTO-DE-CUERNAVACA-Y-CENTRO-INAH-MORELOS-ACERCAN-LA-CRO\u0301NICA-Y-REMEMBRANZAS-A-LOS-CUERNAVAQUENSES-3-150x150.jpg\" class=\"attachment-thumbnail size-thumbnail\" alt=\"\" loading=\"lazy\" \/><\/a>\n\t\t\t<\/dt><\/dl><dl class='gallery-item'>\n\t\t\t<dt class='gallery-icon landscape'>\n\t\t\t\t<a href='https:\/\/cuernavaca.gob.mx\/?attachment_id=43554'><img width=\"150\" height=\"150\" src=\"https:\/\/cuernavaca.gob.mx\/wp-content\/uploads\/2024\/08\/AYUNTAMIENTO-DE-CUERNAVACA-Y-CENTRO-INAH-MORELOS-ACERCAN-LA-CRO\u0301NICA-Y-REMEMBRANZAS-A-LOS-CUERNAVAQUENSES-4-150x150.jpg\" class=\"attachment-thumbnail size-thumbnail\" alt=\"\" loading=\"lazy\" \/><\/a>\n\t\t\t<\/dt><\/dl><br style=\"clear: both\" \/>\n\t\t<\/div>\n\n","protected":false},"excerpt":{"rendered":"<p>\u2022 Se llev\u00f3 a cabo en colaboraci\u00f3n con el presidente municipal Jos\u00e9 Luis Uri\u00f3stegui y del Consejo de Cronistas del Ayuntamiento de Cuernavaca, se llev\u00f3 a cabo el Conversatorio \u201cEl oficio del cronista\u201d \u2022 Cont\u00f3 con la participaci\u00f3n de cronistas de los estados de Puebla y Veracruz, as\u00ed como de Morelos, quienes dieron un panorama [&hellip;]<\/p>\n","protected":false},"author":1,"featured_media":43549,"comment_status":"closed","ping_status":"open","sticky":false,"template":"","format":"standard","meta":[],"categories":[2292],"tags":[2515,121,190,1071,120,206,127],"aioseo_notices":[],"_links":{"self":[{"href":"https:\/\/cuernavaca.gob.mx\/index.php?rest_route=\/wp\/v2\/posts\/43548"}],"collection":[{"href":"https:\/\/cuernavaca.gob.mx\/index.php?rest_route=\/wp\/v2\/posts"}],"about":[{"href":"https:\/\/cuernavaca.gob.mx\/index.php?rest_route=\/wp\/v2\/types\/post"}],"author":[{"embeddable":true,"href":"https:\/\/cuernavaca.gob.mx\/index.php?rest_route=\/wp\/v2\/users\/1"}],"replies":[{"embeddable":true,"href":"https:\/\/cuernavaca.gob.mx\/index.php?rest_route=%2Fwp%2Fv2%2Fcomments&post=43548"}],"version-history":[{"count":1,"href":"https:\/\/cuernavaca.gob.mx\/index.php?rest_route=\/wp\/v2\/posts\/43548\/revisions"}],"predecessor-version":[{"id":43555,"href":"https:\/\/cuernavaca.gob.mx\/index.php?rest_route=\/wp\/v2\/posts\/43548\/revisions\/43555"}],"wp:featuredmedia":[{"embeddable":true,"href":"https:\/\/cuernavaca.gob.mx\/index.php?rest_route=\/wp\/v2\/media\/43549"}],"wp:attachment":[{"href":"https:\/\/cuernavaca.gob.mx\/index.php?rest_route=%2Fwp%2Fv2%2Fmedia&parent=43548"}],"wp:term":[{"taxonomy":"category","embeddable":true,"href":"https:\/\/cuernavaca.gob.mx\/index.php?rest_route=%2Fwp%2Fv2%2Fcategories&post=43548"},{"taxonomy":"post_tag","embeddable":true,"href":"https:\/\/cuernavaca.gob.mx\/index.php?rest_route=%2Fwp%2Fv2%2Ftags&post=43548"}],"curies":[{"name":"wp","href":"https:\/\/api.w.org\/{rel}","templated":true}]}}