{"id":43556,"date":"2024-08-30T15:15:09","date_gmt":"2024-08-30T21:15:09","guid":{"rendered":"https:\/\/cuernavaca.gob.mx\/?p=43556"},"modified":"2024-08-30T17:02:50","modified_gmt":"2024-08-30T23:02:50","slug":"b1929-30-08-24-cabildos-abiertos-de-cuernavaca-destacan-en-el-estado-de-morelos-por-su-cercania-y-efectividad-en-la-atencion-directa-a-la-gente","status":"publish","type":"post","link":"https:\/\/cuernavaca.gob.mx\/?p=43556","title":{"rendered":"B1929 30\/08\/24 CABILDOS ABIERTOS DE CUERNAVACA DESTACAN EN EL ESTADO DE MORELOS POR SU CERCAN\u00cdA Y EFECTIVIDAD EN LA ATENCI\u00d3N DIRECTA A LA GENTE"},"content":{"rendered":"<p><strong>\u2022 Este viernes se llev\u00f3 a cabo la XXXI Sesi\u00f3n de Cabildo Abierto en la colonia La Uni\u00f3n, primera secci\u00f3n con la participaci\u00f3n de vecinos de diferentes colonias de la ciudad presentando peticiones diversas<\/strong><\/p>\n<p><strong>\u2022 El presidente municipal Jos\u00e9 Luis Uri\u00f3stegui resalt\u00f3 el compromiso mostrado por el cuerpo edilicio por cumplir de manera mensual con este ejercicio de participaci\u00f3n ciudadana<\/strong><\/p>\n<p>Como ha ocurrido desde el inicio de la administraci\u00f3n de conformidad con la Ley Org\u00e1nica Municipal, el Cabildo del Ayuntamiento de Cuernavaca contin\u00faa atendiendo de primera mano las necesidades y peticiones de la ciudadan\u00eda a trav\u00e9s de las sesiones de Cabildo Abierto que se han efectuado en los 12 pueblos originarios de la ciudad y otros lugares m\u00e1s rec\u00f3nditos y alejados donde dif\u00edcilmente autoridades locales no acud\u00edan para dar atenci\u00f3n a peticiones ciudadanas y generar un desarrollo m\u00e1s equitativo del municipio.<\/p>\n<p>En la colonia La Uni\u00f3n, primera secci\u00f3n al sur poniente del municipio, donde se desarroll\u00f3 este viernes la XXXI sesi\u00f3n de Cabildo Abierto, el presidente municipal de Cuernavaca, Jos\u00e9 Luis Uri\u00f3stegui Salgado, resalt\u00f3 el compromiso mostrado por el cuerpo edilicio para salir del Ayuntamiento y escuchar a la poblaci\u00f3n en territorio, tomando nota de la problem\u00e1tica para incidir en su soluci\u00f3n y si bien algunos de los problemas que les han planteado son recurrentes y no existen las condiciones para resolverlos, sin duda han avanzado en las soluciones que son factibles llevar a cabo a la brevedad.<\/p>\n<p>Al determinar en ocasiones lugares que podr\u00edan considerarse m\u00e1s alejados, puntualiz\u00f3 que no se trata de ubicarse en un lugar a donde no pueden llegar, al contrario, lo que buscan es estar en las zonas donde tradicionalmente la autoridad no va, por lo cual agradeci\u00f3 que la ciudadan\u00eda se tome las molestias y el tiempo para participar, ya que en estos ejercicios asisten vecinos de distintas colonias y poblados como ocurri\u00f3 este viernes con habitantes, no solo de La Uni\u00f3n, primera y segunda acci\u00f3n; sino tambi\u00e9n de San Miguel Apatlaco, Bosques de Florida, Lomas de Cort\u00e9s, La Mojonera, Para\u00edso de las Flores, Ampliaci\u00f3n Ruiz Cortines, Nueva Tenochtitl\u00e1n, de los poblados de Tetela del Monte y Santa Mar\u00eda Ahuacatitl\u00e1n, as\u00ed como del Fraccionamiento La Ca\u00f1ada y el condominio Jardines de Tabach\u00edn.<\/p>\n<p>Acompa\u00f1ado del secretario del Ayuntamiento, Carlos de la Rosa Segura y de los regidores Wendi Salinas Ruiz, Paz Hern\u00e1ndez Pardo, Lucero Cuenca Noria, Fernando Carrillo Alvarado, Sergio Quevedo N\u00fa\u00f1ez, Debendrenath Salazar Solorio y V\u00edctor Manzo God\u00ednez, atendieron diversas peticiones desde poda de \u00e1rboles, hasta limpieza de barrancas, la instalaci\u00f3n de c\u00e1maras de videovigilancia para conectarse al C4 de Cuernavaca, jornadas de termonebulizaci\u00f3n contra el dengue, la posibilidad de adoptar un camell\u00f3n, el seguimiento a peticiones de obra p\u00fablica y la regularizaci\u00f3n como fraccionamientos.<\/p>\n<p>No obstante, los participantes tambi\u00e9n aprovecharon este espacio para agradecer el apoyo del Ayuntamiento de Cuernavaca que en estos casi tres a\u00f1os de administraci\u00f3n ha atendido en la medida de sus posibilidades y la suficiencia presupuestal sus peticiones, particularmente en materia de obras y servicios p\u00fablicos como ocurri\u00f3 en la zona poniente de Cuernavaca con la construcci\u00f3n con pavimento asf\u00e1ltico del camino que comunica a las colonias Lagunilla y la Uni\u00f3n que se hab\u00eda solicitado desde hace varios a\u00f1os.<\/p>\n<p>El Cabildo de Cuernavaca agradeci\u00f3 la hospitalidad de Adri\u00e1n Fragoso; del presidente del Ejido del Salto de San Ant\u00f3n, Mauricio Manuel Fragoso Segura, del presidente del Consejo de la colonia La Uni\u00f3n, primera secci\u00f3n, Tom\u00e1s Sim\u00f3n Fragoso Segura y del delegado de Mariano Matamoros Orive, Rafael Franco Tavira.<\/p>\n<p>A este ejercicio de participaci\u00f3n ciudadana asistieron tambi\u00e9n integrantes del Gabinete con el objetivo de hacer vinculantes cada una de las solicitudes y garantizar su atenci\u00f3n inmediata y eficaz.<\/p>\n\n\t\t<style type=\"text\/css\">\n\t\t\t#gallery-1 {\n\t\t\t\tmargin: auto;\n\t\t\t}\n\t\t\t#gallery-1 .gallery-item {\n\t\t\t\tfloat: left;\n\t\t\t\tmargin-top: 10px;\n\t\t\t\ttext-align: center;\n\t\t\t\twidth: 33%;\n\t\t\t}\n\t\t\t#gallery-1 img {\n\t\t\t\tborder: 2px solid #cfcfcf;\n\t\t\t}\n\t\t\t#gallery-1 .gallery-caption {\n\t\t\t\tmargin-left: 0;\n\t\t\t}\n\t\t\t\/* see gallery_shortcode() in wp-includes\/media.php *\/\n\t\t<\/style>\n\t\t<div id='gallery-1' class='gallery galleryid-43556 gallery-columns-3 gallery-size-thumbnail'><dl class='gallery-item'>\n\t\t\t<dt class='gallery-icon landscape'>\n\t\t\t\t<a href='https:\/\/cuernavaca.gob.mx\/?attachment_id=43557'><img width=\"150\" height=\"150\" src=\"https:\/\/cuernavaca.gob.mx\/wp-content\/uploads\/2024\/08\/CABILDOS-ABIERTOS-DE-CUERNAVACA-DESTACAN-EN-EL-ESTADO-DE-MORELOS-POR-SU-CERCANI\u0301A-Y-EFECTIVIDAD-EN-LA-ATENCIO\u0301N-DIRECTA-A-LA-GENTE-1-150x150.jpg\" class=\"attachment-thumbnail size-thumbnail\" alt=\"\" loading=\"lazy\" \/><\/a>\n\t\t\t<\/dt><\/dl><dl class='gallery-item'>\n\t\t\t<dt class='gallery-icon landscape'>\n\t\t\t\t<a href='https:\/\/cuernavaca.gob.mx\/?attachment_id=43558'><img width=\"150\" height=\"150\" src=\"https:\/\/cuernavaca.gob.mx\/wp-content\/uploads\/2024\/08\/CABILDOS-ABIERTOS-DE-CUERNAVACA-DESTACAN-EN-EL-ESTADO-DE-MORELOS-POR-SU-CERCANI\u0301A-Y-EFECTIVIDAD-EN-LA-ATENCIO\u0301N-DIRECTA-A-LA-GENTE-2-150x150.jpg\" class=\"attachment-thumbnail size-thumbnail\" alt=\"\" loading=\"lazy\" \/><\/a>\n\t\t\t<\/dt><\/dl><dl class='gallery-item'>\n\t\t\t<dt class='gallery-icon landscape'>\n\t\t\t\t<a href='https:\/\/cuernavaca.gob.mx\/?attachment_id=43559'><img width=\"150\" height=\"150\" src=\"https:\/\/cuernavaca.gob.mx\/wp-content\/uploads\/2024\/08\/CABILDOS-ABIERTOS-DE-CUERNAVACA-DESTACAN-EN-EL-ESTADO-DE-MORELOS-POR-SU-CERCANI\u0301A-Y-EFECTIVIDAD-EN-LA-ATENCIO\u0301N-DIRECTA-A-LA-GENTE-3-150x150.jpg\" class=\"attachment-thumbnail size-thumbnail\" alt=\"\" loading=\"lazy\" \/><\/a>\n\t\t\t<\/dt><\/dl><br style=\"clear: both\" \/><dl class='gallery-item'>\n\t\t\t<dt class='gallery-icon landscape'>\n\t\t\t\t<a href='https:\/\/cuernavaca.gob.mx\/?attachment_id=43560'><img width=\"150\" height=\"150\" src=\"https:\/\/cuernavaca.gob.mx\/wp-content\/uploads\/2024\/08\/CABILDOS-ABIERTOS-DE-CUERNAVACA-DESTACAN-EN-EL-ESTADO-DE-MORELOS-POR-SU-CERCANI\u0301A-Y-EFECTIVIDAD-EN-LA-ATENCIO\u0301N-DIRECTA-A-LA-GENTE-4-150x150.jpg\" class=\"attachment-thumbnail size-thumbnail\" alt=\"\" loading=\"lazy\" \/><\/a>\n\t\t\t<\/dt><\/dl><dl class='gallery-item'>\n\t\t\t<dt class='gallery-icon landscape'>\n\t\t\t\t<a href='https:\/\/cuernavaca.gob.mx\/?attachment_id=43561'><img width=\"150\" height=\"150\" src=\"https:\/\/cuernavaca.gob.mx\/wp-content\/uploads\/2024\/08\/CABILDOS-ABIERTOS-DE-CUERNAVACA-DESTACAN-EN-EL-ESTADO-DE-MORELOS-POR-SU-CERCANI\u0301A-Y-EFECTIVIDAD-EN-LA-ATENCIO\u0301N-DIRECTA-A-LA-GENTE-5-150x150.jpg\" class=\"attachment-thumbnail size-thumbnail\" alt=\"\" loading=\"lazy\" \/><\/a>\n\t\t\t<\/dt><\/dl><dl class='gallery-item'>\n\t\t\t<dt class='gallery-icon landscape'>\n\t\t\t\t<a href='https:\/\/cuernavaca.gob.mx\/?attachment_id=43562'><img width=\"150\" height=\"150\" src=\"https:\/\/cuernavaca.gob.mx\/wp-content\/uploads\/2024\/08\/CABILDOS-ABIERTOS-DE-CUERNAVACA-DESTACAN-EN-EL-ESTADO-DE-MORELOS-POR-SU-CERCANI\u0301A-Y-EFECTIVIDAD-EN-LA-ATENCIO\u0301N-DIRECTA-A-LA-GENTE-6-150x150.jpg\" class=\"attachment-thumbnail size-thumbnail\" alt=\"\" loading=\"lazy\" \/><\/a>\n\t\t\t<\/dt><\/dl><br style=\"clear: both\" \/><dl class='gallery-item'>\n\t\t\t<dt class='gallery-icon landscape'>\n\t\t\t\t<a href='https:\/\/cuernavaca.gob.mx\/?attachment_id=43563'><img width=\"150\" height=\"150\" src=\"https:\/\/cuernavaca.gob.mx\/wp-content\/uploads\/2024\/08\/CABILDOS-ABIERTOS-DE-CUERNAVACA-DESTACAN-EN-EL-ESTADO-DE-MORELOS-POR-SU-CERCANI\u0301A-Y-EFECTIVIDAD-EN-LA-ATENCIO\u0301N-DIRECTA-A-LA-GENTE-7-150x150.jpg\" class=\"attachment-thumbnail size-thumbnail\" alt=\"\" loading=\"lazy\" \/><\/a>\n\t\t\t<\/dt><\/dl><dl class='gallery-item'>\n\t\t\t<dt class='gallery-icon landscape'>\n\t\t\t\t<a href='https:\/\/cuernavaca.gob.mx\/?attachment_id=43564'><img width=\"150\" height=\"150\" src=\"https:\/\/cuernavaca.gob.mx\/wp-content\/uploads\/2024\/08\/CABILDOS-ABIERTOS-DE-CUERNAVACA-DESTACAN-EN-EL-ESTADO-DE-MORELOS-POR-SU-CERCANI\u0301A-Y-EFECTIVIDAD-EN-LA-ATENCIO\u0301N-DIRECTA-A-LA-GENTE-8-150x150.jpg\" class=\"attachment-thumbnail size-thumbnail\" alt=\"\" loading=\"lazy\" \/><\/a>\n\t\t\t<\/dt><\/dl><dl class='gallery-item'>\n\t\t\t<dt class='gallery-icon landscape'>\n\t\t\t\t<a href='https:\/\/cuernavaca.gob.mx\/?attachment_id=43565'><img width=\"150\" height=\"150\" src=\"https:\/\/cuernavaca.gob.mx\/wp-content\/uploads\/2024\/08\/CABILDOS-ABIERTOS-DE-CUERNAVACA-DESTACAN-EN-EL-ESTADO-DE-MORELOS-POR-SU-CERCANI\u0301A-Y-EFECTIVIDAD-EN-LA-ATENCIO\u0301N-DIRECTA-A-LA-GENTE-9-150x150.jpg\" class=\"attachment-thumbnail size-thumbnail\" alt=\"\" loading=\"lazy\" \/><\/a>\n\t\t\t<\/dt><\/dl><br style=\"clear: both\" \/><dl class='gallery-item'>\n\t\t\t<dt class='gallery-icon landscape'>\n\t\t\t\t<a href='https:\/\/cuernavaca.gob.mx\/?attachment_id=43566'><img width=\"150\" height=\"150\" src=\"https:\/\/cuernavaca.gob.mx\/wp-content\/uploads\/2024\/08\/CABILDOS-ABIERTOS-DE-CUERNAVACA-DESTACAN-EN-EL-ESTADO-DE-MORELOS-POR-SU-CERCANI\u0301A-Y-EFECTIVIDAD-EN-LA-ATENCIO\u0301N-DIRECTA-A-LA-GENTE-10-150x150.jpg\" class=\"attachment-thumbnail size-thumbnail\" alt=\"\" loading=\"lazy\" \/><\/a>\n\t\t\t<\/dt><\/dl><dl class='gallery-item'>\n\t\t\t<dt class='gallery-icon landscape'>\n\t\t\t\t<a href='https:\/\/cuernavaca.gob.mx\/?attachment_id=43567'><img width=\"150\" height=\"150\" src=\"https:\/\/cuernavaca.gob.mx\/wp-content\/uploads\/2024\/08\/CABILDOS-ABIERTOS-DE-CUERNAVACA-DESTACAN-EN-EL-ESTADO-DE-MORELOS-POR-SU-CERCANI\u0301A-Y-EFECTIVIDAD-EN-LA-ATENCIO\u0301N-DIRECTA-A-LA-GENTE-11-150x150.jpg\" class=\"attachment-thumbnail size-thumbnail\" alt=\"\" loading=\"lazy\" \/><\/a>\n\t\t\t<\/dt><\/dl><dl class='gallery-item'>\n\t\t\t<dt class='gallery-icon landscape'>\n\t\t\t\t<a href='https:\/\/cuernavaca.gob.mx\/?attachment_id=43568'><img width=\"150\" height=\"150\" src=\"https:\/\/cuernavaca.gob.mx\/wp-content\/uploads\/2024\/08\/CABILDOS-ABIERTOS-DE-CUERNAVACA-DESTACAN-EN-EL-ESTADO-DE-MORELOS-POR-SU-CERCANI\u0301A-Y-EFECTIVIDAD-EN-LA-ATENCIO\u0301N-DIRECTA-A-LA-GENTE-12-150x150.jpg\" class=\"attachment-thumbnail size-thumbnail\" alt=\"\" loading=\"lazy\" \/><\/a>\n\t\t\t<\/dt><\/dl><br style=\"clear: both\" \/><dl class='gallery-item'>\n\t\t\t<dt class='gallery-icon landscape'>\n\t\t\t\t<a href='https:\/\/cuernavaca.gob.mx\/?attachment_id=43569'><img width=\"150\" height=\"150\" src=\"https:\/\/cuernavaca.gob.mx\/wp-content\/uploads\/2024\/08\/CABILDOS-ABIERTOS-DE-CUERNAVACA-DESTACAN-EN-EL-ESTADO-DE-MORELOS-POR-SU-CERCANI\u0301A-Y-EFECTIVIDAD-EN-LA-ATENCIO\u0301N-DIRECTA-A-LA-GENTE-13-150x150.jpg\" class=\"attachment-thumbnail size-thumbnail\" alt=\"\" loading=\"lazy\" \/><\/a>\n\t\t\t<\/dt><\/dl><dl class='gallery-item'>\n\t\t\t<dt class='gallery-icon landscape'>\n\t\t\t\t<a href='https:\/\/cuernavaca.gob.mx\/?attachment_id=43570'><img width=\"150\" height=\"150\" src=\"https:\/\/cuernavaca.gob.mx\/wp-content\/uploads\/2024\/08\/CABILDOS-ABIERTOS-DE-CUERNAVACA-DESTACAN-EN-EL-ESTADO-DE-MORELOS-POR-SU-CERCANI\u0301A-Y-EFECTIVIDAD-EN-LA-ATENCIO\u0301N-DIRECTA-A-LA-GENTE-14-150x150.jpg\" class=\"attachment-thumbnail size-thumbnail\" alt=\"\" loading=\"lazy\" \/><\/a>\n\t\t\t<\/dt><\/dl><dl class='gallery-item'>\n\t\t\t<dt class='gallery-icon landscape'>\n\t\t\t\t<a href='https:\/\/cuernavaca.gob.mx\/?attachment_id=43571'><img width=\"150\" height=\"150\" src=\"https:\/\/cuernavaca.gob.mx\/wp-content\/uploads\/2024\/08\/CABILDOS-ABIERTOS-DE-CUERNAVACA-DESTACAN-EN-EL-ESTADO-DE-MORELOS-POR-SU-CERCANI\u0301A-Y-EFECTIVIDAD-EN-LA-ATENCIO\u0301N-DIRECTA-A-LA-GENTE-15-150x150.jpg\" class=\"attachment-thumbnail size-thumbnail\" alt=\"\" loading=\"lazy\" \/><\/a>\n\t\t\t<\/dt><\/dl><br style=\"clear: both\" \/><dl class='gallery-item'>\n\t\t\t<dt class='gallery-icon landscape'>\n\t\t\t\t<a href='https:\/\/cuernavaca.gob.mx\/?attachment_id=43572'><img width=\"150\" height=\"150\" src=\"https:\/\/cuernavaca.gob.mx\/wp-content\/uploads\/2024\/08\/CABILDOS-ABIERTOS-DE-CUERNAVACA-DESTACAN-EN-EL-ESTADO-DE-MORELOS-POR-SU-CERCANI\u0301A-Y-EFECTIVIDAD-EN-LA-ATENCIO\u0301N-DIRECTA-A-LA-GENTE-16-150x150.jpg\" class=\"attachment-thumbnail size-thumbnail\" alt=\"\" loading=\"lazy\" \/><\/a>\n\t\t\t<\/dt><\/dl><dl class='gallery-item'>\n\t\t\t<dt class='gallery-icon landscape'>\n\t\t\t\t<a href='https:\/\/cuernavaca.gob.mx\/?attachment_id=43573'><img width=\"150\" height=\"150\" src=\"https:\/\/cuernavaca.gob.mx\/wp-content\/uploads\/2024\/08\/CABILDOS-ABIERTOS-DE-CUERNAVACA-DESTACAN-EN-EL-ESTADO-DE-MORELOS-POR-SU-CERCANI\u0301A-Y-EFECTIVIDAD-EN-LA-ATENCIO\u0301N-DIRECTA-A-LA-GENTE-17-150x150.jpg\" class=\"attachment-thumbnail size-thumbnail\" alt=\"\" loading=\"lazy\" \/><\/a>\n\t\t\t<\/dt><\/dl>\n\t\t\t<br style='clear: both' \/>\n\t\t<\/div>\n\n","protected":false},"excerpt":{"rendered":"<p>\u2022 Este viernes se llev\u00f3 a cabo la XXXI Sesi\u00f3n de Cabildo Abierto en la colonia La Uni\u00f3n, primera secci\u00f3n con la participaci\u00f3n de vecinos de diferentes colonias de la ciudad presentando peticiones diversas \u2022 El presidente municipal Jos\u00e9 Luis Uri\u00f3stegui resalt\u00f3 el compromiso mostrado por el cuerpo edilicio por cumplir de manera mensual con [&hellip;]<\/p>\n","protected":false},"author":1,"featured_media":43572,"comment_status":"closed","ping_status":"open","sticky":false,"template":"","format":"standard","meta":[],"categories":[3047],"tags":[158,875,988,121,288,1929,120,383,127],"aioseo_notices":[],"_links":{"self":[{"href":"https:\/\/cuernavaca.gob.mx\/index.php?rest_route=\/wp\/v2\/posts\/43556"}],"collection":[{"href":"https:\/\/cuernavaca.gob.mx\/index.php?rest_route=\/wp\/v2\/posts"}],"about":[{"href":"https:\/\/cuernavaca.gob.mx\/index.php?rest_route=\/wp\/v2\/types\/post"}],"author":[{"embeddable":true,"href":"https:\/\/cuernavaca.gob.mx\/index.php?rest_route=\/wp\/v2\/users\/1"}],"replies":[{"embeddable":true,"href":"https:\/\/cuernavaca.gob.mx\/index.php?rest_route=%2Fwp%2Fv2%2Fcomments&post=43556"}],"version-history":[{"count":1,"href":"https:\/\/cuernavaca.gob.mx\/index.php?rest_route=\/wp\/v2\/posts\/43556\/revisions"}],"predecessor-version":[{"id":43574,"href":"https:\/\/cuernavaca.gob.mx\/index.php?rest_route=\/wp\/v2\/posts\/43556\/revisions\/43574"}],"wp:featuredmedia":[{"embeddable":true,"href":"https:\/\/cuernavaca.gob.mx\/index.php?rest_route=\/wp\/v2\/media\/43572"}],"wp:attachment":[{"href":"https:\/\/cuernavaca.gob.mx\/index.php?rest_route=%2Fwp%2Fv2%2Fmedia&parent=43556"}],"wp:term":[{"taxonomy":"category","embeddable":true,"href":"https:\/\/cuernavaca.gob.mx\/index.php?rest_route=%2Fwp%2Fv2%2Fcategories&post=43556"},{"taxonomy":"post_tag","embeddable":true,"href":"https:\/\/cuernavaca.gob.mx\/index.php?rest_route=%2Fwp%2Fv2%2Ftags&post=43556"}],"curies":[{"name":"wp","href":"https:\/\/api.w.org\/{rel}","templated":true}]}}