{"id":43591,"date":"2024-08-31T18:00:02","date_gmt":"2024-09-01T00:00:02","guid":{"rendered":"https:\/\/cuernavaca.gob.mx\/?p=43591"},"modified":"2024-08-31T18:47:03","modified_gmt":"2024-09-01T00:47:03","slug":"b1931-31-08-24-jovenes-y-familias-se-apropian-de-las-calles-con-el-festival-empresarial-de-la-juventud-cuernavaca-2024","status":"publish","type":"post","link":"https:\/\/cuernavaca.gob.mx\/?p=43591","title":{"rendered":"B1931 31\/08\/24 J\u00d3VENES Y FAMILIAS SE APROPIAN DE LAS CALLES CON EL FESTIVAL EMPRESARIAL DE LA JUVENTUD CUERNAVACA 2024"},"content":{"rendered":"<p><strong>\u00b0 El presidente municipal Jos\u00e9 Luis Uri\u00f3stegui, recorri\u00f3 y particip\u00f3 en estas actividades convocadas por el Gobierno Municipal en el centro de la ciudad<\/strong><\/p>\n<p><strong>* En esta tercera edici\u00f3n de este festival se cont\u00f3 con la participaci\u00f3n de 63 empresas que ofrecieron de manera gratuitas diversas actividades<\/strong><\/p>\n<p>Para cerrar el mes Internacional de la Juventud, el presidente municipal, Jos\u00e9 Luis Uri\u00f3stegui Salgado, particip\u00f3 este s\u00e1bado en la tercera edici\u00f3n del Festival Empresarial de la Juventud Cuernavaca 2024, donde reiter\u00f3 el compromiso de su administraci\u00f3n para seguir impulsando actividades que promuevan la convivencia comunitaria, promoviendo la apropiaci\u00f3n y recuperaci\u00f3n de los espacios p\u00fablicos como fue en este caso la calle Gutemberg en el Centro Hist\u00f3rico, donde m\u00e1s de cinco mil personas, entre j\u00f3venes y familias, se hicieron presentes.<\/p>\n<p>Acompa\u00f1ado de la secretaria de Desarrollo Humano y Participaci\u00f3n Social, Laura Hern\u00e1ndez Cruz, el director del Instituto de la Juventud, Arturo S\u00e1nchez Mart\u00ednez y el director de Fomento Empresarial, Eduardo S\u00e1nchez, recorri\u00f3 los stands donde los asistentes pudieron disfrutar de diferentes actividades recreativas, concursos, presentaciones de danza y m\u00fasica, as\u00ed como de un desfile de botargas a cargo de 63 empresas nacionales y locales, universidades privadas y dependencias municipales, como la Secretar\u00eda de Protecci\u00f3n y Auxilio Ciudadano (SEPRAC).<\/p>\n<p>Jos\u00e9 Luis Uri\u00f3stegui se\u00f1al\u00f3 que desde el primer a\u00f1o de administraci\u00f3n, decidieron crear el Festival de la Juventud, un espacio sin precedentes para que las juventudes y las familias convivan, se diviertan y se beneficien de servicios que se ofrecen los expositores.<\/p>\n<p>Al respecto, el director del Instituto de la Juventud de Cuernavaca, Arturo S\u00e1nchez, celebr\u00f3 que a\u00f1o con a\u00f1o la participaci\u00f3n de asistentes incremente en este espacio de expresi\u00f3n art\u00edstica, cultural, deportiva y recreativa tal y como lo encomend\u00f3 el alcalde Jos\u00e9 Luis Uri\u00f3stegui, siendo un punto de reuni\u00f3n y de convivencia sana para los j\u00f3venes entre los 12 y 29 a\u00f1os de edad, pero tambi\u00e9n de la sociedad civil organizada y de la poblaci\u00f3n en general que a salido de sus casas y se ha apropiado de los espacios p\u00fablicos en la ciudad.<\/p>\n<p>En este contexto, la secretaria de Desarrollo Humano y Participaci\u00f3n Social, Laura Hern\u00e1ndez, subray\u00f3 que el Festival Empresarial de la Juventud se enmarca dentro de una gran pol\u00edtica social a cargo del Gobierno Municipal para generar oportunidades, sum\u00e1ndose a acciones como las clases de ingl\u00e9s gratuitas, el programa de salud mental y las becas acad\u00e9micas, deportivas y culturales que son \u00fatiles para la formacion de las y los j\u00f3venes.<\/p>\n<p>Precis\u00f3 que desde la administraci\u00f3n municipal est\u00e1n convencidos que los problemas de la ciudad no puede resolverlos solamente el gobierno, por lo cual este evento es un ejemplo crucial donde con la iniciativa privada, la sociedad civil organizada, las familias, universidades e iniciativas de j\u00f3venes se conjuntan para celebrar el talento de la juventud, generar oportunidades para acceder a becas, y oportunidades de empleo, pero sobre todo, es un momento para encontrarse con los suyos.<\/p>\n<p>En esta tercera edici\u00f3n se cont\u00f3 con el apoyo de la diputada local, Andrea Gordillo Vega, quien particip\u00f3 en el acto inaugural en compa\u00f1\u00eda del regidor Fernando Carrillo Alvarado en representaci\u00f3n del Cabildo que respald\u00f3 la iniciativa y del secretario de Desarrollo Econ\u00f3mico y Turismo, Humberto Paladino Valdovinos; as\u00ed como de Irene Gonz\u00e1lez Amezcua, presidenta del Income y vicepresidenta de Canacintra Morelos.<\/p>\n\n\t\t<style type=\"text\/css\">\n\t\t\t#gallery-1 {\n\t\t\t\tmargin: auto;\n\t\t\t}\n\t\t\t#gallery-1 .gallery-item {\n\t\t\t\tfloat: left;\n\t\t\t\tmargin-top: 10px;\n\t\t\t\ttext-align: center;\n\t\t\t\twidth: 33%;\n\t\t\t}\n\t\t\t#gallery-1 img {\n\t\t\t\tborder: 2px solid #cfcfcf;\n\t\t\t}\n\t\t\t#gallery-1 .gallery-caption {\n\t\t\t\tmargin-left: 0;\n\t\t\t}\n\t\t\t\/* see gallery_shortcode() in wp-includes\/media.php *\/\n\t\t<\/style>\n\t\t<div id='gallery-1' class='gallery galleryid-43591 gallery-columns-3 gallery-size-thumbnail'><dl class='gallery-item'>\n\t\t\t<dt class='gallery-icon landscape'>\n\t\t\t\t<a href='https:\/\/cuernavaca.gob.mx\/?attachment_id=43592'><img width=\"150\" height=\"150\" src=\"https:\/\/cuernavaca.gob.mx\/wp-content\/uploads\/2024\/08\/JO\u0301VENES-Y-FAMILIAS-SE-APROPIAN-DE-LAS-CALLES-CON-EL-FESTIVAL-EMPRESARIAL-DE-LA-JUVENTUD-CUERNAVACA-2024-1-150x150.jpg\" class=\"attachment-thumbnail size-thumbnail\" alt=\"\" loading=\"lazy\" \/><\/a>\n\t\t\t<\/dt><\/dl><dl class='gallery-item'>\n\t\t\t<dt class='gallery-icon landscape'>\n\t\t\t\t<a href='https:\/\/cuernavaca.gob.mx\/?attachment_id=43593'><img width=\"150\" height=\"150\" src=\"https:\/\/cuernavaca.gob.mx\/wp-content\/uploads\/2024\/08\/JO\u0301VENES-Y-FAMILIAS-SE-APROPIAN-DE-LAS-CALLES-CON-EL-FESTIVAL-EMPRESARIAL-DE-LA-JUVENTUD-CUERNAVACA-2024-2-150x150.jpg\" class=\"attachment-thumbnail size-thumbnail\" alt=\"\" loading=\"lazy\" \/><\/a>\n\t\t\t<\/dt><\/dl><dl class='gallery-item'>\n\t\t\t<dt class='gallery-icon landscape'>\n\t\t\t\t<a href='https:\/\/cuernavaca.gob.mx\/?attachment_id=43594'><img width=\"150\" height=\"150\" src=\"https:\/\/cuernavaca.gob.mx\/wp-content\/uploads\/2024\/08\/JO\u0301VENES-Y-FAMILIAS-SE-APROPIAN-DE-LAS-CALLES-CON-EL-FESTIVAL-EMPRESARIAL-DE-LA-JUVENTUD-CUERNAVACA-2024-3-150x150.jpg\" class=\"attachment-thumbnail size-thumbnail\" alt=\"\" loading=\"lazy\" \/><\/a>\n\t\t\t<\/dt><\/dl><br style=\"clear: both\" \/><dl class='gallery-item'>\n\t\t\t<dt class='gallery-icon landscape'>\n\t\t\t\t<a href='https:\/\/cuernavaca.gob.mx\/?attachment_id=43595'><img width=\"150\" height=\"150\" src=\"https:\/\/cuernavaca.gob.mx\/wp-content\/uploads\/2024\/08\/JO\u0301VENES-Y-FAMILIAS-SE-APROPIAN-DE-LAS-CALLES-CON-EL-FESTIVAL-EMPRESARIAL-DE-LA-JUVENTUD-CUERNAVACA-2024-4-150x150.jpg\" class=\"attachment-thumbnail size-thumbnail\" alt=\"\" loading=\"lazy\" \/><\/a>\n\t\t\t<\/dt><\/dl><dl class='gallery-item'>\n\t\t\t<dt class='gallery-icon landscape'>\n\t\t\t\t<a href='https:\/\/cuernavaca.gob.mx\/?attachment_id=43596'><img width=\"150\" height=\"150\" src=\"https:\/\/cuernavaca.gob.mx\/wp-content\/uploads\/2024\/08\/JO\u0301VENES-Y-FAMILIAS-SE-APROPIAN-DE-LAS-CALLES-CON-EL-FESTIVAL-EMPRESARIAL-DE-LA-JUVENTUD-CUERNAVACA-2024-5-150x150.jpg\" class=\"attachment-thumbnail size-thumbnail\" alt=\"\" loading=\"lazy\" \/><\/a>\n\t\t\t<\/dt><\/dl><dl class='gallery-item'>\n\t\t\t<dt class='gallery-icon landscape'>\n\t\t\t\t<a href='https:\/\/cuernavaca.gob.mx\/?attachment_id=43597'><img width=\"150\" height=\"150\" src=\"https:\/\/cuernavaca.gob.mx\/wp-content\/uploads\/2024\/08\/JO\u0301VENES-Y-FAMILIAS-SE-APROPIAN-DE-LAS-CALLES-CON-EL-FESTIVAL-EMPRESARIAL-DE-LA-JUVENTUD-CUERNAVACA-2024-6-150x150.jpg\" class=\"attachment-thumbnail size-thumbnail\" alt=\"\" loading=\"lazy\" \/><\/a>\n\t\t\t<\/dt><\/dl><br style=\"clear: both\" \/><dl class='gallery-item'>\n\t\t\t<dt class='gallery-icon landscape'>\n\t\t\t\t<a href='https:\/\/cuernavaca.gob.mx\/?attachment_id=43598'><img width=\"150\" height=\"150\" src=\"https:\/\/cuernavaca.gob.mx\/wp-content\/uploads\/2024\/08\/JO\u0301VENES-Y-FAMILIAS-SE-APROPIAN-DE-LAS-CALLES-CON-EL-FESTIVAL-EMPRESARIAL-DE-LA-JUVENTUD-CUERNAVACA-2024-7-150x150.jpg\" class=\"attachment-thumbnail size-thumbnail\" alt=\"\" loading=\"lazy\" \/><\/a>\n\t\t\t<\/dt><\/dl><dl class='gallery-item'>\n\t\t\t<dt class='gallery-icon landscape'>\n\t\t\t\t<a href='https:\/\/cuernavaca.gob.mx\/?attachment_id=43599'><img width=\"150\" height=\"150\" src=\"https:\/\/cuernavaca.gob.mx\/wp-content\/uploads\/2024\/08\/JO\u0301VENES-Y-FAMILIAS-SE-APROPIAN-DE-LAS-CALLES-CON-EL-FESTIVAL-EMPRESARIAL-DE-LA-JUVENTUD-CUERNAVACA-2024-8-150x150.jpg\" class=\"attachment-thumbnail size-thumbnail\" alt=\"\" loading=\"lazy\" \/><\/a>\n\t\t\t<\/dt><\/dl><dl class='gallery-item'>\n\t\t\t<dt class='gallery-icon landscape'>\n\t\t\t\t<a href='https:\/\/cuernavaca.gob.mx\/?attachment_id=43600'><img width=\"150\" height=\"150\" src=\"https:\/\/cuernavaca.gob.mx\/wp-content\/uploads\/2024\/08\/JO\u0301VENES-Y-FAMILIAS-SE-APROPIAN-DE-LAS-CALLES-CON-EL-FESTIVAL-EMPRESARIAL-DE-LA-JUVENTUD-CUERNAVACA-2024-9-150x150.jpg\" class=\"attachment-thumbnail size-thumbnail\" alt=\"\" loading=\"lazy\" \/><\/a>\n\t\t\t<\/dt><\/dl><br style=\"clear: both\" \/><dl class='gallery-item'>\n\t\t\t<dt class='gallery-icon landscape'>\n\t\t\t\t<a href='https:\/\/cuernavaca.gob.mx\/?attachment_id=43601'><img width=\"150\" height=\"150\" src=\"https:\/\/cuernavaca.gob.mx\/wp-content\/uploads\/2024\/08\/JO\u0301VENES-Y-FAMILIAS-SE-APROPIAN-DE-LAS-CALLES-CON-EL-FESTIVAL-EMPRESARIAL-DE-LA-JUVENTUD-CUERNAVACA-2024-10-150x150.jpg\" class=\"attachment-thumbnail size-thumbnail\" alt=\"\" loading=\"lazy\" \/><\/a>\n\t\t\t<\/dt><\/dl><dl class='gallery-item'>\n\t\t\t<dt class='gallery-icon landscape'>\n\t\t\t\t<a href='https:\/\/cuernavaca.gob.mx\/?attachment_id=43602'><img width=\"150\" height=\"150\" src=\"https:\/\/cuernavaca.gob.mx\/wp-content\/uploads\/2024\/08\/JO\u0301VENES-Y-FAMILIAS-SE-APROPIAN-DE-LAS-CALLES-CON-EL-FESTIVAL-EMPRESARIAL-DE-LA-JUVENTUD-CUERNAVACA-2024-11-150x150.jpg\" class=\"attachment-thumbnail size-thumbnail\" alt=\"\" loading=\"lazy\" \/><\/a>\n\t\t\t<\/dt><\/dl><dl class='gallery-item'>\n\t\t\t<dt class='gallery-icon landscape'>\n\t\t\t\t<a href='https:\/\/cuernavaca.gob.mx\/?attachment_id=43603'><img width=\"150\" height=\"150\" src=\"https:\/\/cuernavaca.gob.mx\/wp-content\/uploads\/2024\/08\/JO\u0301VENES-Y-FAMILIAS-SE-APROPIAN-DE-LAS-CALLES-CON-EL-FESTIVAL-EMPRESARIAL-DE-LA-JUVENTUD-CUERNAVACA-2024-12-150x150.jpg\" class=\"attachment-thumbnail size-thumbnail\" alt=\"\" loading=\"lazy\" \/><\/a>\n\t\t\t<\/dt><\/dl><br style=\"clear: both\" \/><dl class='gallery-item'>\n\t\t\t<dt class='gallery-icon landscape'>\n\t\t\t\t<a href='https:\/\/cuernavaca.gob.mx\/?attachment_id=43604'><img width=\"150\" height=\"150\" src=\"https:\/\/cuernavaca.gob.mx\/wp-content\/uploads\/2024\/08\/JO\u0301VENES-Y-FAMILIAS-SE-APROPIAN-DE-LAS-CALLES-CON-EL-FESTIVAL-EMPRESARIAL-DE-LA-JUVENTUD-CUERNAVACA-2024-13-150x150.jpg\" class=\"attachment-thumbnail size-thumbnail\" alt=\"\" loading=\"lazy\" \/><\/a>\n\t\t\t<\/dt><\/dl><dl class='gallery-item'>\n\t\t\t<dt class='gallery-icon landscape'>\n\t\t\t\t<a href='https:\/\/cuernavaca.gob.mx\/?attachment_id=43605'><img width=\"150\" height=\"150\" src=\"https:\/\/cuernavaca.gob.mx\/wp-content\/uploads\/2024\/08\/JO\u0301VENES-Y-FAMILIAS-SE-APROPIAN-DE-LAS-CALLES-CON-EL-FESTIVAL-EMPRESARIAL-DE-LA-JUVENTUD-CUERNAVACA-2024-14-150x150.jpg\" class=\"attachment-thumbnail size-thumbnail\" alt=\"\" loading=\"lazy\" \/><\/a>\n\t\t\t<\/dt><\/dl><dl class='gallery-item'>\n\t\t\t<dt class='gallery-icon landscape'>\n\t\t\t\t<a href='https:\/\/cuernavaca.gob.mx\/?attachment_id=43606'><img width=\"150\" height=\"150\" src=\"https:\/\/cuernavaca.gob.mx\/wp-content\/uploads\/2024\/08\/JO\u0301VENES-Y-FAMILIAS-SE-APROPIAN-DE-LAS-CALLES-CON-EL-FESTIVAL-EMPRESARIAL-DE-LA-JUVENTUD-CUERNAVACA-2024-15-150x150.jpg\" class=\"attachment-thumbnail size-thumbnail\" alt=\"\" loading=\"lazy\" \/><\/a>\n\t\t\t<\/dt><\/dl><br style=\"clear: both\" \/><dl class='gallery-item'>\n\t\t\t<dt class='gallery-icon landscape'>\n\t\t\t\t<a href='https:\/\/cuernavaca.gob.mx\/?attachment_id=43607'><img width=\"150\" height=\"150\" src=\"https:\/\/cuernavaca.gob.mx\/wp-content\/uploads\/2024\/08\/JO\u0301VENES-Y-FAMILIAS-SE-APROPIAN-DE-LAS-CALLES-CON-EL-FESTIVAL-EMPRESARIAL-DE-LA-JUVENTUD-CUERNAVACA-2024-16-150x150.jpg\" class=\"attachment-thumbnail size-thumbnail\" alt=\"\" loading=\"lazy\" \/><\/a>\n\t\t\t<\/dt><\/dl><dl class='gallery-item'>\n\t\t\t<dt class='gallery-icon landscape'>\n\t\t\t\t<a href='https:\/\/cuernavaca.gob.mx\/?attachment_id=43608'><img width=\"150\" height=\"150\" src=\"https:\/\/cuernavaca.gob.mx\/wp-content\/uploads\/2024\/08\/JO\u0301VENES-Y-FAMILIAS-SE-APROPIAN-DE-LAS-CALLES-CON-EL-FESTIVAL-EMPRESARIAL-DE-LA-JUVENTUD-CUERNAVACA-2024-17-150x150.jpg\" class=\"attachment-thumbnail size-thumbnail\" alt=\"\" loading=\"lazy\" \/><\/a>\n\t\t\t<\/dt><\/dl><dl class='gallery-item'>\n\t\t\t<dt class='gallery-icon landscape'>\n\t\t\t\t<a href='https:\/\/cuernavaca.gob.mx\/?attachment_id=43609'><img width=\"150\" height=\"150\" src=\"https:\/\/cuernavaca.gob.mx\/wp-content\/uploads\/2024\/08\/JO\u0301VENES-Y-FAMILIAS-SE-APROPIAN-DE-LAS-CALLES-CON-EL-FESTIVAL-EMPRESARIAL-DE-LA-JUVENTUD-CUERNAVACA-2024-18-150x150.jpg\" class=\"attachment-thumbnail size-thumbnail\" alt=\"\" loading=\"lazy\" \/><\/a>\n\t\t\t<\/dt><\/dl><br style=\"clear: both\" \/><dl class='gallery-item'>\n\t\t\t<dt class='gallery-icon landscape'>\n\t\t\t\t<a href='https:\/\/cuernavaca.gob.mx\/?attachment_id=43610'><img width=\"150\" height=\"150\" src=\"https:\/\/cuernavaca.gob.mx\/wp-content\/uploads\/2024\/08\/JO\u0301VENES-Y-FAMILIAS-SE-APROPIAN-DE-LAS-CALLES-CON-EL-FESTIVAL-EMPRESARIAL-DE-LA-JUVENTUD-CUERNAVACA-2024-19-150x150.jpg\" class=\"attachment-thumbnail size-thumbnail\" alt=\"\" loading=\"lazy\" \/><\/a>\n\t\t\t<\/dt><\/dl><dl class='gallery-item'>\n\t\t\t<dt class='gallery-icon landscape'>\n\t\t\t\t<a href='https:\/\/cuernavaca.gob.mx\/?attachment_id=43611'><img width=\"150\" height=\"150\" src=\"https:\/\/cuernavaca.gob.mx\/wp-content\/uploads\/2024\/08\/JO\u0301VENES-Y-FAMILIAS-SE-APROPIAN-DE-LAS-CALLES-CON-EL-FESTIVAL-EMPRESARIAL-DE-LA-JUVENTUD-CUERNAVACA-2024-20-150x150.jpg\" class=\"attachment-thumbnail size-thumbnail\" alt=\"\" loading=\"lazy\" \/><\/a>\n\t\t\t<\/dt><\/dl><dl class='gallery-item'>\n\t\t\t<dt class='gallery-icon landscape'>\n\t\t\t\t<a href='https:\/\/cuernavaca.gob.mx\/?attachment_id=43612'><img width=\"150\" height=\"150\" src=\"https:\/\/cuernavaca.gob.mx\/wp-content\/uploads\/2024\/08\/JO\u0301VENES-Y-FAMILIAS-SE-APROPIAN-DE-LAS-CALLES-CON-EL-FESTIVAL-EMPRESARIAL-DE-LA-JUVENTUD-CUERNAVACA-2024-21-150x150.jpg\" class=\"attachment-thumbnail size-thumbnail\" alt=\"\" loading=\"lazy\" \/><\/a>\n\t\t\t<\/dt><\/dl><br style=\"clear: both\" \/><dl class='gallery-item'>\n\t\t\t<dt class='gallery-icon landscape'>\n\t\t\t\t<a href='https:\/\/cuernavaca.gob.mx\/?attachment_id=43613'><img width=\"150\" height=\"150\" src=\"https:\/\/cuernavaca.gob.mx\/wp-content\/uploads\/2024\/08\/JO\u0301VENES-Y-FAMILIAS-SE-APROPIAN-DE-LAS-CALLES-CON-EL-FESTIVAL-EMPRESARIAL-DE-LA-JUVENTUD-CUERNAVACA-2024-22-150x150.jpg\" class=\"attachment-thumbnail size-thumbnail\" alt=\"\" loading=\"lazy\" \/><\/a>\n\t\t\t<\/dt><\/dl><dl class='gallery-item'>\n\t\t\t<dt class='gallery-icon landscape'>\n\t\t\t\t<a href='https:\/\/cuernavaca.gob.mx\/?attachment_id=43614'><img width=\"150\" height=\"150\" src=\"https:\/\/cuernavaca.gob.mx\/wp-content\/uploads\/2024\/08\/JO\u0301VENES-Y-FAMILIAS-SE-APROPIAN-DE-LAS-CALLES-CON-EL-FESTIVAL-EMPRESARIAL-DE-LA-JUVENTUD-CUERNAVACA-2024-23-150x150.jpg\" class=\"attachment-thumbnail size-thumbnail\" alt=\"\" loading=\"lazy\" \/><\/a>\n\t\t\t<\/dt><\/dl><dl class='gallery-item'>\n\t\t\t<dt class='gallery-icon landscape'>\n\t\t\t\t<a href='https:\/\/cuernavaca.gob.mx\/?attachment_id=43615'><img width=\"150\" height=\"150\" src=\"https:\/\/cuernavaca.gob.mx\/wp-content\/uploads\/2024\/08\/JO\u0301VENES-Y-FAMILIAS-SE-APROPIAN-DE-LAS-CALLES-CON-EL-FESTIVAL-EMPRESARIAL-DE-LA-JUVENTUD-CUERNAVACA-2024-24-150x150.jpg\" class=\"attachment-thumbnail size-thumbnail\" alt=\"\" loading=\"lazy\" \/><\/a>\n\t\t\t<\/dt><\/dl><br style=\"clear: both\" \/><dl class='gallery-item'>\n\t\t\t<dt class='gallery-icon landscape'>\n\t\t\t\t<a href='https:\/\/cuernavaca.gob.mx\/?attachment_id=43616'><img width=\"150\" height=\"150\" src=\"https:\/\/cuernavaca.gob.mx\/wp-content\/uploads\/2024\/08\/JO\u0301VENES-Y-FAMILIAS-SE-APROPIAN-DE-LAS-CALLES-CON-EL-FESTIVAL-EMPRESARIAL-DE-LA-JUVENTUD-CUERNAVACA-2024-25-150x150.jpg\" class=\"attachment-thumbnail size-thumbnail\" alt=\"\" loading=\"lazy\" \/><\/a>\n\t\t\t<\/dt><\/dl><dl class='gallery-item'>\n\t\t\t<dt class='gallery-icon landscape'>\n\t\t\t\t<a href='https:\/\/cuernavaca.gob.mx\/?attachment_id=43617'><img width=\"150\" height=\"150\" src=\"https:\/\/cuernavaca.gob.mx\/wp-content\/uploads\/2024\/08\/JO\u0301VENES-Y-FAMILIAS-SE-APROPIAN-DE-LAS-CALLES-CON-EL-FESTIVAL-EMPRESARIAL-DE-LA-JUVENTUD-CUERNAVACA-2024-26-150x150.jpg\" class=\"attachment-thumbnail size-thumbnail\" alt=\"\" loading=\"lazy\" \/><\/a>\n\t\t\t<\/dt><\/dl><dl class='gallery-item'>\n\t\t\t<dt class='gallery-icon landscape'>\n\t\t\t\t<a href='https:\/\/cuernavaca.gob.mx\/?attachment_id=43618'><img width=\"150\" height=\"150\" src=\"https:\/\/cuernavaca.gob.mx\/wp-content\/uploads\/2024\/08\/JO\u0301VENES-Y-FAMILIAS-SE-APROPIAN-DE-LAS-CALLES-CON-EL-FESTIVAL-EMPRESARIAL-DE-LA-JUVENTUD-CUERNAVACA-2024-27-150x150.jpg\" class=\"attachment-thumbnail size-thumbnail\" alt=\"\" loading=\"lazy\" \/><\/a>\n\t\t\t<\/dt><\/dl><br style=\"clear: both\" \/><dl class='gallery-item'>\n\t\t\t<dt class='gallery-icon landscape'>\n\t\t\t\t<a href='https:\/\/cuernavaca.gob.mx\/?attachment_id=43619'><img width=\"150\" height=\"150\" src=\"https:\/\/cuernavaca.gob.mx\/wp-content\/uploads\/2024\/08\/JO\u0301VENES-Y-FAMILIAS-SE-APROPIAN-DE-LAS-CALLES-CON-EL-FESTIVAL-EMPRESARIAL-DE-LA-JUVENTUD-CUERNAVACA-2024-29-150x150.jpg\" class=\"attachment-thumbnail size-thumbnail\" alt=\"\" loading=\"lazy\" \/><\/a>\n\t\t\t<\/dt><\/dl><dl class='gallery-item'>\n\t\t\t<dt class='gallery-icon landscape'>\n\t\t\t\t<a href='https:\/\/cuernavaca.gob.mx\/?attachment_id=43620'><img width=\"150\" height=\"150\" src=\"https:\/\/cuernavaca.gob.mx\/wp-content\/uploads\/2024\/08\/JO\u0301VENES-Y-FAMILIAS-SE-APROPIAN-DE-LAS-CALLES-CON-EL-FESTIVAL-EMPRESARIAL-DE-LA-JUVENTUD-CUERNAVACA-2024-30-150x150.jpg\" class=\"attachment-thumbnail size-thumbnail\" alt=\"\" loading=\"lazy\" \/><\/a>\n\t\t\t<\/dt><\/dl><dl class='gallery-item'>\n\t\t\t<dt class='gallery-icon landscape'>\n\t\t\t\t<a href='https:\/\/cuernavaca.gob.mx\/?attachment_id=43621'><img width=\"150\" height=\"150\" src=\"https:\/\/cuernavaca.gob.mx\/wp-content\/uploads\/2024\/08\/JO\u0301VENES-Y-FAMILIAS-SE-APROPIAN-DE-LAS-CALLES-CON-EL-FESTIVAL-EMPRESARIAL-DE-LA-JUVENTUD-CUERNAVACA-2024-31-150x150.jpg\" class=\"attachment-thumbnail size-thumbnail\" alt=\"\" loading=\"lazy\" \/><\/a>\n\t\t\t<\/dt><\/dl><br style=\"clear: both\" \/><dl class='gallery-item'>\n\t\t\t<dt class='gallery-icon landscape'>\n\t\t\t\t<a href='https:\/\/cuernavaca.gob.mx\/?attachment_id=43622'><img width=\"150\" height=\"150\" src=\"https:\/\/cuernavaca.gob.mx\/wp-content\/uploads\/2024\/08\/JO\u0301VENES-Y-FAMILIAS-SE-APROPIAN-DE-LAS-CALLES-CON-EL-FESTIVAL-EMPRESARIAL-DE-LA-JUVENTUD-CUERNAVACA-2024-32-150x150.jpg\" class=\"attachment-thumbnail size-thumbnail\" alt=\"\" loading=\"lazy\" \/><\/a>\n\t\t\t<\/dt><\/dl><dl class='gallery-item'>\n\t\t\t<dt class='gallery-icon landscape'>\n\t\t\t\t<a href='https:\/\/cuernavaca.gob.mx\/?attachment_id=43623'><img width=\"150\" height=\"150\" src=\"https:\/\/cuernavaca.gob.mx\/wp-content\/uploads\/2024\/08\/JO\u0301VENES-Y-FAMILIAS-SE-APROPIAN-DE-LAS-CALLES-CON-EL-FESTIVAL-EMPRESARIAL-DE-LA-JUVENTUD-CUERNAVACA-2024-33-150x150.jpg\" class=\"attachment-thumbnail size-thumbnail\" alt=\"\" loading=\"lazy\" \/><\/a>\n\t\t\t<\/dt><\/dl><dl class='gallery-item'>\n\t\t\t<dt class='gallery-icon landscape'>\n\t\t\t\t<a href='https:\/\/cuernavaca.gob.mx\/?attachment_id=43624'><img width=\"150\" height=\"150\" src=\"https:\/\/cuernavaca.gob.mx\/wp-content\/uploads\/2024\/08\/JO\u0301VENES-Y-FAMILIAS-SE-APROPIAN-DE-LAS-CALLES-CON-EL-FESTIVAL-EMPRESARIAL-DE-LA-JUVENTUD-CUERNAVACA-2024-34-150x150.jpg\" class=\"attachment-thumbnail size-thumbnail\" alt=\"\" loading=\"lazy\" \/><\/a>\n\t\t\t<\/dt><\/dl><br style=\"clear: both\" \/><dl class='gallery-item'>\n\t\t\t<dt class='gallery-icon landscape'>\n\t\t\t\t<a href='https:\/\/cuernavaca.gob.mx\/?attachment_id=43625'><img width=\"150\" height=\"150\" src=\"https:\/\/cuernavaca.gob.mx\/wp-content\/uploads\/2024\/08\/JO\u0301VENES-Y-FAMILIAS-SE-APROPIAN-DE-LAS-CALLES-CON-EL-FESTIVAL-EMPRESARIAL-DE-LA-JUVENTUD-CUERNAVACA-2024-35-150x150.jpg\" class=\"attachment-thumbnail size-thumbnail\" alt=\"\" loading=\"lazy\" \/><\/a>\n\t\t\t<\/dt><\/dl><dl class='gallery-item'>\n\t\t\t<dt class='gallery-icon landscape'>\n\t\t\t\t<a href='https:\/\/cuernavaca.gob.mx\/?attachment_id=43626'><img width=\"150\" height=\"150\" src=\"https:\/\/cuernavaca.gob.mx\/wp-content\/uploads\/2024\/08\/JO\u0301VENES-Y-FAMILIAS-SE-APROPIAN-DE-LAS-CALLES-CON-EL-FESTIVAL-EMPRESARIAL-DE-LA-JUVENTUD-CUERNAVACA-2024-36-150x150.jpg\" class=\"attachment-thumbnail size-thumbnail\" alt=\"\" loading=\"lazy\" \/><\/a>\n\t\t\t<\/dt><\/dl><dl class='gallery-item'>\n\t\t\t<dt class='gallery-icon landscape'>\n\t\t\t\t<a href='https:\/\/cuernavaca.gob.mx\/?attachment_id=43627'><img width=\"150\" height=\"150\" src=\"https:\/\/cuernavaca.gob.mx\/wp-content\/uploads\/2024\/08\/JO\u0301VENES-Y-FAMILIAS-SE-APROPIAN-DE-LAS-CALLES-CON-EL-FESTIVAL-EMPRESARIAL-DE-LA-JUVENTUD-CUERNAVACA-2024-37-150x150.jpg\" class=\"attachment-thumbnail size-thumbnail\" alt=\"\" loading=\"lazy\" \/><\/a>\n\t\t\t<\/dt><\/dl><br style=\"clear: both\" \/><dl class='gallery-item'>\n\t\t\t<dt class='gallery-icon landscape'>\n\t\t\t\t<a href='https:\/\/cuernavaca.gob.mx\/?attachment_id=43628'><img width=\"150\" height=\"150\" src=\"https:\/\/cuernavaca.gob.mx\/wp-content\/uploads\/2024\/08\/JO\u0301VENES-Y-FAMILIAS-SE-APROPIAN-DE-LAS-CALLES-CON-EL-FESTIVAL-EMPRESARIAL-DE-LA-JUVENTUD-CUERNAVACA-2024-38-150x150.jpg\" class=\"attachment-thumbnail size-thumbnail\" alt=\"\" loading=\"lazy\" \/><\/a>\n\t\t\t<\/dt><\/dl><dl class='gallery-item'>\n\t\t\t<dt class='gallery-icon landscape'>\n\t\t\t\t<a href='https:\/\/cuernavaca.gob.mx\/?attachment_id=43629'><img width=\"150\" height=\"150\" src=\"https:\/\/cuernavaca.gob.mx\/wp-content\/uploads\/2024\/08\/JO\u0301VENES-Y-FAMILIAS-SE-APROPIAN-DE-LAS-CALLES-CON-EL-FESTIVAL-EMPRESARIAL-DE-LA-JUVENTUD-CUERNAVACA-2024-39-150x150.jpg\" class=\"attachment-thumbnail size-thumbnail\" alt=\"\" loading=\"lazy\" \/><\/a>\n\t\t\t<\/dt><\/dl>\n\t\t\t<br style='clear: both' \/>\n\t\t<\/div>\n\n","protected":false},"excerpt":{"rendered":"<p>\u00b0 El presidente municipal Jos\u00e9 Luis Uri\u00f3stegui, recorri\u00f3 y particip\u00f3 en estas actividades convocadas por el Gobierno Municipal en el centro de la ciudad * En esta tercera edici\u00f3n de este festival se cont\u00f3 con la participaci\u00f3n de 63 empresas que ofrecieron de manera gratuitas diversas actividades Para cerrar el mes Internacional de la Juventud, [&hellip;]<\/p>\n","protected":false},"author":1,"featured_media":43621,"comment_status":"closed","ping_status":"open","sticky":false,"template":"","format":"standard","meta":[],"categories":[862],"tags":[121,1922,2337,1882,120,166,693,206,127,1910],"aioseo_notices":[],"_links":{"self":[{"href":"https:\/\/cuernavaca.gob.mx\/index.php?rest_route=\/wp\/v2\/posts\/43591"}],"collection":[{"href":"https:\/\/cuernavaca.gob.mx\/index.php?rest_route=\/wp\/v2\/posts"}],"about":[{"href":"https:\/\/cuernavaca.gob.mx\/index.php?rest_route=\/wp\/v2\/types\/post"}],"author":[{"embeddable":true,"href":"https:\/\/cuernavaca.gob.mx\/index.php?rest_route=\/wp\/v2\/users\/1"}],"replies":[{"embeddable":true,"href":"https:\/\/cuernavaca.gob.mx\/index.php?rest_route=%2Fwp%2Fv2%2Fcomments&post=43591"}],"version-history":[{"count":1,"href":"https:\/\/cuernavaca.gob.mx\/index.php?rest_route=\/wp\/v2\/posts\/43591\/revisions"}],"predecessor-version":[{"id":43630,"href":"https:\/\/cuernavaca.gob.mx\/index.php?rest_route=\/wp\/v2\/posts\/43591\/revisions\/43630"}],"wp:featuredmedia":[{"embeddable":true,"href":"https:\/\/cuernavaca.gob.mx\/index.php?rest_route=\/wp\/v2\/media\/43621"}],"wp:attachment":[{"href":"https:\/\/cuernavaca.gob.mx\/index.php?rest_route=%2Fwp%2Fv2%2Fmedia&parent=43591"}],"wp:term":[{"taxonomy":"category","embeddable":true,"href":"https:\/\/cuernavaca.gob.mx\/index.php?rest_route=%2Fwp%2Fv2%2Fcategories&post=43591"},{"taxonomy":"post_tag","embeddable":true,"href":"https:\/\/cuernavaca.gob.mx\/index.php?rest_route=%2Fwp%2Fv2%2Ftags&post=43591"}],"curies":[{"name":"wp","href":"https:\/\/api.w.org\/{rel}","templated":true}]}}