{"id":43631,"date":"2024-09-01T08:35:59","date_gmt":"2024-09-01T14:35:59","guid":{"rendered":"https:\/\/cuernavaca.gob.mx\/?p=43631"},"modified":"2024-09-01T09:39:17","modified_gmt":"2024-09-01T15:39:17","slug":"b1932-01-09-24-convoca-jose-luis-uriostegui-a-personal-del-ayuntamiento-de-cuernavaca-a-reforzar-acciones-para-lograr-la-justicia-social-que-merece-la-poblacion","status":"publish","type":"post","link":"https:\/\/cuernavaca.gob.mx\/?p=43631","title":{"rendered":"B1932 01\/09\/24 CONVOCA JOS\u00c9 LUIS URI\u00d3STEGUI A PERSONAL DEL AYUNTAMIENTO DE CUERNAVACA A REFORZAR ACCIONES PARA LOGRAR LA JUSTICIA SOCIAL QUE MERECE LA POBLACI\u00d3N"},"content":{"rendered":"<div><strong>\u2022 En el marco del CCXIV aniversario de la Gesta de Independencia, el presidente municipal encabez\u00f3 el inicio de las ceremonias de izamiento y honores a la Bandera del mes de septiembre<\/strong><\/div>\n<div><\/div>\n<div><strong>\u2022 Exhort\u00f3 al personal municipal a seguir trabajando con una visi\u00f3n clara de transformaci\u00f3n, aportando su esfuerzo cotidiano a lograr la justicia social<\/strong><\/div>\n<div><\/div>\n<div>El presidente municipal de Cuernavaca, Jos\u00e9 Luis Uri\u00f3stegui Salgado, acompa\u00f1ado de su esposa, Luz Mar\u00eda Zagal Guzm\u00e1n, presidenta del Sistema Municipal DIF Cuernavaca, encabez\u00f3 este domingo 01 de septiembre el inicio de las ceremonias de izamiento y honores a la Bandera, que durante el mes de septiembre se llevaran a cabo en la sede Papagayo del Ayuntamiento, con motivo a las celebraciones c\u00edvicas para celebrar el CCXIV aniversario del Inicio de la Independencia de M\u00e9xico.<\/div>\n<div><\/div>\n<div>En presencia de directoras y directores, as\u00ed como personal de las \u00e1reas de Presidencia y del DIF Cuernavaca, Jos\u00e9 Luis Uri\u00f3stegui realiz\u00f3 el protocolo de honores al L\u00e1baro Patrio, donde resalt\u00f3 que la Gesta de Independencia los invita a reflexionar y a saber qu\u00e9 ha sucedido durante estos dos siglos en el pa\u00eds, si sigue habiendo inequidad, desigualdades, pobreza y como desde su \u00e1mbito de competencia en el municipio pueden incidir para que esas causas generadoras del movimiento armado no se vuelvan a presentar.<\/div>\n<div><\/div>\n<div>En el CCXIV aniversario de la lucha de Independencia, el alcalde de Cuernavaca puntualiz\u00f3 que la exhortaci\u00f3n es a seguir trabajando con todo el entusiasmo, con una visi\u00f3n clara de transformaci\u00f3n y aportando su esfuerzo cotidiano a lograr la justicia social en la capital morelense.<\/div>\n<div><\/div>\n<div>Cabe destacar que la escolta estuvo conformada por personal adscrito a las unidades administrativas de Presidencia.<\/div>\n<div><\/div>\n<div>Las ceremonias de izamiento de bandera forman parte de las actividades c\u00edvicas que realizar\u00e1 el Gobierno Municipal de Cuernavaca durante todo este mes hasta el 15 de septiembre cuando el presidente municipal de Cuernavaca, Jos\u00e9 Luis Uri\u00f3stegui Salgado, en compa\u00f1\u00eda de integrantes del Cabildo y Gabinete, dar\u00e1 el grito de independencia en el Museo de la Ciudad.<\/div>\n<div>\n\n\t\t<style type=\"text\/css\">\n\t\t\t#gallery-1 {\n\t\t\t\tmargin: auto;\n\t\t\t}\n\t\t\t#gallery-1 .gallery-item {\n\t\t\t\tfloat: left;\n\t\t\t\tmargin-top: 10px;\n\t\t\t\ttext-align: center;\n\t\t\t\twidth: 33%;\n\t\t\t}\n\t\t\t#gallery-1 img {\n\t\t\t\tborder: 2px solid #cfcfcf;\n\t\t\t}\n\t\t\t#gallery-1 .gallery-caption {\n\t\t\t\tmargin-left: 0;\n\t\t\t}\n\t\t\t\/* see gallery_shortcode() in wp-includes\/media.php *\/\n\t\t<\/style>\n\t\t<div id='gallery-1' class='gallery galleryid-43631 gallery-columns-3 gallery-size-thumbnail'><dl class='gallery-item'>\n\t\t\t<dt class='gallery-icon landscape'>\n\t\t\t\t<a href='https:\/\/cuernavaca.gob.mx\/?attachment_id=43632'><img width=\"150\" height=\"150\" src=\"https:\/\/cuernavaca.gob.mx\/wp-content\/uploads\/2024\/09\/CONVOCA-JOSE-LUIS-URIOSTEGUI-A-PERSONAL-DEL-AYUNTAMIENTO-DE-CUERNAVACA-A-REFORZAR-ACCIONES-PARA-LOGRAR-LA-JUSTICIA-SOCIAL-QUE-MERECE-LA-POBLACION-1-150x150.jpeg\" class=\"attachment-thumbnail size-thumbnail\" alt=\"\" loading=\"lazy\" \/><\/a>\n\t\t\t<\/dt><\/dl><dl class='gallery-item'>\n\t\t\t<dt class='gallery-icon landscape'>\n\t\t\t\t<a href='https:\/\/cuernavaca.gob.mx\/?attachment_id=43633'><img width=\"150\" height=\"150\" src=\"https:\/\/cuernavaca.gob.mx\/wp-content\/uploads\/2024\/09\/CONVOCA-JOSE-LUIS-URIOSTEGUI-A-PERSONAL-DEL-AYUNTAMIENTO-DE-CUERNAVACA-A-REFORZAR-ACCIONES-PARA-LOGRAR-LA-JUSTICIA-SOCIAL-QUE-MERECE-LA-POBLACION-2-150x150.jpeg\" class=\"attachment-thumbnail size-thumbnail\" alt=\"\" loading=\"lazy\" \/><\/a>\n\t\t\t<\/dt><\/dl><dl class='gallery-item'>\n\t\t\t<dt class='gallery-icon landscape'>\n\t\t\t\t<a href='https:\/\/cuernavaca.gob.mx\/?attachment_id=43634'><img width=\"150\" height=\"150\" src=\"https:\/\/cuernavaca.gob.mx\/wp-content\/uploads\/2024\/09\/CONVOCA-JOSE-LUIS-URIOSTEGUI-A-PERSONAL-DEL-AYUNTAMIENTO-DE-CUERNAVACA-A-REFORZAR-ACCIONES-PARA-LOGRAR-LA-JUSTICIA-SOCIAL-QUE-MERECE-LA-POBLACION-3-150x150.jpeg\" class=\"attachment-thumbnail size-thumbnail\" alt=\"\" loading=\"lazy\" \/><\/a>\n\t\t\t<\/dt><\/dl><br style=\"clear: both\" \/><dl class='gallery-item'>\n\t\t\t<dt class='gallery-icon portrait'>\n\t\t\t\t<a href='https:\/\/cuernavaca.gob.mx\/?attachment_id=43635'><img width=\"150\" height=\"150\" src=\"https:\/\/cuernavaca.gob.mx\/wp-content\/uploads\/2024\/09\/CONVOCA-JOSE-LUIS-URIOSTEGUI-A-PERSONAL-DEL-AYUNTAMIENTO-DE-CUERNAVACA-A-REFORZAR-ACCIONES-PARA-LOGRAR-LA-JUSTICIA-SOCIAL-QUE-MERECE-LA-POBLACION-4-150x150.jpeg\" class=\"attachment-thumbnail size-thumbnail\" alt=\"\" loading=\"lazy\" \/><\/a>\n\t\t\t<\/dt><\/dl><dl class='gallery-item'>\n\t\t\t<dt class='gallery-icon landscape'>\n\t\t\t\t<a href='https:\/\/cuernavaca.gob.mx\/?attachment_id=43636'><img width=\"150\" height=\"150\" src=\"https:\/\/cuernavaca.gob.mx\/wp-content\/uploads\/2024\/09\/CONVOCA-JOSE-LUIS-URIOSTEGUI-A-PERSONAL-DEL-AYUNTAMIENTO-DE-CUERNAVACA-A-REFORZAR-ACCIONES-PARA-LOGRAR-LA-JUSTICIA-SOCIAL-QUE-MERECE-LA-POBLACION-5-150x150.jpeg\" class=\"attachment-thumbnail size-thumbnail\" alt=\"\" loading=\"lazy\" \/><\/a>\n\t\t\t<\/dt><\/dl><dl class='gallery-item'>\n\t\t\t<dt class='gallery-icon landscape'>\n\t\t\t\t<a href='https:\/\/cuernavaca.gob.mx\/?attachment_id=43637'><img width=\"150\" height=\"150\" src=\"https:\/\/cuernavaca.gob.mx\/wp-content\/uploads\/2024\/09\/CONVOCA-JOSE-LUIS-URIOSTEGUI-A-PERSONAL-DEL-AYUNTAMIENTO-DE-CUERNAVACA-A-REFORZAR-ACCIONES-PARA-LOGRAR-LA-JUSTICIA-SOCIAL-QUE-MERECE-LA-POBLACION-6-150x150.jpeg\" class=\"attachment-thumbnail size-thumbnail\" alt=\"\" loading=\"lazy\" \/><\/a>\n\t\t\t<\/dt><\/dl><br style=\"clear: both\" \/><dl class='gallery-item'>\n\t\t\t<dt class='gallery-icon landscape'>\n\t\t\t\t<a href='https:\/\/cuernavaca.gob.mx\/?attachment_id=43638'><img width=\"150\" height=\"150\" src=\"https:\/\/cuernavaca.gob.mx\/wp-content\/uploads\/2024\/09\/CONVOCA-JOSE-LUIS-URIOSTEGUI-A-PERSONAL-DEL-AYUNTAMIENTO-DE-CUERNAVACA-A-REFORZAR-ACCIONES-PARA-LOGRAR-LA-JUSTICIA-SOCIAL-QUE-MERECE-LA-POBLACION-7-150x150.jpeg\" class=\"attachment-thumbnail size-thumbnail\" alt=\"\" loading=\"lazy\" \/><\/a>\n\t\t\t<\/dt><\/dl>\n\t\t\t<br style='clear: both' \/>\n\t\t<\/div>\n\n<\/div>\n","protected":false},"excerpt":{"rendered":"<p>\u2022 En el marco del CCXIV aniversario de la Gesta de Independencia, el presidente municipal encabez\u00f3 el inicio de las ceremonias de izamiento y honores a la Bandera del mes de septiembre \u2022 Exhort\u00f3 al personal municipal a seguir trabajando con una visi\u00f3n clara de transformaci\u00f3n, aportando su esfuerzo cotidiano a lograr la justicia social [&hellip;]<\/p>\n","protected":false},"author":1,"featured_media":43635,"comment_status":"closed","ping_status":"open","sticky":false,"template":"","format":"standard","meta":[],"categories":[20],"tags":[121,3315,120,2267,206,3784,127,3783],"aioseo_notices":[],"_links":{"self":[{"href":"https:\/\/cuernavaca.gob.mx\/index.php?rest_route=\/wp\/v2\/posts\/43631"}],"collection":[{"href":"https:\/\/cuernavaca.gob.mx\/index.php?rest_route=\/wp\/v2\/posts"}],"about":[{"href":"https:\/\/cuernavaca.gob.mx\/index.php?rest_route=\/wp\/v2\/types\/post"}],"author":[{"embeddable":true,"href":"https:\/\/cuernavaca.gob.mx\/index.php?rest_route=\/wp\/v2\/users\/1"}],"replies":[{"embeddable":true,"href":"https:\/\/cuernavaca.gob.mx\/index.php?rest_route=%2Fwp%2Fv2%2Fcomments&post=43631"}],"version-history":[{"count":1,"href":"https:\/\/cuernavaca.gob.mx\/index.php?rest_route=\/wp\/v2\/posts\/43631\/revisions"}],"predecessor-version":[{"id":43639,"href":"https:\/\/cuernavaca.gob.mx\/index.php?rest_route=\/wp\/v2\/posts\/43631\/revisions\/43639"}],"wp:featuredmedia":[{"embeddable":true,"href":"https:\/\/cuernavaca.gob.mx\/index.php?rest_route=\/wp\/v2\/media\/43635"}],"wp:attachment":[{"href":"https:\/\/cuernavaca.gob.mx\/index.php?rest_route=%2Fwp%2Fv2%2Fmedia&parent=43631"}],"wp:term":[{"taxonomy":"category","embeddable":true,"href":"https:\/\/cuernavaca.gob.mx\/index.php?rest_route=%2Fwp%2Fv2%2Fcategories&post=43631"},{"taxonomy":"post_tag","embeddable":true,"href":"https:\/\/cuernavaca.gob.mx\/index.php?rest_route=%2Fwp%2Fv2%2Ftags&post=43631"}],"curies":[{"name":"wp","href":"https:\/\/api.w.org\/{rel}","templated":true}]}}