{"id":43806,"date":"2024-09-07T12:00:14","date_gmt":"2024-09-07T18:00:14","guid":{"rendered":"https:\/\/cuernavaca.gob.mx\/?p=43806"},"modified":"2024-09-07T17:47:00","modified_gmt":"2024-09-07T23:47:00","slug":"b1942-07-09-24-alcadesas-y-alcaldes-de-ciudades-capitales-celebran-la-recuperacion-de-cuernavaca-en-el-escenario-turistico-y-cultural-del-pais","status":"publish","type":"post","link":"https:\/\/cuernavaca.gob.mx\/?p=43806","title":{"rendered":"B1942 07\/09\/24 ALCADESAS Y ALCALDES DE CIUDADES CAPITALES CELEBRAN LA RECUPERACI\u00d3N DE CUERNAVACA EN EL ESCENARIO TUR\u00cdSTICO Y CULTURAL DEL PA\u00cdS"},"content":{"rendered":"<div><strong>\u2022 Bajo la anfitrion\u00eda del presidente municipal Jos\u00e9 Luis Uri\u00f3stegui, integrantes de la ACCM recorrieron sitios emblem\u00e1ticos del Centro Hist\u00f3rico\u00a0<\/strong><\/div>\n<div><\/div>\n<div><\/div>\n<div>En el marco de encuentro de la Asociaci\u00f3n de Alcaldes de Ciudades Capitales de M\u00e9xico (ACCM) desarrollado en Cuernavaca, el presidente municipal, Jos\u00e9 Luis Uri\u00f3stegui Salgado, acompa\u00f1ado de su esposa, Luz Mar\u00eda Zagal Guzm\u00e1n, presidenta del DIF, mostr\u00f3 a las alcaldesas y alcaldes capitalinos algunos de los sitios que son esencia de Cuernavaca, referentes del proceso de intervenci\u00f3n y recuperaci\u00f3n de la ciudad en el escaparate nacional en el \u00e1mbito cultural y art\u00edstico.<\/div>\n<div><\/div>\n<div>Como anfitriones de la XI sesi\u00f3n plenaria de la ACCM, las y los alcaldes, as\u00ed como representantes de los ediles, recorrieron el Museo de la Ciudad de Cuernavaca (MuCiC) que en esta administraci\u00f3n se ha logrado rehabilitar y acondicionar como recinto por excelencia para la visita del turismo y los habitantes de la ciudad, para disfrutar desde exposiciones de arte en sus diferentes salas, como para obras de teatro, presentaciones musicales, acad\u00e9micas y las relacionadas a la ciencia.<\/div>\n<div><\/div>\n<div>Durante su estancia, los integrantes de Ciudades Capitales conocieron tambi\u00e9n el Museo de Arte Sacro ubicado en la Catedral de Cuernavaca, con la gu\u00eda del curador y muse\u00f3grafo, Marco Certo, quien adem\u00e1s integra el Consejo Ciudadano para la Cultura y la Artes de Cuernavaca y la compa\u00f1\u00eda de la secretaria de Desarrollo Humano y Participaci\u00f3n Social, Laura Hern\u00e1ndez Cruz.<\/div>\n<div><\/div>\n<div>Cabe recordar que durante el jueves y viernes Cuernavaca fue sede de la reuni\u00f3n de los presidentes municipales Norma Alicia Bustamante Mart\u00ednez de Mexicali y presidenta de la ACCM, Alejandro Navarro Salda\u00f1a de Guanajuato, Margarita Moreno Gonz\u00e1lez de Colima, Ad\u00e1n Dom\u00ednguez S\u00e1nchez de Puebla, Jos\u00e9 Mar\u00eda Fraustro Siller, de Saltillo, Enrique Galindo Ceballos de San Luis Potos\u00ed y Alfonso S\u00e1nchez Garc\u00eda de Tlaxcala, as\u00ed como la presidenta electa de Guanajuato, Samantha Smith Guti\u00e9rrez.&#8217;<\/div>\n<div><\/div>\n<div>\n\n\t\t<style type=\"text\/css\">\n\t\t\t#gallery-1 {\n\t\t\t\tmargin: auto;\n\t\t\t}\n\t\t\t#gallery-1 .gallery-item {\n\t\t\t\tfloat: left;\n\t\t\t\tmargin-top: 10px;\n\t\t\t\ttext-align: center;\n\t\t\t\twidth: 33%;\n\t\t\t}\n\t\t\t#gallery-1 img {\n\t\t\t\tborder: 2px solid #cfcfcf;\n\t\t\t}\n\t\t\t#gallery-1 .gallery-caption {\n\t\t\t\tmargin-left: 0;\n\t\t\t}\n\t\t\t\/* see gallery_shortcode() in wp-includes\/media.php *\/\n\t\t<\/style>\n\t\t<div id='gallery-1' class='gallery galleryid-43806 gallery-columns-3 gallery-size-thumbnail'><dl class='gallery-item'>\n\t\t\t<dt class='gallery-icon landscape'>\n\t\t\t\t<a href='https:\/\/cuernavaca.gob.mx\/?attachment_id=43825'><img width=\"150\" height=\"150\" src=\"https:\/\/cuernavaca.gob.mx\/wp-content\/uploads\/2024\/09\/ALCADESAS-Y-ALCALDES-DE-CIUDADES-CAPITALES-CELEBRAN-LA-RECUPERACION-DE-CUERNAVACA-EN-EL-ESCENARIO-TURISTICO-Y-CULTURAL-DEL-PAIS-1-1-150x150.jpeg\" class=\"attachment-thumbnail size-thumbnail\" alt=\"\" loading=\"lazy\" \/><\/a>\n\t\t\t<\/dt><\/dl><dl class='gallery-item'>\n\t\t\t<dt class='gallery-icon landscape'>\n\t\t\t\t<a href='https:\/\/cuernavaca.gob.mx\/?attachment_id=43826'><img width=\"150\" height=\"150\" src=\"https:\/\/cuernavaca.gob.mx\/wp-content\/uploads\/2024\/09\/ALCADESAS-Y-ALCALDES-DE-CIUDADES-CAPITALES-CELEBRAN-LA-RECUPERACION-DE-CUERNAVACA-EN-EL-ESCENARIO-TURISTICO-Y-CULTURAL-DEL-PAIS-2-1-150x150.jpeg\" class=\"attachment-thumbnail size-thumbnail\" alt=\"\" loading=\"lazy\" \/><\/a>\n\t\t\t<\/dt><\/dl><dl class='gallery-item'>\n\t\t\t<dt class='gallery-icon landscape'>\n\t\t\t\t<a href='https:\/\/cuernavaca.gob.mx\/?attachment_id=43827'><img width=\"150\" height=\"150\" src=\"https:\/\/cuernavaca.gob.mx\/wp-content\/uploads\/2024\/09\/ALCADESAS-Y-ALCALDES-DE-CIUDADES-CAPITALES-CELEBRAN-LA-RECUPERACION-DE-CUERNAVACA-EN-EL-ESCENARIO-TURISTICO-Y-CULTURAL-DEL-PAIS-3-1-150x150.jpeg\" class=\"attachment-thumbnail size-thumbnail\" alt=\"\" loading=\"lazy\" \/><\/a>\n\t\t\t<\/dt><\/dl><br style=\"clear: both\" \/><dl class='gallery-item'>\n\t\t\t<dt class='gallery-icon landscape'>\n\t\t\t\t<a href='https:\/\/cuernavaca.gob.mx\/?attachment_id=43828'><img width=\"150\" height=\"150\" src=\"https:\/\/cuernavaca.gob.mx\/wp-content\/uploads\/2024\/09\/ALCADESAS-Y-ALCALDES-DE-CIUDADES-CAPITALES-CELEBRAN-LA-RECUPERACION-DE-CUERNAVACA-EN-EL-ESCENARIO-TURISTICO-Y-CULTURAL-DEL-PAIS-4-1-150x150.jpeg\" class=\"attachment-thumbnail size-thumbnail\" alt=\"\" loading=\"lazy\" \/><\/a>\n\t\t\t<\/dt><\/dl><dl class='gallery-item'>\n\t\t\t<dt class='gallery-icon landscape'>\n\t\t\t\t<a href='https:\/\/cuernavaca.gob.mx\/?attachment_id=43829'><img width=\"150\" height=\"150\" src=\"https:\/\/cuernavaca.gob.mx\/wp-content\/uploads\/2024\/09\/ALCADESAS-Y-ALCALDES-DE-CIUDADES-CAPITALES-CELEBRAN-LA-RECUPERACION-DE-CUERNAVACA-EN-EL-ESCENARIO-TURISTICO-Y-CULTURAL-DEL-PAIS-5-1-150x150.jpeg\" class=\"attachment-thumbnail size-thumbnail\" alt=\"\" loading=\"lazy\" \/><\/a>\n\t\t\t<\/dt><\/dl><dl class='gallery-item'>\n\t\t\t<dt class='gallery-icon landscape'>\n\t\t\t\t<a href='https:\/\/cuernavaca.gob.mx\/?attachment_id=43830'><img width=\"150\" height=\"150\" src=\"https:\/\/cuernavaca.gob.mx\/wp-content\/uploads\/2024\/09\/ALCADESAS-Y-ALCALDES-DE-CIUDADES-CAPITALES-CELEBRAN-LA-RECUPERACION-DE-CUERNAVACA-EN-EL-ESCENARIO-TURISTICO-Y-CULTURAL-DEL-PAIS-6-1-150x150.jpeg\" class=\"attachment-thumbnail size-thumbnail\" alt=\"\" loading=\"lazy\" \/><\/a>\n\t\t\t<\/dt><\/dl><br style=\"clear: both\" \/><dl class='gallery-item'>\n\t\t\t<dt class='gallery-icon landscape'>\n\t\t\t\t<a href='https:\/\/cuernavaca.gob.mx\/?attachment_id=43831'><img width=\"150\" height=\"150\" src=\"https:\/\/cuernavaca.gob.mx\/wp-content\/uploads\/2024\/09\/ALCADESAS-Y-ALCALDES-DE-CIUDADES-CAPITALES-CELEBRAN-LA-RECUPERACION-DE-CUERNAVACA-EN-EL-ESCENARIO-TURISTICO-Y-CULTURAL-DEL-PAIS-7-1-150x150.jpeg\" class=\"attachment-thumbnail size-thumbnail\" alt=\"\" loading=\"lazy\" \/><\/a>\n\t\t\t<\/dt><\/dl><dl class='gallery-item'>\n\t\t\t<dt class='gallery-icon landscape'>\n\t\t\t\t<a href='https:\/\/cuernavaca.gob.mx\/?attachment_id=43832'><img width=\"150\" height=\"150\" src=\"https:\/\/cuernavaca.gob.mx\/wp-content\/uploads\/2024\/09\/ALCADESAS-Y-ALCALDES-DE-CIUDADES-CAPITALES-CELEBRAN-LA-RECUPERACION-DE-CUERNAVACA-EN-EL-ESCENARIO-TURISTICO-Y-CULTURAL-DEL-PAIS-8-1-150x150.jpeg\" class=\"attachment-thumbnail size-thumbnail\" alt=\"\" loading=\"lazy\" \/><\/a>\n\t\t\t<\/dt><\/dl><dl class='gallery-item'>\n\t\t\t<dt class='gallery-icon landscape'>\n\t\t\t\t<a href='https:\/\/cuernavaca.gob.mx\/?attachment_id=43833'><img width=\"150\" height=\"150\" src=\"https:\/\/cuernavaca.gob.mx\/wp-content\/uploads\/2024\/09\/ALCADESAS-Y-ALCALDES-DE-CIUDADES-CAPITALES-CELEBRAN-LA-RECUPERACION-DE-CUERNAVACA-EN-EL-ESCENARIO-TURISTICO-Y-CULTURAL-DEL-PAIS-9-1-150x150.jpeg\" class=\"attachment-thumbnail size-thumbnail\" alt=\"\" loading=\"lazy\" \/><\/a>\n\t\t\t<\/dt><\/dl><br style=\"clear: both\" \/><dl class='gallery-item'>\n\t\t\t<dt class='gallery-icon landscape'>\n\t\t\t\t<a href='https:\/\/cuernavaca.gob.mx\/?attachment_id=43834'><img width=\"150\" height=\"150\" src=\"https:\/\/cuernavaca.gob.mx\/wp-content\/uploads\/2024\/09\/ALCADESAS-Y-ALCALDES-DE-CIUDADES-CAPITALES-CELEBRAN-LA-RECUPERACION-DE-CUERNAVACA-EN-EL-ESCENARIO-TURISTICO-Y-CULTURAL-DEL-PAIS-10-1-150x150.jpeg\" class=\"attachment-thumbnail size-thumbnail\" alt=\"\" loading=\"lazy\" \/><\/a>\n\t\t\t<\/dt><\/dl><dl class='gallery-item'>\n\t\t\t<dt class='gallery-icon landscape'>\n\t\t\t\t<a href='https:\/\/cuernavaca.gob.mx\/?attachment_id=43835'><img width=\"150\" height=\"150\" src=\"https:\/\/cuernavaca.gob.mx\/wp-content\/uploads\/2024\/09\/ALCADESAS-Y-ALCALDES-DE-CIUDADES-CAPITALES-CELEBRAN-LA-RECUPERACION-DE-CUERNAVACA-EN-EL-ESCENARIO-TURISTICO-Y-CULTURAL-DEL-PAIS-11-1-150x150.jpeg\" class=\"attachment-thumbnail size-thumbnail\" alt=\"\" loading=\"lazy\" \/><\/a>\n\t\t\t<\/dt><\/dl><dl class='gallery-item'>\n\t\t\t<dt class='gallery-icon landscape'>\n\t\t\t\t<a href='https:\/\/cuernavaca.gob.mx\/?attachment_id=43836'><img width=\"150\" height=\"150\" src=\"https:\/\/cuernavaca.gob.mx\/wp-content\/uploads\/2024\/09\/ALCADESAS-Y-ALCALDES-DE-CIUDADES-CAPITALES-CELEBRAN-LA-RECUPERACION-DE-CUERNAVACA-EN-EL-ESCENARIO-TURISTICO-Y-CULTURAL-DEL-PAIS-12-1-150x150.jpeg\" class=\"attachment-thumbnail size-thumbnail\" alt=\"\" loading=\"lazy\" \/><\/a>\n\t\t\t<\/dt><\/dl><br style=\"clear: both\" \/><dl class='gallery-item'>\n\t\t\t<dt class='gallery-icon landscape'>\n\t\t\t\t<a href='https:\/\/cuernavaca.gob.mx\/?attachment_id=43837'><img width=\"150\" height=\"150\" src=\"https:\/\/cuernavaca.gob.mx\/wp-content\/uploads\/2024\/09\/ALCADESAS-Y-ALCALDES-DE-CIUDADES-CAPITALES-CELEBRAN-LA-RECUPERACION-DE-CUERNAVACA-EN-EL-ESCENARIO-TURISTICO-Y-CULTURAL-DEL-PAIS-13-1-150x150.jpeg\" class=\"attachment-thumbnail size-thumbnail\" alt=\"\" loading=\"lazy\" \/><\/a>\n\t\t\t<\/dt><\/dl><dl class='gallery-item'>\n\t\t\t<dt class='gallery-icon landscape'>\n\t\t\t\t<a href='https:\/\/cuernavaca.gob.mx\/?attachment_id=43838'><img width=\"150\" height=\"150\" src=\"https:\/\/cuernavaca.gob.mx\/wp-content\/uploads\/2024\/09\/ALCADESAS-Y-ALCALDES-DE-CIUDADES-CAPITALES-CELEBRAN-LA-RECUPERACION-DE-CUERNAVACA-EN-EL-ESCENARIO-TURISTICO-Y-CULTURAL-DEL-PAIS-14-1-150x150.jpeg\" class=\"attachment-thumbnail size-thumbnail\" alt=\"\" loading=\"lazy\" \/><\/a>\n\t\t\t<\/dt><\/dl><dl class='gallery-item'>\n\t\t\t<dt class='gallery-icon landscape'>\n\t\t\t\t<a href='https:\/\/cuernavaca.gob.mx\/?attachment_id=43839'><img width=\"150\" height=\"150\" src=\"https:\/\/cuernavaca.gob.mx\/wp-content\/uploads\/2024\/09\/ALCADESAS-Y-ALCALDES-DE-CIUDADES-CAPITALES-CELEBRAN-LA-RECUPERACION-DE-CUERNAVACA-EN-EL-ESCENARIO-TURISTICO-Y-CULTURAL-DEL-PAIS-15-1-150x150.jpeg\" class=\"attachment-thumbnail size-thumbnail\" alt=\"\" loading=\"lazy\" \/><\/a>\n\t\t\t<\/dt><\/dl><br style=\"clear: both\" \/>\n\t\t<\/div>\n\n<\/div>\n<div><\/div>\n","protected":false},"excerpt":{"rendered":"<p>\u2022 Bajo la anfitrion\u00eda del presidente municipal Jos\u00e9 Luis Uri\u00f3stegui, integrantes de la ACCM recorrieron sitios emblem\u00e1ticos del Centro Hist\u00f3rico\u00a0 En el marco de encuentro de la Asociaci\u00f3n de Alcaldes de Ciudades Capitales de M\u00e9xico (ACCM) desarrollado en Cuernavaca, el presidente municipal, Jos\u00e9 Luis Uri\u00f3stegui Salgado, acompa\u00f1ado de su esposa, Luz Mar\u00eda Zagal Guzm\u00e1n, presidenta [&hellip;]<\/p>\n","protected":false},"author":1,"featured_media":43831,"comment_status":"closed","ping_status":"open","sticky":false,"template":"","format":"standard","meta":[],"categories":[20],"tags":[1581,121,120,206,127,194],"aioseo_notices":[],"_links":{"self":[{"href":"https:\/\/cuernavaca.gob.mx\/index.php?rest_route=\/wp\/v2\/posts\/43806"}],"collection":[{"href":"https:\/\/cuernavaca.gob.mx\/index.php?rest_route=\/wp\/v2\/posts"}],"about":[{"href":"https:\/\/cuernavaca.gob.mx\/index.php?rest_route=\/wp\/v2\/types\/post"}],"author":[{"embeddable":true,"href":"https:\/\/cuernavaca.gob.mx\/index.php?rest_route=\/wp\/v2\/users\/1"}],"replies":[{"embeddable":true,"href":"https:\/\/cuernavaca.gob.mx\/index.php?rest_route=%2Fwp%2Fv2%2Fcomments&post=43806"}],"version-history":[{"count":3,"href":"https:\/\/cuernavaca.gob.mx\/index.php?rest_route=\/wp\/v2\/posts\/43806\/revisions"}],"predecessor-version":[{"id":43840,"href":"https:\/\/cuernavaca.gob.mx\/index.php?rest_route=\/wp\/v2\/posts\/43806\/revisions\/43840"}],"wp:featuredmedia":[{"embeddable":true,"href":"https:\/\/cuernavaca.gob.mx\/index.php?rest_route=\/wp\/v2\/media\/43831"}],"wp:attachment":[{"href":"https:\/\/cuernavaca.gob.mx\/index.php?rest_route=%2Fwp%2Fv2%2Fmedia&parent=43806"}],"wp:term":[{"taxonomy":"category","embeddable":true,"href":"https:\/\/cuernavaca.gob.mx\/index.php?rest_route=%2Fwp%2Fv2%2Fcategories&post=43806"},{"taxonomy":"post_tag","embeddable":true,"href":"https:\/\/cuernavaca.gob.mx\/index.php?rest_route=%2Fwp%2Fv2%2Ftags&post=43806"}],"curies":[{"name":"wp","href":"https:\/\/api.w.org\/{rel}","templated":true}]}}