{"id":43841,"date":"2024-09-07T11:00:00","date_gmt":"2024-09-07T17:00:00","guid":{"rendered":"https:\/\/cuernavaca.gob.mx\/?p=43841"},"modified":"2024-09-07T18:20:51","modified_gmt":"2024-09-08T00:20:51","slug":"b1941-07-09-24-realiza-ayuntamiento-de-cuernavaca-trabajo-de-rehabilitacion-de-lineas-de-agua-potable-en-calle-panoramica-de-altavista","status":"publish","type":"post","link":"https:\/\/cuernavaca.gob.mx\/?p=43841","title":{"rendered":"B1941 07\/09\/24 REALIZA AYUNTAMIENTO DE CUERNAVACA TRABAJO DE REHABILITACI\u00d3N DE L\u00cdNEAS DE AGUA POTABLE EN CALLE PANOR\u00c1MICA DE ALTAVISTA"},"content":{"rendered":"<div><\/div>\n<div><strong>\u2022 Con una inversi\u00f3n de dos millones 150 mil pesos del FAISMUN tambi\u00e9n contempla la rehabilitaci\u00f3n con concreto de esta vilidad, guarniciones y la reposici\u00f3n de tomas domiciliarias<\/strong><\/div>\n<div><\/div>\n<div>En un periodo estimado de 45 d\u00edas naturales, el Ayuntamiento de Cuernavaca, a trav\u00e9s de la Secretar\u00eda de Desarrollo Urbano y Obras P\u00fablicas en coordinaci\u00f3n con el Sistema de Agua Potable y Alcantarillado de Cuernavaca (SAPAC), estar\u00e1 rehabilitando la l\u00ednea de agua potable de la calle Panor\u00e1mica en la colonia Altavista, con el objetivo de mejorar el servicio de distribuci\u00f3n de agua para dos mil 863 personas.<\/div>\n<div><\/div>\n<div>Con una inversi\u00f3n de dos millones 150 mil 164.05 pesos del Fondo de Aportaciones para la Infraestructura Social Municipal (FAISMUN), el secretario de Desarrollo Urbano y Obras P\u00fablicas, Demetrio Chavira de la Torre, inform\u00f3 que los trabajos consisten en la instalaci\u00f3n de un tubo PEAD liso hidr\u00e1ulico RD- 13.50 de cuatro pulgadas de di\u00e1metro en 225 metros lineales, de un tubo de PVC hidr\u00e1ulico de dos 1\/2 pulgadas RD- 26 en 17.50 metros lineales, el suministro y colocaci\u00f3n de ocho v\u00e1lvulas de cuatro pulgadas y dos 1\/2 pulgadas y ocho cajas para operaci\u00f3n de v\u00e1lvulas tipo 12 y tipo 1.<\/div>\n<div><\/div>\n<div>Para dejar la vialidad en \u00f3ptimas condiciones, indic\u00f3 que construir\u00e1n el pavimento de 15 cent\u00edmetros de espesor a base de concreto premezclado con una resistencia de 250 kg\/cm2 en 263.85 metros cuadrados, el pavimento a base de empedrado de 20 cent\u00edmetros de espesor en 10.40 metros cuadrados, guarniciones de 20x15x40 cent\u00edmetros de concreto en 28.20 metros y la reposici\u00f3n de 60 tomas domiciliarias de 1\/2 pulgadas.<\/div>\n<div><\/div>\n<div>El presidente municipal de Cuernavaca, Jos\u00e9 Luis Uri\u00f3stegui Salgado, pidi\u00f3 el apoyo de la ciudadan\u00eda para supervisar el avance de la obra, verificando que no se suspenda y se cumplan los tiempos establecidos de 45 d\u00edas naturales.<\/div>\n<div><\/div>\n<div>A nombre de la comunidad, Hermina Sari\u00f1ana Sotelo, presidente del Comit\u00e9 de Obra, agradeci\u00f3 que por primera ocasi\u00f3n una autoridad municipal est\u00e9 atendiendo las necesidades de la colonia, mejorando un tema tan importante como es el agua potable.<\/div>\n<div><\/div>\n<div>\n\n\t\t<style type=\"text\/css\">\n\t\t\t#gallery-1 {\n\t\t\t\tmargin: auto;\n\t\t\t}\n\t\t\t#gallery-1 .gallery-item {\n\t\t\t\tfloat: left;\n\t\t\t\tmargin-top: 10px;\n\t\t\t\ttext-align: center;\n\t\t\t\twidth: 33%;\n\t\t\t}\n\t\t\t#gallery-1 img {\n\t\t\t\tborder: 2px solid #cfcfcf;\n\t\t\t}\n\t\t\t#gallery-1 .gallery-caption {\n\t\t\t\tmargin-left: 0;\n\t\t\t}\n\t\t\t\/* see gallery_shortcode() in wp-includes\/media.php *\/\n\t\t<\/style>\n\t\t<div id='gallery-1' class='gallery galleryid-43841 gallery-columns-3 gallery-size-thumbnail'><dl class='gallery-item'>\n\t\t\t<dt class='gallery-icon portrait'>\n\t\t\t\t<a href='https:\/\/cuernavaca.gob.mx\/?attachment_id=43842'><img width=\"150\" height=\"150\" src=\"https:\/\/cuernavaca.gob.mx\/wp-content\/uploads\/2024\/09\/REALIZA-AYUNTAMIENTO-DE-CUERNAVACA-TRABAJO-DE-REHABILITACION-DE-LINEAS-DE-AGUA-POTABLE-EN-CALLE-PANORAMICA-DE-ALTAVISTA-9-150x150.jpeg\" class=\"attachment-thumbnail size-thumbnail\" alt=\"\" loading=\"lazy\" \/><\/a>\n\t\t\t<\/dt><\/dl><dl class='gallery-item'>\n\t\t\t<dt class='gallery-icon landscape'>\n\t\t\t\t<a href='https:\/\/cuernavaca.gob.mx\/?attachment_id=43843'><img width=\"150\" height=\"150\" src=\"https:\/\/cuernavaca.gob.mx\/wp-content\/uploads\/2024\/09\/REALIZA-AYUNTAMIENTO-DE-CUERNAVACA-TRABAJO-DE-REHABILITACION-DE-LINEAS-DE-AGUA-POTABLE-EN-CALLE-PANORAMICA-DE-ALTAVISTA-8-150x150.jpeg\" class=\"attachment-thumbnail size-thumbnail\" alt=\"\" loading=\"lazy\" \/><\/a>\n\t\t\t<\/dt><\/dl><dl class='gallery-item'>\n\t\t\t<dt class='gallery-icon landscape'>\n\t\t\t\t<a href='https:\/\/cuernavaca.gob.mx\/?attachment_id=43844'><img width=\"150\" height=\"150\" src=\"https:\/\/cuernavaca.gob.mx\/wp-content\/uploads\/2024\/09\/REALIZA-AYUNTAMIENTO-DE-CUERNAVACA-TRABAJO-DE-REHABILITACION-DE-LINEAS-DE-AGUA-POTABLE-EN-CALLE-PANORAMICA-DE-ALTAVISTA-7-150x150.jpeg\" class=\"attachment-thumbnail size-thumbnail\" alt=\"\" loading=\"lazy\" \/><\/a>\n\t\t\t<\/dt><\/dl><br style=\"clear: both\" \/><dl class='gallery-item'>\n\t\t\t<dt class='gallery-icon landscape'>\n\t\t\t\t<a href='https:\/\/cuernavaca.gob.mx\/?attachment_id=43845'><img width=\"150\" height=\"150\" src=\"https:\/\/cuernavaca.gob.mx\/wp-content\/uploads\/2024\/09\/REALIZA-AYUNTAMIENTO-DE-CUERNAVACA-TRABAJO-DE-REHABILITACION-DE-LINEAS-DE-AGUA-POTABLE-EN-CALLE-PANORAMICA-DE-ALTAVISTA-6-150x150.jpeg\" class=\"attachment-thumbnail size-thumbnail\" alt=\"\" loading=\"lazy\" \/><\/a>\n\t\t\t<\/dt><\/dl><dl class='gallery-item'>\n\t\t\t<dt class='gallery-icon landscape'>\n\t\t\t\t<a href='https:\/\/cuernavaca.gob.mx\/?attachment_id=43846'><img width=\"150\" height=\"150\" src=\"https:\/\/cuernavaca.gob.mx\/wp-content\/uploads\/2024\/09\/REALIZA-AYUNTAMIENTO-DE-CUERNAVACA-TRABAJO-DE-REHABILITACION-DE-LINEAS-DE-AGUA-POTABLE-EN-CALLE-PANORAMICA-DE-ALTAVISTA-5-150x150.jpeg\" class=\"attachment-thumbnail size-thumbnail\" alt=\"\" loading=\"lazy\" \/><\/a>\n\t\t\t<\/dt><\/dl><dl class='gallery-item'>\n\t\t\t<dt class='gallery-icon landscape'>\n\t\t\t\t<a href='https:\/\/cuernavaca.gob.mx\/?attachment_id=43847'><img width=\"150\" height=\"150\" src=\"https:\/\/cuernavaca.gob.mx\/wp-content\/uploads\/2024\/09\/REALIZA-AYUNTAMIENTO-DE-CUERNAVACA-TRABAJO-DE-REHABILITACION-DE-LINEAS-DE-AGUA-POTABLE-EN-CALLE-PANORAMICA-DE-ALTAVISTA-4-150x150.jpeg\" class=\"attachment-thumbnail size-thumbnail\" alt=\"\" loading=\"lazy\" \/><\/a>\n\t\t\t<\/dt><\/dl><br style=\"clear: both\" \/><dl class='gallery-item'>\n\t\t\t<dt class='gallery-icon landscape'>\n\t\t\t\t<a href='https:\/\/cuernavaca.gob.mx\/?attachment_id=43848'><img width=\"150\" height=\"150\" src=\"https:\/\/cuernavaca.gob.mx\/wp-content\/uploads\/2024\/09\/REALIZA-AYUNTAMIENTO-DE-CUERNAVACA-TRABAJO-DE-REHABILITACION-DE-LINEAS-DE-AGUA-POTABLE-EN-CALLE-PANORAMICA-DE-ALTAVISTA-3-150x150.jpeg\" class=\"attachment-thumbnail size-thumbnail\" alt=\"\" loading=\"lazy\" \/><\/a>\n\t\t\t<\/dt><\/dl><dl class='gallery-item'>\n\t\t\t<dt class='gallery-icon landscape'>\n\t\t\t\t<a href='https:\/\/cuernavaca.gob.mx\/?attachment_id=43849'><img width=\"150\" height=\"150\" src=\"https:\/\/cuernavaca.gob.mx\/wp-content\/uploads\/2024\/09\/REALIZA-AYUNTAMIENTO-DE-CUERNAVACA-TRABAJO-DE-REHABILITACION-DE-LINEAS-DE-AGUA-POTABLE-EN-CALLE-PANORAMICA-DE-ALTAVISTA-2-150x150.jpeg\" class=\"attachment-thumbnail size-thumbnail\" alt=\"\" loading=\"lazy\" \/><\/a>\n\t\t\t<\/dt><\/dl><dl class='gallery-item'>\n\t\t\t<dt class='gallery-icon landscape'>\n\t\t\t\t<a href='https:\/\/cuernavaca.gob.mx\/?attachment_id=43850'><img width=\"150\" height=\"150\" src=\"https:\/\/cuernavaca.gob.mx\/wp-content\/uploads\/2024\/09\/REALIZA-AYUNTAMIENTO-DE-CUERNAVACA-TRABAJO-DE-REHABILITACION-DE-LINEAS-DE-AGUA-POTABLE-EN-CALLE-PANORAMICA-DE-ALTAVISTA-1-150x150.jpeg\" class=\"attachment-thumbnail size-thumbnail\" alt=\"\" loading=\"lazy\" \/><\/a>\n\t\t\t<\/dt><\/dl><br style=\"clear: both\" \/>\n\t\t<\/div>\n\n<\/div>\n","protected":false},"excerpt":{"rendered":"<p>\u2022 Con una inversi\u00f3n de dos millones 150 mil pesos del FAISMUN tambi\u00e9n contempla la rehabilitaci\u00f3n con concreto de esta vilidad, guarniciones y la reposici\u00f3n de tomas domiciliarias En un periodo estimado de 45 d\u00edas naturales, el Ayuntamiento de Cuernavaca, a trav\u00e9s de la Secretar\u00eda de Desarrollo Urbano y Obras P\u00fablicas en coordinaci\u00f3n con el [&hellip;]<\/p>\n","protected":false},"author":1,"featured_media":43845,"comment_status":"closed","ping_status":"open","sticky":false,"template":"","format":"standard","meta":[],"categories":[18],"tags":[395,615,916,121,3727,120,206,1075,213,127],"aioseo_notices":[],"_links":{"self":[{"href":"https:\/\/cuernavaca.gob.mx\/index.php?rest_route=\/wp\/v2\/posts\/43841"}],"collection":[{"href":"https:\/\/cuernavaca.gob.mx\/index.php?rest_route=\/wp\/v2\/posts"}],"about":[{"href":"https:\/\/cuernavaca.gob.mx\/index.php?rest_route=\/wp\/v2\/types\/post"}],"author":[{"embeddable":true,"href":"https:\/\/cuernavaca.gob.mx\/index.php?rest_route=\/wp\/v2\/users\/1"}],"replies":[{"embeddable":true,"href":"https:\/\/cuernavaca.gob.mx\/index.php?rest_route=%2Fwp%2Fv2%2Fcomments&post=43841"}],"version-history":[{"count":2,"href":"https:\/\/cuernavaca.gob.mx\/index.php?rest_route=\/wp\/v2\/posts\/43841\/revisions"}],"predecessor-version":[{"id":43852,"href":"https:\/\/cuernavaca.gob.mx\/index.php?rest_route=\/wp\/v2\/posts\/43841\/revisions\/43852"}],"wp:featuredmedia":[{"embeddable":true,"href":"https:\/\/cuernavaca.gob.mx\/index.php?rest_route=\/wp\/v2\/media\/43845"}],"wp:attachment":[{"href":"https:\/\/cuernavaca.gob.mx\/index.php?rest_route=%2Fwp%2Fv2%2Fmedia&parent=43841"}],"wp:term":[{"taxonomy":"category","embeddable":true,"href":"https:\/\/cuernavaca.gob.mx\/index.php?rest_route=%2Fwp%2Fv2%2Fcategories&post=43841"},{"taxonomy":"post_tag","embeddable":true,"href":"https:\/\/cuernavaca.gob.mx\/index.php?rest_route=%2Fwp%2Fv2%2Ftags&post=43841"}],"curies":[{"name":"wp","href":"https:\/\/api.w.org\/{rel}","templated":true}]}}