{"id":43862,"date":"2024-09-08T14:00:43","date_gmt":"2024-09-08T20:00:43","guid":{"rendered":"https:\/\/cuernavaca.gob.mx\/?p=43862"},"modified":"2024-09-08T19:52:56","modified_gmt":"2024-09-09T01:52:56","slug":"b1943-08-09-24-vecinos-de-cuernavaca-reconocen-el-compromiso-del-alcalde-jose-luis-uriostegui-para-mejorar-las-condiciones-de-colonias-de-cuernavaca","status":"publish","type":"post","link":"https:\/\/cuernavaca.gob.mx\/?p=43862","title":{"rendered":"B1943 08\/09\/24 VECINOS DE CUERNAVACA RECONOCEN EL COMPROMISO DEL ALCALDE JOS\u00c9 LUIS URI\u00d3STEGUI PARA MEJORAR LAS CONDICIONES DE COLONIAS DE CUERNAVACA"},"content":{"rendered":"<div>\u2022 El presidente municipal puso en marcha la obra de rehabilitaci\u00f3n de la l\u00ednea de agua potable y del drenaje sanitario de la calle Emiliano Zapata en la colonia Benito Ju\u00e1rez<\/div>\n<div><\/div>\n<div>\u2022 Integrantes Comit\u00e9 de Participaci\u00f3n Social entreg\u00f3 preseas al alcalde capitalino y regidoras por apoyar a su comunidad que ha renacido con la administraci\u00f3n municipal<\/div>\n<div><\/div>\n<div>Con una inversi\u00f3n de un mill\u00f3n 481 mil 891.52 pesos del Fondo de Aportaciones para la Infraestructura Social Municipal (FAISMUN), el presidente municipal de Cuernavaca, Jos\u00e9 Luis Uri\u00f3stegui Salgado, puso en marcha los trabajos de rehabilitaci\u00f3n de la l\u00ednea de agua potable y del drenaje sanitario de la calle Emiliano Zapata en la colonia Benito Ju\u00e1rez.<\/div>\n<div><\/div>\n<div>En el banderazo de inicio de los trabajos, el secretario de Desarrollo Urbano y Obras P\u00fablicas, Demetrio Chavira de la Torre, inform\u00f3 que en un periodo de 30 d\u00edas naturales tendr\u00e1n como metas para la l\u00ednea de agua la instalaci\u00f3n de un tubo PEAD liso hidr\u00e1ulico RD- 11 de dos pulgadas de di\u00e1metro en 141.55 metros lineales y la conexi\u00f3n de ocho tomas domiciliarias de 1\/2 pulgada.<\/div>\n<div><\/div>\n<div>Detall\u00f3 que con relaci\u00f3n al drenaje sanitario estar\u00e1n colocando un tubo corrugado PEAD de 12 pulgadas en 141.55 metros lineales, construir\u00e1n cuatro pozos de visita com\u00fan con brocal y tapa concreto prefabricado, 19 descargas sanitarias de tuber\u00eda PEAD para conectar a todas las viviendas de seis pulgadas y en la franja que estar\u00e1n abriendo un pavimento de 15 cent\u00edmetros de espesor a base de concreto premezclado de 250 kg\/cm2 que aguantar\u00e1 el tr\u00e1nsito de veh\u00edculos y camiones pesados.<\/div>\n<div><\/div>\n<div>Al respecto, el director Operativo del Sistema de Agua Potable y Alcantarillado de Cuernavaca (SAPAC), Dante Figueroa Castelar y el director de Saneamiento y Calidad del Agua, Gonzalo \u00c1vila Rojas, puntualizaron la urgencia de la obra ante la alta incidencia de fugas que se registraban en la calle Emiliano Zapata derivado de que la l\u00ednea de agua ha cumplido su vida \u00fatil que al tener una distribuci\u00f3n del servicio por bombeo generaba mayores afectaciones que hoy ser\u00e1n resueltas con el material id\u00f3neo como es el tubo de polietileno de alta densidad.<\/div>\n<div><\/div>\n<div>Acompa\u00f1ado de las regidoras Wendi Salinas Ruiz, Patricia Torres Rosales y Lucero Cuenca Noria, el alcalde capitalino resalt\u00f3 que para su administraci\u00f3n ha sido fundamental hacer obras que sirvan directamente a la poblaci\u00f3n, con quienes adem\u00e1s han mantenido un trabajo coordinado para atender sus necesidades, cambiando este 2024 que es el a\u00f1o del agua potable 23 kil\u00f3metros de tuber\u00eda que mejorar\u00e1n significativamente el suministro del vital l\u00edquido en los hogares.<\/div>\n<div><\/div>\n<div>&#8220;Queremos que tengan agua, que el drenaje funcione, que haya mejores vialidades, m\u00e1s iluminaci\u00f3n en la colonia y que tengamos m\u00e1s seguridad, esos son los factores principales en los que incidimos&#8221;, enfatiz\u00f3.<\/div>\n<div><\/div>\n<div>En este marco, Alma Rosa Salda\u00f1a, presidenta del Comit\u00e9 de Participaci\u00f3n Social de la colonia Benito Ju\u00e1rez, manifest\u00f3 su agradecimiento al Ayuntamiento de Cuernavaca, no solo por esta obra, sino por todo el apoyo que le han brindado a la colonia que por muchos a\u00f1os estuvo abandonada por pasadas administraciones, por lo cual hizo entrega de unas medallas al presidente municipal, Jos\u00e9 Luis Uri\u00f3stegui Salgado y a las regidoras como un reconocimiento a su trabajo a favor de la ciudadan\u00eda.<\/div>\n<div>\n\n\t\t<style type=\"text\/css\">\n\t\t\t#gallery-1 {\n\t\t\t\tmargin: auto;\n\t\t\t}\n\t\t\t#gallery-1 .gallery-item {\n\t\t\t\tfloat: left;\n\t\t\t\tmargin-top: 10px;\n\t\t\t\ttext-align: center;\n\t\t\t\twidth: 33%;\n\t\t\t}\n\t\t\t#gallery-1 img {\n\t\t\t\tborder: 2px solid #cfcfcf;\n\t\t\t}\n\t\t\t#gallery-1 .gallery-caption {\n\t\t\t\tmargin-left: 0;\n\t\t\t}\n\t\t\t\/* see gallery_shortcode() in wp-includes\/media.php *\/\n\t\t<\/style>\n\t\t<div id='gallery-1' class='gallery galleryid-43862 gallery-columns-3 gallery-size-thumbnail'><dl class='gallery-item'>\n\t\t\t<dt class='gallery-icon portrait'>\n\t\t\t\t<a href='https:\/\/cuernavaca.gob.mx\/?attachment_id=43863'><img width=\"150\" height=\"150\" src=\"https:\/\/cuernavaca.gob.mx\/wp-content\/uploads\/2024\/09\/VECINOS-DE-CUERNAVACA-RECONOCEN-EL-COMPROMISO-DEL-ALCALDE-JOSE-LUIS-URIOSTEGUI-PARA-MEJORAR-LAS-CONDICIONES-DE-COLONIAS-DE-CUERNAVACA-1-150x150.jpeg\" class=\"attachment-thumbnail size-thumbnail\" alt=\"\" loading=\"lazy\" \/><\/a>\n\t\t\t<\/dt><\/dl><dl class='gallery-item'>\n\t\t\t<dt class='gallery-icon landscape'>\n\t\t\t\t<a href='https:\/\/cuernavaca.gob.mx\/?attachment_id=43864'><img width=\"150\" height=\"150\" src=\"https:\/\/cuernavaca.gob.mx\/wp-content\/uploads\/2024\/09\/VECINOS-DE-CUERNAVACA-RECONOCEN-EL-COMPROMISO-DEL-ALCALDE-JOSE-LUIS-URIOSTEGUI-PARA-MEJORAR-LAS-CONDICIONES-DE-COLONIAS-DE-CUERNAVACA-2-150x150.jpeg\" class=\"attachment-thumbnail size-thumbnail\" alt=\"\" loading=\"lazy\" \/><\/a>\n\t\t\t<\/dt><\/dl><dl class='gallery-item'>\n\t\t\t<dt class='gallery-icon portrait'>\n\t\t\t\t<a href='https:\/\/cuernavaca.gob.mx\/?attachment_id=43865'><img width=\"150\" height=\"150\" src=\"https:\/\/cuernavaca.gob.mx\/wp-content\/uploads\/2024\/09\/VECINOS-DE-CUERNAVACA-RECONOCEN-EL-COMPROMISO-DEL-ALCALDE-JOSE-LUIS-URIOSTEGUI-PARA-MEJORAR-LAS-CONDICIONES-DE-COLONIAS-DE-CUERNAVACA-3-150x150.jpeg\" class=\"attachment-thumbnail size-thumbnail\" alt=\"\" loading=\"lazy\" \/><\/a>\n\t\t\t<\/dt><\/dl><br style=\"clear: both\" \/><dl class='gallery-item'>\n\t\t\t<dt class='gallery-icon portrait'>\n\t\t\t\t<a href='https:\/\/cuernavaca.gob.mx\/?attachment_id=43866'><img width=\"150\" height=\"150\" src=\"https:\/\/cuernavaca.gob.mx\/wp-content\/uploads\/2024\/09\/VECINOS-DE-CUERNAVACA-RECONOCEN-EL-COMPROMISO-DEL-ALCALDE-JOSE-LUIS-URIOSTEGUI-PARA-MEJORAR-LAS-CONDICIONES-DE-COLONIAS-DE-CUERNAVACA-4-150x150.jpeg\" class=\"attachment-thumbnail size-thumbnail\" alt=\"\" loading=\"lazy\" \/><\/a>\n\t\t\t<\/dt><\/dl><dl class='gallery-item'>\n\t\t\t<dt class='gallery-icon landscape'>\n\t\t\t\t<a href='https:\/\/cuernavaca.gob.mx\/?attachment_id=43867'><img width=\"150\" height=\"150\" src=\"https:\/\/cuernavaca.gob.mx\/wp-content\/uploads\/2024\/09\/VECINOS-DE-CUERNAVACA-RECONOCEN-EL-COMPROMISO-DEL-ALCALDE-JOSE-LUIS-URIOSTEGUI-PARA-MEJORAR-LAS-CONDICIONES-DE-COLONIAS-DE-CUERNAVACA-6-150x150.jpeg\" class=\"attachment-thumbnail size-thumbnail\" alt=\"\" loading=\"lazy\" \/><\/a>\n\t\t\t<\/dt><\/dl><dl class='gallery-item'>\n\t\t\t<dt class='gallery-icon landscape'>\n\t\t\t\t<a href='https:\/\/cuernavaca.gob.mx\/?attachment_id=43868'><img width=\"150\" height=\"150\" src=\"https:\/\/cuernavaca.gob.mx\/wp-content\/uploads\/2024\/09\/VECINOS-DE-CUERNAVACA-RECONOCEN-EL-COMPROMISO-DEL-ALCALDE-JOSE-LUIS-URIOSTEGUI-PARA-MEJORAR-LAS-CONDICIONES-DE-COLONIAS-DE-CUERNAVACA-7-150x150.jpeg\" class=\"attachment-thumbnail size-thumbnail\" alt=\"\" loading=\"lazy\" \/><\/a>\n\t\t\t<\/dt><\/dl><br style=\"clear: both\" \/><dl class='gallery-item'>\n\t\t\t<dt class='gallery-icon landscape'>\n\t\t\t\t<a href='https:\/\/cuernavaca.gob.mx\/?attachment_id=43869'><img width=\"150\" height=\"150\" src=\"https:\/\/cuernavaca.gob.mx\/wp-content\/uploads\/2024\/09\/VECINOS-DE-CUERNAVACA-RECONOCEN-EL-COMPROMISO-DEL-ALCALDE-JOSE-LUIS-URIOSTEGUI-PARA-MEJORAR-LAS-CONDICIONES-DE-COLONIAS-DE-CUERNAVACA-8-150x150.jpeg\" class=\"attachment-thumbnail size-thumbnail\" alt=\"\" loading=\"lazy\" \/><\/a>\n\t\t\t<\/dt><\/dl><dl class='gallery-item'>\n\t\t\t<dt class='gallery-icon landscape'>\n\t\t\t\t<a href='https:\/\/cuernavaca.gob.mx\/?attachment_id=43870'><img width=\"150\" height=\"150\" src=\"https:\/\/cuernavaca.gob.mx\/wp-content\/uploads\/2024\/09\/VECINOS-DE-CUERNAVACA-RECONOCEN-EL-COMPROMISO-DEL-ALCALDE-JOSE-LUIS-URIOSTEGUI-PARA-MEJORAR-LAS-CONDICIONES-DE-COLONIAS-DE-CUERNAVACA-9-150x150.jpeg\" class=\"attachment-thumbnail size-thumbnail\" alt=\"\" loading=\"lazy\" \/><\/a>\n\t\t\t<\/dt><\/dl><dl class='gallery-item'>\n\t\t\t<dt class='gallery-icon landscape'>\n\t\t\t\t<a href='https:\/\/cuernavaca.gob.mx\/?attachment_id=43871'><img width=\"150\" height=\"150\" src=\"https:\/\/cuernavaca.gob.mx\/wp-content\/uploads\/2024\/09\/VECINOS-DE-CUERNAVACA-RECONOCEN-EL-COMPROMISO-DEL-ALCALDE-JOSE-LUIS-URIOSTEGUI-PARA-MEJORAR-LAS-CONDICIONES-DE-COLONIAS-DE-CUERNAVACA-10-150x150.jpeg\" class=\"attachment-thumbnail size-thumbnail\" alt=\"\" loading=\"lazy\" \/><\/a>\n\t\t\t<\/dt><\/dl><br style=\"clear: both\" \/><dl class='gallery-item'>\n\t\t\t<dt class='gallery-icon landscape'>\n\t\t\t\t<a href='https:\/\/cuernavaca.gob.mx\/?attachment_id=43872'><img width=\"150\" height=\"150\" src=\"https:\/\/cuernavaca.gob.mx\/wp-content\/uploads\/2024\/09\/VECINOS-DE-CUERNAVACA-RECONOCEN-EL-COMPROMISO-DEL-ALCALDE-JOSE-LUIS-URIOSTEGUI-PARA-MEJORAR-LAS-CONDICIONES-DE-COLONIAS-DE-CUERNAVACA-11-150x150.jpeg\" class=\"attachment-thumbnail size-thumbnail\" alt=\"\" loading=\"lazy\" \/><\/a>\n\t\t\t<\/dt><\/dl>\n\t\t\t<br style='clear: both' \/>\n\t\t<\/div>\n\n<\/div>\n","protected":false},"excerpt":{"rendered":"<p>\u2022 El presidente municipal puso en marcha la obra de rehabilitaci\u00f3n de la l\u00ednea de agua potable y del drenaje sanitario de la calle Emiliano Zapata en la colonia Benito Ju\u00e1rez \u2022 Integrantes Comit\u00e9 de Participaci\u00f3n Social entreg\u00f3 preseas al alcalde capitalino y regidoras por apoyar a su comunidad que ha renacido con la administraci\u00f3n [&hellip;]<\/p>\n","protected":false},"author":1,"featured_media":43870,"comment_status":"closed","ping_status":"open","sticky":false,"template":"","format":"standard","meta":[],"categories":[18],"tags":[395,615,916,121,515,120,206,1075,213,127,138],"aioseo_notices":[],"_links":{"self":[{"href":"https:\/\/cuernavaca.gob.mx\/index.php?rest_route=\/wp\/v2\/posts\/43862"}],"collection":[{"href":"https:\/\/cuernavaca.gob.mx\/index.php?rest_route=\/wp\/v2\/posts"}],"about":[{"href":"https:\/\/cuernavaca.gob.mx\/index.php?rest_route=\/wp\/v2\/types\/post"}],"author":[{"embeddable":true,"href":"https:\/\/cuernavaca.gob.mx\/index.php?rest_route=\/wp\/v2\/users\/1"}],"replies":[{"embeddable":true,"href":"https:\/\/cuernavaca.gob.mx\/index.php?rest_route=%2Fwp%2Fv2%2Fcomments&post=43862"}],"version-history":[{"count":1,"href":"https:\/\/cuernavaca.gob.mx\/index.php?rest_route=\/wp\/v2\/posts\/43862\/revisions"}],"predecessor-version":[{"id":43873,"href":"https:\/\/cuernavaca.gob.mx\/index.php?rest_route=\/wp\/v2\/posts\/43862\/revisions\/43873"}],"wp:featuredmedia":[{"embeddable":true,"href":"https:\/\/cuernavaca.gob.mx\/index.php?rest_route=\/wp\/v2\/media\/43870"}],"wp:attachment":[{"href":"https:\/\/cuernavaca.gob.mx\/index.php?rest_route=%2Fwp%2Fv2%2Fmedia&parent=43862"}],"wp:term":[{"taxonomy":"category","embeddable":true,"href":"https:\/\/cuernavaca.gob.mx\/index.php?rest_route=%2Fwp%2Fv2%2Fcategories&post=43862"},{"taxonomy":"post_tag","embeddable":true,"href":"https:\/\/cuernavaca.gob.mx\/index.php?rest_route=%2Fwp%2Fv2%2Ftags&post=43862"}],"curies":[{"name":"wp","href":"https:\/\/api.w.org\/{rel}","templated":true}]}}