{"id":43874,"date":"2024-09-08T14:35:15","date_gmt":"2024-09-08T20:35:15","guid":{"rendered":"https:\/\/cuernavaca.gob.mx\/?p=43874"},"modified":"2024-09-08T20:21:44","modified_gmt":"2024-09-09T02:21:44","slug":"b1942-08-09-24-cuernavaca-mantiene-en-alto-la-guardia-en-la-prevencion-y-combate-a-delitos-en-la-ultima-estapa-de-la-presente-administracion","status":"publish","type":"post","link":"https:\/\/cuernavaca.gob.mx\/?p=43874","title":{"rendered":"B1944 08\/09\/24 CUERNAVACA MANTIENE EN ALTO LA GUARDIA EN LA PREVENCI\u00d3N Y COMBATE A DELITOS EN LA \u00daLTIMA ESTAPA DE LA PRESENTE ADMINISTRACI\u00d3N\u00a0"},"content":{"rendered":"<div><strong>\u2022 -En el marco de la XVI sesi\u00f3n ordinaria del Consejo Municipal de Seguridad P\u00fablica, el presidente municipal Jos\u00e9 Luis Uri\u00f3stegui confirm\u00f3 que la prevenci\u00f3n del delito sigue siendo una tarea fundamental para su Gobierno<\/strong><\/div>\n<div><\/div>\n<div>El Ayuntamiento de Cuernavaca no bajar\u00e1 la guardia en materia de seguridad durante estos \u00faltimos meses de la presente administraci\u00f3n, afirm\u00f3 el presidente municipal, Jos\u00e9 Luis Uri\u00f3stegui Salgado, en el marco de la XVI sesi\u00f3n ordinaria del Consejo Municipal de Seguridad P\u00fablica, donde inform\u00f3 que para servir adecuadamente a la poblaci\u00f3n continuar\u00e1n equipando a los elementos policiacos, a fin de mantenerse como la mejor corporaci\u00f3n en el estado de Morelos.<\/div>\n<div><\/div>\n<div>Tras recibir un informe de las estad\u00edsticas, acciones implementadas y medidas adoptadas por las instancias que integran este cuerpo colegiado para el periodo mayo- junio 2024, Jos\u00e9 Luis Uri\u00f3stegui reconoci\u00f3 las acciones hechas en estos casi tres a\u00f1os de administraci\u00f3n para abatir la inseguridad que ha derivado en tendencias a la baja en ciertos \u00edndices delictivos y si bien el delito que m\u00e1s se ha conservado es el homicidio doloso de acuerdo con la informaci\u00f3n recabada se debe a que en muchas ocasiones personas lesionadas en otros municipios son tra\u00eddas a Cuernavaca para su atenci\u00f3n o los cuerpos de personas sin vida son abandonados en la ciudad sin que el delito se ejecute en la demarcaci\u00f3n.<\/div>\n<div><\/div>\n<div>En este sentido, aclar\u00f3 que el compromiso de la administraci\u00f3n es seguir trabajando de forma eficaz hasta el 31 de diciembre, considerando necesario en esta tarea el fortalecimiento de la corporaci\u00f3n, por lo cual est\u00e1n por adquirir 10 nuevas patrullas y tramitando la compra de armas y chalecos antibalas para que los elementos cuenten con la protecci\u00f3n adecuada para poder servir a la ciudadan\u00eda, conservando la vigilancia con recorridos y con polic\u00edas m\u00e1s preparados.<\/div>\n<div><\/div>\n<div>En la sesi\u00f3n la secretaria de Protecci\u00f3n y Auxilio Ciudadano (SEPRAC), Alicia V\u00e1zquez Luna y el titular del Secretariado Ejecutivo del Consejo Municipal de Seguridad P\u00fablica, Marco Olvera Benedicto, presentaron datos sobre el movimiento del \u00edndice delictivo dentro de las diversas colonias de Cuernavaca.<\/div>\n<div><\/div>\n<div>De igual forma, la s\u00edndica municipal, Ver\u00f3nica Atenco P\u00e9rez, expuso los avances que se tienen para la implementaci\u00f3n del Modelo Nacional de Polic\u00eda y Justicia C\u00edvica y la directora general del Instituto de la Mujer de Cuernavaca (IMC), Lorena Castillo Castillo, dio un informe de las actividades en materia de prevenci\u00f3n de la violencia hacia las mujeres.<\/div>\n<div><\/div>\n<div>Al respecto, Jos\u00e9 Luis Uri\u00f3stegui resalt\u00f3 la importancia de continuar trabajando en la concientizaci\u00f3n de la poblaci\u00f3n para que denuncien, particularmente en este caso las mujeres que se sientan en riesgo para que puedan recibir el respaldo que en ese momento ocupan, acci\u00f3n en la que el Instituto de la Mujer de Cuernavaca (IMC) las ha acompa\u00f1ado y ha intervenido.<\/div>\n<div><\/div>\n<div>El presidente municipal mencion\u00f3 que entre las actividades que est\u00e1n efectuado se encuentra la posibilidad de lograr que el Sistema Nacional de Seguridad P\u00fablica abra a Cuernavaca el n\u00famero de emergencias 911 para que el C4 deje de utilizar una l\u00ednea convencional, consiguiendo con ello atender de manera m\u00e1s eficiente y eficaz los auxilios ciudadanos que ha caracterizado a este centro.<\/div>\n<div><\/div>\n<div>Cabe mencionar que en esta sesi\u00f3n se tom\u00f3 protesta como integrante al presidente del Comisariado Ejidal de Chaputepec, Alberto Cabrera Flores.<\/div>\n<div>\n\n\t\t<style type=\"text\/css\">\n\t\t\t#gallery-1 {\n\t\t\t\tmargin: auto;\n\t\t\t}\n\t\t\t#gallery-1 .gallery-item {\n\t\t\t\tfloat: left;\n\t\t\t\tmargin-top: 10px;\n\t\t\t\ttext-align: center;\n\t\t\t\twidth: 33%;\n\t\t\t}\n\t\t\t#gallery-1 img {\n\t\t\t\tborder: 2px solid #cfcfcf;\n\t\t\t}\n\t\t\t#gallery-1 .gallery-caption {\n\t\t\t\tmargin-left: 0;\n\t\t\t}\n\t\t\t\/* see gallery_shortcode() in wp-includes\/media.php *\/\n\t\t<\/style>\n\t\t<div id='gallery-1' class='gallery galleryid-43874 gallery-columns-3 gallery-size-thumbnail'><dl class='gallery-item'>\n\t\t\t<dt class='gallery-icon landscape'>\n\t\t\t\t<a href='https:\/\/cuernavaca.gob.mx\/?attachment_id=43875'><img width=\"150\" height=\"150\" src=\"https:\/\/cuernavaca.gob.mx\/wp-content\/uploads\/2024\/09\/CUERNAVACA-MANTIENE-EN-ALTO-LA-GUARDIA-EN-LA-PREVENCION-Y-COMBATE-A-DELITOS-EN-LA-ULTIMA-ESTAPA-DE-LA-PRESENTE-ADMINISTRACION-1-150x150.jpeg\" class=\"attachment-thumbnail size-thumbnail\" alt=\"\" loading=\"lazy\" \/><\/a>\n\t\t\t<\/dt><\/dl><dl class='gallery-item'>\n\t\t\t<dt class='gallery-icon landscape'>\n\t\t\t\t<a href='https:\/\/cuernavaca.gob.mx\/?attachment_id=43876'><img width=\"150\" height=\"150\" src=\"https:\/\/cuernavaca.gob.mx\/wp-content\/uploads\/2024\/09\/CUERNAVACA-MANTIENE-EN-ALTO-LA-GUARDIA-EN-LA-PREVENCION-Y-COMBATE-A-DELITOS-EN-LA-ULTIMA-ESTAPA-DE-LA-PRESENTE-ADMINISTRACION-2-150x150.jpeg\" class=\"attachment-thumbnail size-thumbnail\" alt=\"\" loading=\"lazy\" \/><\/a>\n\t\t\t<\/dt><\/dl><dl class='gallery-item'>\n\t\t\t<dt class='gallery-icon landscape'>\n\t\t\t\t<a href='https:\/\/cuernavaca.gob.mx\/?attachment_id=43877'><img width=\"150\" height=\"150\" src=\"https:\/\/cuernavaca.gob.mx\/wp-content\/uploads\/2024\/09\/CUERNAVACA-MANTIENE-EN-ALTO-LA-GUARDIA-EN-LA-PREVENCION-Y-COMBATE-A-DELITOS-EN-LA-ULTIMA-ESTAPA-DE-LA-PRESENTE-ADMINISTRACION-3-150x150.jpeg\" class=\"attachment-thumbnail size-thumbnail\" alt=\"\" loading=\"lazy\" \/><\/a>\n\t\t\t<\/dt><\/dl><br style=\"clear: both\" \/><dl class='gallery-item'>\n\t\t\t<dt class='gallery-icon landscape'>\n\t\t\t\t<a href='https:\/\/cuernavaca.gob.mx\/?attachment_id=43878'><img width=\"150\" height=\"150\" src=\"https:\/\/cuernavaca.gob.mx\/wp-content\/uploads\/2024\/09\/CUERNAVACA-MANTIENE-EN-ALTO-LA-GUARDIA-EN-LA-PREVENCION-Y-COMBATE-A-DELITOS-EN-LA-ULTIMA-ESTAPA-DE-LA-PRESENTE-ADMINISTRACION-4-150x150.jpeg\" class=\"attachment-thumbnail size-thumbnail\" alt=\"\" loading=\"lazy\" \/><\/a>\n\t\t\t<\/dt><\/dl><dl class='gallery-item'>\n\t\t\t<dt class='gallery-icon landscape'>\n\t\t\t\t<a href='https:\/\/cuernavaca.gob.mx\/?attachment_id=43879'><img width=\"150\" height=\"150\" src=\"https:\/\/cuernavaca.gob.mx\/wp-content\/uploads\/2024\/09\/CUERNAVACA-MANTIENE-EN-ALTO-LA-GUARDIA-EN-LA-PREVENCION-Y-COMBATE-A-DELITOS-EN-LA-ULTIMA-ESTAPA-DE-LA-PRESENTE-ADMINISTRACION-5-150x150.jpeg\" class=\"attachment-thumbnail size-thumbnail\" alt=\"\" loading=\"lazy\" \/><\/a>\n\t\t\t<\/dt><\/dl><dl class='gallery-item'>\n\t\t\t<dt class='gallery-icon landscape'>\n\t\t\t\t<a href='https:\/\/cuernavaca.gob.mx\/?attachment_id=43880'><img width=\"150\" height=\"150\" src=\"https:\/\/cuernavaca.gob.mx\/wp-content\/uploads\/2024\/09\/CUERNAVACA-MANTIENE-EN-ALTO-LA-GUARDIA-EN-LA-PREVENCION-Y-COMBATE-A-DELITOS-EN-LA-ULTIMA-ESTAPA-DE-LA-PRESENTE-ADMINISTRACION-6-150x150.jpeg\" class=\"attachment-thumbnail size-thumbnail\" alt=\"\" loading=\"lazy\" \/><\/a>\n\t\t\t<\/dt><\/dl><br style=\"clear: both\" \/><dl class='gallery-item'>\n\t\t\t<dt class='gallery-icon landscape'>\n\t\t\t\t<a href='https:\/\/cuernavaca.gob.mx\/?attachment_id=43881'><img width=\"150\" height=\"150\" src=\"https:\/\/cuernavaca.gob.mx\/wp-content\/uploads\/2024\/09\/CUERNAVACA-MANTIENE-EN-ALTO-LA-GUARDIA-EN-LA-PREVENCION-Y-COMBATE-A-DELITOS-EN-LA-ULTIMA-ESTAPA-DE-LA-PRESENTE-ADMINISTRACION-7-150x150.jpeg\" class=\"attachment-thumbnail size-thumbnail\" alt=\"\" loading=\"lazy\" \/><\/a>\n\t\t\t<\/dt><\/dl><dl class='gallery-item'>\n\t\t\t<dt class='gallery-icon landscape'>\n\t\t\t\t<a href='https:\/\/cuernavaca.gob.mx\/?attachment_id=43882'><img width=\"150\" height=\"150\" src=\"https:\/\/cuernavaca.gob.mx\/wp-content\/uploads\/2024\/09\/CUERNAVACA-MANTIENE-EN-ALTO-LA-GUARDIA-EN-LA-PREVENCION-Y-COMBATE-A-DELITOS-EN-LA-ULTIMA-ESTAPA-DE-LA-PRESENTE-ADMINISTRACION-8-150x150.jpeg\" class=\"attachment-thumbnail size-thumbnail\" alt=\"\" loading=\"lazy\" \/><\/a>\n\t\t\t<\/dt><\/dl>\n\t\t\t<br style='clear: both' \/>\n\t\t<\/div>\n\n<\/div>\n","protected":false},"excerpt":{"rendered":"<p>\u2022 -En el marco de la XVI sesi\u00f3n ordinaria del Consejo Municipal de Seguridad P\u00fablica, el presidente municipal Jos\u00e9 Luis Uri\u00f3stegui confirm\u00f3 que la prevenci\u00f3n del delito sigue siendo una tarea fundamental para su Gobierno El Ayuntamiento de Cuernavaca no bajar\u00e1 la guardia en materia de seguridad durante estos \u00faltimos meses de la presente administraci\u00f3n, [&hellip;]<\/p>\n","protected":false},"author":1,"featured_media":43880,"comment_status":"closed","ping_status":"open","sticky":false,"template":"","format":"standard","meta":[],"categories":[17],"tags":[2582,121,120,206,2285,127,414,125],"aioseo_notices":[],"_links":{"self":[{"href":"https:\/\/cuernavaca.gob.mx\/index.php?rest_route=\/wp\/v2\/posts\/43874"}],"collection":[{"href":"https:\/\/cuernavaca.gob.mx\/index.php?rest_route=\/wp\/v2\/posts"}],"about":[{"href":"https:\/\/cuernavaca.gob.mx\/index.php?rest_route=\/wp\/v2\/types\/post"}],"author":[{"embeddable":true,"href":"https:\/\/cuernavaca.gob.mx\/index.php?rest_route=\/wp\/v2\/users\/1"}],"replies":[{"embeddable":true,"href":"https:\/\/cuernavaca.gob.mx\/index.php?rest_route=%2Fwp%2Fv2%2Fcomments&post=43874"}],"version-history":[{"count":2,"href":"https:\/\/cuernavaca.gob.mx\/index.php?rest_route=\/wp\/v2\/posts\/43874\/revisions"}],"predecessor-version":[{"id":43884,"href":"https:\/\/cuernavaca.gob.mx\/index.php?rest_route=\/wp\/v2\/posts\/43874\/revisions\/43884"}],"wp:featuredmedia":[{"embeddable":true,"href":"https:\/\/cuernavaca.gob.mx\/index.php?rest_route=\/wp\/v2\/media\/43880"}],"wp:attachment":[{"href":"https:\/\/cuernavaca.gob.mx\/index.php?rest_route=%2Fwp%2Fv2%2Fmedia&parent=43874"}],"wp:term":[{"taxonomy":"category","embeddable":true,"href":"https:\/\/cuernavaca.gob.mx\/index.php?rest_route=%2Fwp%2Fv2%2Fcategories&post=43874"},{"taxonomy":"post_tag","embeddable":true,"href":"https:\/\/cuernavaca.gob.mx\/index.php?rest_route=%2Fwp%2Fv2%2Ftags&post=43874"}],"curies":[{"name":"wp","href":"https:\/\/api.w.org\/{rel}","templated":true}]}}