{"id":44327,"date":"2024-09-18T14:25:56","date_gmt":"2024-09-18T20:25:56","guid":{"rendered":"https:\/\/cuernavaca.gob.mx\/?p=44327"},"modified":"2024-09-18T14:25:56","modified_gmt":"2024-09-18T20:25:56","slug":"f903-18-09-24-compromete-jose-luis-uriostegui-cierre-de-administracion-municipal-con-transparencia-en-el-manejo-de-recursos-y-con-apego-a-la-disciplina-financiera","status":"publish","type":"post","link":"https:\/\/cuernavaca.gob.mx\/?p=44327","title":{"rendered":"F903 18\/09\/24 COMPROMETE JOS\u00c9 LUIS URI\u00d3STEGUI CIERRE DE ADMINISTRACI\u00d3N MUNICIPAL CON TRANSPARENCIA EN EL MANEJO DE RECURSOS Y CON APEGO A LA DISCIPLINA FINANCIERA"},"content":{"rendered":"<p>En reuni\u00f3n con integrantes del Gabinete, el presidente municipal de Cuernavaca, Jos\u00e9 Luis Uri\u00f3stegui Salgado, instruy\u00f3 a los titulares de las dependencias a reforzar el ritmo de trabajo en este \u00faltimo cuatrimestre del a\u00f1o para cerrar la gesti\u00f3n 2022-2024 bajo los principios de transparencia, rendici\u00f3n de cuentas, austeridad y disciplina financiera, que han caracterizado a la administraci\u00f3n, haciendo m\u00e1s eficientes los presupuestos para seguir cumpliendo con los compromisos con los habitantes de colonias y poblados de la ciudad capital.<\/p>\n<p>Para conocer el estado financiero y operativo de cada \u00e1rea, el alcalde capitalino conoci\u00f3 los informes presentados por la secretaria de Protecci\u00f3n y Auxilio Ciudadano (SEPRAC), Alicia V\u00e1zquez Luna; la secretaria de Desarrollo Humano y Participacion Social, Laura Hern\u00e1ndez Cruz; la consejera jur\u00eddica, Nadia Luz Lara Ch\u00e1vez; la contralora municipal, Dolores \u00c1lvarez D\u00edaz; el secretario del Ayuntamiento, Carlos de la Rosa Segura.<\/p>\n<p>De igual forma, presentaron sus informes el secretario de Desarrollo Urbano y Obras P\u00fablicas, Demetrio Chavira de la Torre; el secretario de Desarrollo Sustentable y Servicios P\u00fablicos, Israel Albavera V\u00e1zquez; el secretario de Administraci\u00f3n, Israel Y\u00fadico Herrera y el tesorero municipal, Javier Arozarena Salazar, quien detall\u00f3 el ejercicio realizado a la fecha del presupuesto asignado para el 2024 y lo que resta por ser devengado.<\/p>\n<p>Jos\u00e9 Luis Uri\u00f3stegui reiter\u00f3 que al concluir el trienio est\u00e1 garantizado el pago de salarios, aguinaldos y otras prestaciones a las que tienen derecho de los trabajadores sindicalizados y de base, descartando escenarios como el presentado cuando recibieron la administraci\u00f3n, instruyendo a los titulares de las dependencias que integran el Gobierno Municipal a consolidar los programas, obras y servicios que han permitido dar pasos importantes en el proceso de reconstrucci\u00f3n de la ciudad y la recuperaci\u00f3n de la confianza de la poblaci\u00f3n, reconociendo que a\u00fan hay muchos pendientes por ser atendidos.<\/p>\n\n\t\t<style type=\"text\/css\">\n\t\t\t#gallery-1 {\n\t\t\t\tmargin: auto;\n\t\t\t}\n\t\t\t#gallery-1 .gallery-item {\n\t\t\t\tfloat: left;\n\t\t\t\tmargin-top: 10px;\n\t\t\t\ttext-align: center;\n\t\t\t\twidth: 33%;\n\t\t\t}\n\t\t\t#gallery-1 img {\n\t\t\t\tborder: 2px solid #cfcfcf;\n\t\t\t}\n\t\t\t#gallery-1 .gallery-caption {\n\t\t\t\tmargin-left: 0;\n\t\t\t}\n\t\t\t\/* see gallery_shortcode() in wp-includes\/media.php *\/\n\t\t<\/style>\n\t\t<div id='gallery-1' class='gallery galleryid-44327 gallery-columns-3 gallery-size-thumbnail'><dl class='gallery-item'>\n\t\t\t<dt class='gallery-icon landscape'>\n\t\t\t\t<a href='https:\/\/cuernavaca.gob.mx\/?attachment_id=44328'><img width=\"150\" height=\"150\" src=\"https:\/\/cuernavaca.gob.mx\/wp-content\/uploads\/2024\/09\/COMPROMETE-JOSE\u0301-LUIS-URIO\u0301STEGUI-CIERRE-DE-ADMINISTRACIO\u0301N-MUNICIPAL-CON-TRANSPARENCIA-EN-EL-MANEJO-DE-RECURSOS-Y-CON-APEGO-A-LA-DISCIPLINA-FINANCIERA-1-150x150.jpg\" class=\"attachment-thumbnail size-thumbnail\" alt=\"\" loading=\"lazy\" \/><\/a>\n\t\t\t<\/dt><\/dl><dl class='gallery-item'>\n\t\t\t<dt class='gallery-icon landscape'>\n\t\t\t\t<a href='https:\/\/cuernavaca.gob.mx\/?attachment_id=44329'><img width=\"150\" height=\"150\" src=\"https:\/\/cuernavaca.gob.mx\/wp-content\/uploads\/2024\/09\/COMPROMETE-JOSE\u0301-LUIS-URIO\u0301STEGUI-CIERRE-DE-ADMINISTRACIO\u0301N-MUNICIPAL-CON-TRANSPARENCIA-EN-EL-MANEJO-DE-RECURSOS-Y-CON-APEGO-A-LA-DISCIPLINA-FINANCIERA-2-150x150.jpg\" class=\"attachment-thumbnail size-thumbnail\" alt=\"\" loading=\"lazy\" \/><\/a>\n\t\t\t<\/dt><\/dl><dl class='gallery-item'>\n\t\t\t<dt class='gallery-icon landscape'>\n\t\t\t\t<a href='https:\/\/cuernavaca.gob.mx\/?attachment_id=44330'><img width=\"150\" height=\"150\" src=\"https:\/\/cuernavaca.gob.mx\/wp-content\/uploads\/2024\/09\/COMPROMETE-JOSE\u0301-LUIS-URIO\u0301STEGUI-CIERRE-DE-ADMINISTRACIO\u0301N-MUNICIPAL-CON-TRANSPARENCIA-EN-EL-MANEJO-DE-RECURSOS-Y-CON-APEGO-A-LA-DISCIPLINA-FINANCIERA-3-150x150.jpg\" class=\"attachment-thumbnail size-thumbnail\" alt=\"\" loading=\"lazy\" \/><\/a>\n\t\t\t<\/dt><\/dl><br style=\"clear: both\" \/><dl class='gallery-item'>\n\t\t\t<dt class='gallery-icon landscape'>\n\t\t\t\t<a href='https:\/\/cuernavaca.gob.mx\/?attachment_id=44331'><img width=\"150\" height=\"150\" src=\"https:\/\/cuernavaca.gob.mx\/wp-content\/uploads\/2024\/09\/COMPROMETE-JOSE\u0301-LUIS-URIO\u0301STEGUI-CIERRE-DE-ADMINISTRACIO\u0301N-MUNICIPAL-CON-TRANSPARENCIA-EN-EL-MANEJO-DE-RECURSOS-Y-CON-APEGO-A-LA-DISCIPLINA-FINANCIERA-4-150x150.jpg\" class=\"attachment-thumbnail size-thumbnail\" alt=\"\" loading=\"lazy\" \/><\/a>\n\t\t\t<\/dt><\/dl><dl class='gallery-item'>\n\t\t\t<dt class='gallery-icon landscape'>\n\t\t\t\t<a href='https:\/\/cuernavaca.gob.mx\/?attachment_id=44332'><img width=\"150\" height=\"150\" src=\"https:\/\/cuernavaca.gob.mx\/wp-content\/uploads\/2024\/09\/COMPROMETE-JOSE\u0301-LUIS-URIO\u0301STEGUI-CIERRE-DE-ADMINISTRACIO\u0301N-MUNICIPAL-CON-TRANSPARENCIA-EN-EL-MANEJO-DE-RECURSOS-Y-CON-APEGO-A-LA-DISCIPLINA-FINANCIERA-5-150x150.jpg\" class=\"attachment-thumbnail size-thumbnail\" alt=\"\" loading=\"lazy\" \/><\/a>\n\t\t\t<\/dt><\/dl><dl class='gallery-item'>\n\t\t\t<dt class='gallery-icon landscape'>\n\t\t\t\t<a href='https:\/\/cuernavaca.gob.mx\/?attachment_id=44333'><img width=\"150\" height=\"150\" src=\"https:\/\/cuernavaca.gob.mx\/wp-content\/uploads\/2024\/09\/COMPROMETE-JOSE\u0301-LUIS-URIO\u0301STEGUI-CIERRE-DE-ADMINISTRACIO\u0301N-MUNICIPAL-CON-TRANSPARENCIA-EN-EL-MANEJO-DE-RECURSOS-Y-CON-APEGO-A-LA-DISCIPLINA-FINANCIERA-6-150x150.jpg\" class=\"attachment-thumbnail size-thumbnail\" alt=\"\" loading=\"lazy\" \/><\/a>\n\t\t\t<\/dt><\/dl><br style=\"clear: both\" \/><dl class='gallery-item'>\n\t\t\t<dt class='gallery-icon landscape'>\n\t\t\t\t<a href='https:\/\/cuernavaca.gob.mx\/?attachment_id=44334'><img width=\"150\" height=\"150\" src=\"https:\/\/cuernavaca.gob.mx\/wp-content\/uploads\/2024\/09\/COMPROMETE-JOSE\u0301-LUIS-URIO\u0301STEGUI-CIERRE-DE-ADMINISTRACIO\u0301N-MUNICIPAL-CON-TRANSPARENCIA-EN-EL-MANEJO-DE-RECURSOS-Y-CON-APEGO-A-LA-DISCIPLINA-FINANCIERA-7-150x150.jpg\" class=\"attachment-thumbnail size-thumbnail\" alt=\"\" loading=\"lazy\" \/><\/a>\n\t\t\t<\/dt><\/dl>\n\t\t\t<br style='clear: both' \/>\n\t\t<\/div>\n\n","protected":false},"excerpt":{"rendered":"<p>En reuni\u00f3n con integrantes del Gabinete, el presidente municipal de Cuernavaca, Jos\u00e9 Luis Uri\u00f3stegui Salgado, instruy\u00f3 a los titulares de las dependencias a reforzar el ritmo de trabajo en este \u00faltimo cuatrimestre del a\u00f1o para cerrar la gesti\u00f3n 2022-2024 bajo los principios de transparencia, rendici\u00f3n de cuentas, austeridad y disciplina financiera, que han caracterizado a [&hellip;]<\/p>\n","protected":false},"author":1,"featured_media":44329,"comment_status":"closed","ping_status":"open","sticky":false,"template":"","format":"standard","meta":[],"categories":[20],"tags":[160,158,121,129,1929,120,206,127,372],"aioseo_notices":[],"_links":{"self":[{"href":"https:\/\/cuernavaca.gob.mx\/index.php?rest_route=\/wp\/v2\/posts\/44327"}],"collection":[{"href":"https:\/\/cuernavaca.gob.mx\/index.php?rest_route=\/wp\/v2\/posts"}],"about":[{"href":"https:\/\/cuernavaca.gob.mx\/index.php?rest_route=\/wp\/v2\/types\/post"}],"author":[{"embeddable":true,"href":"https:\/\/cuernavaca.gob.mx\/index.php?rest_route=\/wp\/v2\/users\/1"}],"replies":[{"embeddable":true,"href":"https:\/\/cuernavaca.gob.mx\/index.php?rest_route=%2Fwp%2Fv2%2Fcomments&post=44327"}],"version-history":[{"count":1,"href":"https:\/\/cuernavaca.gob.mx\/index.php?rest_route=\/wp\/v2\/posts\/44327\/revisions"}],"predecessor-version":[{"id":44335,"href":"https:\/\/cuernavaca.gob.mx\/index.php?rest_route=\/wp\/v2\/posts\/44327\/revisions\/44335"}],"wp:featuredmedia":[{"embeddable":true,"href":"https:\/\/cuernavaca.gob.mx\/index.php?rest_route=\/wp\/v2\/media\/44329"}],"wp:attachment":[{"href":"https:\/\/cuernavaca.gob.mx\/index.php?rest_route=%2Fwp%2Fv2%2Fmedia&parent=44327"}],"wp:term":[{"taxonomy":"category","embeddable":true,"href":"https:\/\/cuernavaca.gob.mx\/index.php?rest_route=%2Fwp%2Fv2%2Fcategories&post=44327"},{"taxonomy":"post_tag","embeddable":true,"href":"https:\/\/cuernavaca.gob.mx\/index.php?rest_route=%2Fwp%2Fv2%2Ftags&post=44327"}],"curies":[{"name":"wp","href":"https:\/\/api.w.org\/{rel}","templated":true}]}}