{"id":44336,"date":"2024-09-18T14:43:07","date_gmt":"2024-09-18T20:43:07","guid":{"rendered":"https:\/\/cuernavaca.gob.mx\/?p=44336"},"modified":"2024-09-18T14:43:07","modified_gmt":"2024-09-18T20:43:07","slug":"b1963-18-09-24-por-90-dias-se-realizaran-trabajos-para-sustituir-linea-de-distribucion-de-agua-potable-en-la-avenida-avila-camacho-beneficiando-a-mas-de-8-mil-habitantes","status":"publish","type":"post","link":"https:\/\/cuernavaca.gob.mx\/?p=44336","title":{"rendered":"B1963 18\/09\/24 POR 90 D\u00cdAS SE REALIZAR\u00c1N TRABAJOS PARA SUSTITUIR L\u00cdNEA DE DISTRIBUCI\u00d3N DE AGUA POTABLE EN LA AVENIDA \u00c1VILA CAMACHO BENEFICIANDO A M\u00c1S DE 8 MIL HABITANTES"},"content":{"rendered":"<p><strong>\u2022 El alcalde Jos\u00e9 Luis Uri\u00f3stegui junto con autoridades de CONAGUA y vecinos dieron el banderazo de arranque a esta obra que se concreta mediante el Programa de Devoluci\u00f3n de Derechos (PRODDER)<\/strong><\/p>\n<p><strong>\u2022 El SAPAC coordinar\u00e1 esta obra que contempla la rehabilitaci\u00f3n de 750 metros de tuber\u00eda que sustituye a los tubos de asbesto cemento<\/strong><\/p>\n<p>Al ser este 2024 el a\u00f1o del agua potable, el Ayuntamiento de Cuernavaca, a trav\u00e9s del Sistema de Agua Potable y Alcantarillado de Cuernavaca (SAPAC) en coordinaci\u00f3n con el Organismo Cuenca Balsa de la Comisi\u00f3n Nacional del Agua (CONAGUA), inici\u00f3 con la obra de sustituci\u00f3n de 750 metros de l\u00ednea de distribuci\u00f3n del vital l\u00edquido de ocho pulgadas de di\u00e1metro en la avenida \u00c1vila Camacho en las colonias Arboledas y La Pradera, que beneficiar\u00e1 a cuatro mil 710 habitantes directos y ocho mil indirectos.<\/p>\n<p>En el marco de arranque de la obra que encabez\u00f3 el presidente municipal Jos\u00e9 Luis Uri\u00f3stegui Salgado, el director t\u00e9cnico de SAPAC, H\u00e9ctor Polanco Ch\u00e1vez, inform\u00f3 que los trabajos tienen un monto de inversi\u00f3n de tres millones 580 mil 951.31 pesos del Programa de Devoluci\u00f3n de Derechos (PRODDER) que consiste en otorgar un 50 por ciento CONAGUA y el otro 50 por ciento el organismo descentralizado para cambiar la tuber\u00eda de asbesto cemento por una tuber\u00eda PAD RD 11, as\u00ed como renovar las tomas domiciliarias para erradicar la presencia de fugas que era uno de los grandes problemas en esta importante avenida.<\/p>\n<p>Al uso de la palabra, el alcalde Jos\u00e9 Luis Uri\u00f3stegui, se\u00f1al\u00f3 que, si bien las obras ocasionan molestias a la poblaci\u00f3n, sin duda es indispensable llevarlas a cabo, particularmente en temas relacionados con el agua potable, poniendo como ejemplo esta intervenci\u00f3n que garantizar\u00e1 que llegue a los domicilios y negocios para que tengan salud y vida.<\/p>\n<p>El director general del Organismo Cuenca Balsas de CONAGUA, Andr\u00e9s Eduardo Galv\u00e1n Torres, reconoci\u00f3 la labor que est\u00e1 realizando el Ayuntamiento y SAPAC para mejorar la prestaci\u00f3n del servicio de agua potable en Cuernavaca, saldando adeudos heredados por anteriores administraciones, permitiendo participar en este programa federal, detonando obras que priorizan las necesidades de la sociedad en un rubro tan fundamental como es el agua potable.<\/p>\n<p>En el banderazo de arranque asistieron la regidora Mireya Delgado Romero, la directora general de SAPAC, Evelia Flores Hern\u00e1ndez; la delegada de Benito Ju\u00e1rez Garc\u00eda, Deyanira Hern\u00e1ndez Guti\u00e9rrez; el director Operativo de SAPAC, Dante Figueroa Castelar; as\u00ed como vecinos y comerciantes de la zona, a quienes el presidente municipal les pidi\u00f3 estar al pendiente de que la obra se ejecute en el tiempo establecido que es de 90 d\u00edas, concluyendo en la segunda quincena del mes de diciembre del 2024.<\/p>\n\n\t\t<style type=\"text\/css\">\n\t\t\t#gallery-1 {\n\t\t\t\tmargin: auto;\n\t\t\t}\n\t\t\t#gallery-1 .gallery-item {\n\t\t\t\tfloat: left;\n\t\t\t\tmargin-top: 10px;\n\t\t\t\ttext-align: center;\n\t\t\t\twidth: 33%;\n\t\t\t}\n\t\t\t#gallery-1 img {\n\t\t\t\tborder: 2px solid #cfcfcf;\n\t\t\t}\n\t\t\t#gallery-1 .gallery-caption {\n\t\t\t\tmargin-left: 0;\n\t\t\t}\n\t\t\t\/* see gallery_shortcode() in wp-includes\/media.php *\/\n\t\t<\/style>\n\t\t<div id='gallery-1' class='gallery galleryid-44336 gallery-columns-3 gallery-size-thumbnail'><dl class='gallery-item'>\n\t\t\t<dt class='gallery-icon landscape'>\n\t\t\t\t<a href='https:\/\/cuernavaca.gob.mx\/?attachment_id=44337'><img width=\"150\" height=\"150\" src=\"https:\/\/cuernavaca.gob.mx\/wp-content\/uploads\/2024\/09\/POR-90-DI\u0301AS-SE-REALIZARA\u0301N-TRABAJOS-PARA-SUSTITUIR-LI\u0301NEA-DE-DISTRIBUCIO\u0301N-DE-AGUA-POTABLE-EN-LA-AVENIDA-A\u0301VILA-CAMACHO-BENEFICIANDO-A-MA\u0301S-DE-8-MIL-HABITANTES-1-150x150.jpg\" class=\"attachment-thumbnail size-thumbnail\" alt=\"\" loading=\"lazy\" \/><\/a>\n\t\t\t<\/dt><\/dl><dl class='gallery-item'>\n\t\t\t<dt class='gallery-icon landscape'>\n\t\t\t\t<a href='https:\/\/cuernavaca.gob.mx\/?attachment_id=44338'><img width=\"150\" height=\"150\" src=\"https:\/\/cuernavaca.gob.mx\/wp-content\/uploads\/2024\/09\/POR-90-DI\u0301AS-SE-REALIZARA\u0301N-TRABAJOS-PARA-SUSTITUIR-LI\u0301NEA-DE-DISTRIBUCIO\u0301N-DE-AGUA-POTABLE-EN-LA-AVENIDA-A\u0301VILA-CAMACHO-BENEFICIANDO-A-MA\u0301S-DE-8-MIL-HABITANTES-2-150x150.jpg\" class=\"attachment-thumbnail size-thumbnail\" alt=\"\" loading=\"lazy\" \/><\/a>\n\t\t\t<\/dt><\/dl><dl class='gallery-item'>\n\t\t\t<dt class='gallery-icon landscape'>\n\t\t\t\t<a href='https:\/\/cuernavaca.gob.mx\/?attachment_id=44339'><img width=\"150\" height=\"150\" src=\"https:\/\/cuernavaca.gob.mx\/wp-content\/uploads\/2024\/09\/POR-90-DI\u0301AS-SE-REALIZARA\u0301N-TRABAJOS-PARA-SUSTITUIR-LI\u0301NEA-DE-DISTRIBUCIO\u0301N-DE-AGUA-POTABLE-EN-LA-AVENIDA-A\u0301VILA-CAMACHO-BENEFICIANDO-A-MA\u0301S-DE-8-MIL-HABITANTES-3-150x150.jpg\" class=\"attachment-thumbnail size-thumbnail\" alt=\"\" loading=\"lazy\" \/><\/a>\n\t\t\t<\/dt><\/dl><br style=\"clear: both\" \/><dl class='gallery-item'>\n\t\t\t<dt class='gallery-icon landscape'>\n\t\t\t\t<a href='https:\/\/cuernavaca.gob.mx\/?attachment_id=44340'><img width=\"150\" height=\"150\" src=\"https:\/\/cuernavaca.gob.mx\/wp-content\/uploads\/2024\/09\/POR-90-DI\u0301AS-SE-REALIZARA\u0301N-TRABAJOS-PARA-SUSTITUIR-LI\u0301NEA-DE-DISTRIBUCIO\u0301N-DE-AGUA-POTABLE-EN-LA-AVENIDA-A\u0301VILA-CAMACHO-BENEFICIANDO-A-MA\u0301S-DE-8-MIL-HABITANTES-4-150x150.jpg\" class=\"attachment-thumbnail size-thumbnail\" alt=\"\" loading=\"lazy\" \/><\/a>\n\t\t\t<\/dt><\/dl><dl class='gallery-item'>\n\t\t\t<dt class='gallery-icon landscape'>\n\t\t\t\t<a href='https:\/\/cuernavaca.gob.mx\/?attachment_id=44341'><img width=\"150\" height=\"150\" src=\"https:\/\/cuernavaca.gob.mx\/wp-content\/uploads\/2024\/09\/POR-90-DI\u0301AS-SE-REALIZARA\u0301N-TRABAJOS-PARA-SUSTITUIR-LI\u0301NEA-DE-DISTRIBUCIO\u0301N-DE-AGUA-POTABLE-EN-LA-AVENIDA-A\u0301VILA-CAMACHO-BENEFICIANDO-A-MA\u0301S-DE-8-MIL-HABITANTES-5-150x150.jpg\" class=\"attachment-thumbnail size-thumbnail\" alt=\"\" loading=\"lazy\" \/><\/a>\n\t\t\t<\/dt><\/dl><dl class='gallery-item'>\n\t\t\t<dt class='gallery-icon landscape'>\n\t\t\t\t<a href='https:\/\/cuernavaca.gob.mx\/?attachment_id=44342'><img width=\"150\" height=\"150\" src=\"https:\/\/cuernavaca.gob.mx\/wp-content\/uploads\/2024\/09\/POR-90-DI\u0301AS-SE-REALIZARA\u0301N-TRABAJOS-PARA-SUSTITUIR-LI\u0301NEA-DE-DISTRIBUCIO\u0301N-DE-AGUA-POTABLE-EN-LA-AVENIDA-A\u0301VILA-CAMACHO-BENEFICIANDO-A-MA\u0301S-DE-8-MIL-HABITANTES-6-150x150.jpg\" class=\"attachment-thumbnail size-thumbnail\" alt=\"\" loading=\"lazy\" \/><\/a>\n\t\t\t<\/dt><\/dl><br style=\"clear: both\" \/>\n\t\t<\/div>\n\n","protected":false},"excerpt":{"rendered":"<p>\u2022 El alcalde Jos\u00e9 Luis Uri\u00f3stegui junto con autoridades de CONAGUA y vecinos dieron el banderazo de arranque a esta obra que se concreta mediante el Programa de Devoluci\u00f3n de Derechos (PRODDER) \u2022 El SAPAC coordinar\u00e1 esta obra que contempla la rehabilitaci\u00f3n de 750 metros de tuber\u00eda que sustituye a los tubos de asbesto cemento [&hellip;]<\/p>\n","protected":false},"author":1,"featured_media":44342,"comment_status":"closed","ping_status":"open","sticky":false,"template":"","format":"standard","meta":[],"categories":[18],"tags":[395,615,916,121,515,120,206,1075,213,127,138],"aioseo_notices":[],"_links":{"self":[{"href":"https:\/\/cuernavaca.gob.mx\/index.php?rest_route=\/wp\/v2\/posts\/44336"}],"collection":[{"href":"https:\/\/cuernavaca.gob.mx\/index.php?rest_route=\/wp\/v2\/posts"}],"about":[{"href":"https:\/\/cuernavaca.gob.mx\/index.php?rest_route=\/wp\/v2\/types\/post"}],"author":[{"embeddable":true,"href":"https:\/\/cuernavaca.gob.mx\/index.php?rest_route=\/wp\/v2\/users\/1"}],"replies":[{"embeddable":true,"href":"https:\/\/cuernavaca.gob.mx\/index.php?rest_route=%2Fwp%2Fv2%2Fcomments&post=44336"}],"version-history":[{"count":1,"href":"https:\/\/cuernavaca.gob.mx\/index.php?rest_route=\/wp\/v2\/posts\/44336\/revisions"}],"predecessor-version":[{"id":44343,"href":"https:\/\/cuernavaca.gob.mx\/index.php?rest_route=\/wp\/v2\/posts\/44336\/revisions\/44343"}],"wp:featuredmedia":[{"embeddable":true,"href":"https:\/\/cuernavaca.gob.mx\/index.php?rest_route=\/wp\/v2\/media\/44342"}],"wp:attachment":[{"href":"https:\/\/cuernavaca.gob.mx\/index.php?rest_route=%2Fwp%2Fv2%2Fmedia&parent=44336"}],"wp:term":[{"taxonomy":"category","embeddable":true,"href":"https:\/\/cuernavaca.gob.mx\/index.php?rest_route=%2Fwp%2Fv2%2Fcategories&post=44336"},{"taxonomy":"post_tag","embeddable":true,"href":"https:\/\/cuernavaca.gob.mx\/index.php?rest_route=%2Fwp%2Fv2%2Ftags&post=44336"}],"curies":[{"name":"wp","href":"https:\/\/api.w.org\/{rel}","templated":true}]}}